{"id":75561,"date":"2019-08-18T22:36:24","date_gmt":"2019-08-19T01:36:24","guid":{"rendered":"https:\/\/verde-amarelo.net\/verdeamarelo\/2019\/08\/volkswagen-caminhes-e-nibus-apresenta-veculos-sob-medida-para-o-agroneg_cio\/"},"modified":"2019-08-18T22:36:24","modified_gmt":"2019-08-19T01:36:24","slug":"volkswagen-caminhes-e-nibus-apresenta-veculos-sob-medida-para-o-agroneg_cio","status":"publish","type":"post","link":"https:\/\/verde-amarelo.net\/verdeamarelo\/2019\/08\/volkswagen-caminhes-e-nibus-apresenta-veculos-sob-medida-para-o-agroneg_cio\/","title":{"rendered":"Volkswagen Caminh&otilde;es e &Ocirc;nibus apresenta ve&iacute;culos sob medida para o agroneg_cio"},"content":{"rendered":"<p>\nA Volkswagen Caminh\u00f5es e \u00d4nibus vai estar na 27\u00aa edi\u00e7\u00e3o da Fenasucro &#038; Agrocana, evento que re\u00fane toda a cadeia de produ\u00e7\u00e3o do setor de agroneg\u00f3cio em Sert\u00e3ozinho (SP), entre os dias 20 e 23 de agosto, para apresentar alguns de seus maiores sucessos para a aplica\u00e7\u00e3o.<\/p>&nbsp;&nbsp;\n<p>Modelo que chegou no mercado brasileiro este ano, o Constellation 15.190 4&#215;4 \u00e9 um sucesso. Com for\u00e7a para rodar em qualquer terreno e capacidade de vencer subidas extremas, ultrapassa qualquer barreira no fora de estrada, tem peso bruto total combinado de 27 toneladas e entrega 186 cavalos de pot\u00eancia com motor MAN D08 de quatro cilindros e reduzido peso, ideal para esse tipo de aplica\u00e7\u00e3o. Al\u00e9m disso, n\u00e3o requer utiliza\u00e7\u00e3o de Arla 32, o que simplifica sua log\u00edstica em locais sem infraestrutura de abastecimento e diminui os custos operacionais.<\/p>&nbsp;&nbsp;\n<p>Marcando presen\u00e7a na feira, o Constellation 31.280 6&#215;4 com c\u00e2mbio autom\u00e1tico est\u00e1 nos canaviais Brasil afora. Conta com transmiss\u00e3o Allison, que confere maior disponibilidade e elimina uso da embreagem. Combinada \u00e0 caixa de dire\u00e7\u00e3o hidr\u00e1ulica Knorr-Bremse com assist\u00eancia eletr\u00f4nica de \u00faltima gera\u00e7\u00e3o e sistema de aux\u00edlio de partida em rampa, aumenta a seguran\u00e7a na opera\u00e7\u00e3o. Gra\u00e7as \u00e0 tra\u00e7\u00e3o 6&#215;4, o ve\u00edculo traz alta capacidade de carga e ainda mais estabilidade.<\/p>&nbsp;&nbsp;\n<p>Tamb\u00e9m da fam\u00edlia Constellation, o 32.360 V-Tronic \u00e9 uma das apostas da VWCO. Equipado com transmiss\u00e3o automatizada e eixo traseiro com redu\u00e7\u00e3o nos cubos, oferece robustez e produtividade \u00e0s severas opera\u00e7\u00f5es deste segmento. Vem ainda com bloqueio longitudinal e transversal para o tr\u00e2nsito em terrenos dif\u00edceis al\u00e9m de auxiliar no caso de atolamentos. Este modelo atende \u00e0s opera\u00e7\u00f5es mais pesadas do campo: produ\u00e7\u00e3o, transbordo e apoio.<\/p>&nbsp;&nbsp;\n<p>O extrapesado em destaque \u00e9 o MAN TGX 29.480 6&#215;4. O motor MAN D26 de seis cilindros e 12,4 litros garante um torque de 2.400 Nm  em uma ampla faixa de rota\u00e7\u00f5es, o que proporciona maior capacidade de sustenta\u00e7\u00e3o da velocidade em rampa e menor necessidade de troca de marchas. O caminh\u00e3o tem ainda uma das maiores capacidades de tra\u00e7\u00e3o do mercado e est\u00e1 equipado com freios de servi\u00e7o a tambor nos eixos dianteiros e traseiros, seguindo a prefer\u00eancia do mercado.  Por isso, atende todos os segmentos rodovi\u00e1rios de carga que precisam de um ve\u00edculo tra\u00e7ado.<\/p>&nbsp;&nbsp;\n<p>&ldquo;Temos ve\u00edculos sob medida para todas as opera\u00e7\u00f5es do agroneg\u00f3cio. Nosso objetivo \u00e9 estar sempre junto e apoiando com caminh\u00f5es e \u00f4nibus que conferem alta produtividade e confiabilidade, al\u00e9m de baixo custo operacional e forte atendimento no p\u00f3s-vendas&rdquo;, afirma Ricardo Yada, supervisor de Marketing do Produto da VWCO.<\/p>&nbsp;&nbsp;\n<p>Para o transporte das equipes envolvidas na opera\u00e7\u00e3o, a montadora vai levar sua linha Volksbus, representada pelo micro-\u00f4nibus 8.160, que re\u00fane caracter\u00edsticas de robustez, durabilidade, seguran\u00e7a e acessibilidade. Com 7,6 metros de comprimento, o modelo tem capacidade para at\u00e9 25 lugares. \u00c9 equipado com o motor Cummins ISF de 3,8 litros e 162 cv, com tecnologia Euro 5 e quatro cilindros. Este Volksbus se destaca com um raio de giro menor que 8 metros, o que proporciona \u00e2ngulos de entrada e sa\u00edda diferenciados para a opera\u00e7\u00e3o na regi\u00e3o do campo.<\/p>&nbsp;&nbsp;\n<p>Localizada em um dos principais e mais produtivos polos do setor sucroenerg\u00e9tico no mundo, a Fenasucro &#038; Agrocana re\u00fane toda a cadeia de produ\u00e7\u00e3o do setor em um mesmo local, contemplando desde o preparo do solo, plantio, transporte at\u00e9 a industrializa\u00e7\u00e3o do produto final e sua distribui\u00e7\u00e3o.<\/p>&nbsp;&nbsp;\n","protected":false},"excerpt":{"rendered":"<p>A Volkswagen Caminh\u00f5es e \u00d4nibus vai estar na 27\u00aa edi\u00e7\u00e3o da Fenasucro &#038; Agrocana, evento&#8230;<\/p>\n","protected":false},"author":1,"featured_media":0,"comment_status":"open","ping_status":"open","sticky":false,"template":"","format":"standard","meta":{"fifu_image_url":"","fifu_image_alt":"","footnotes":""},"categories":[8427],"tags":[],"class_list":["post-75561","post","type-post","status-publish","format-standard","hentry","category-geral","wpcat-8427-id"],"_links":{"self":[{"href":"https:\/\/verde-amarelo.net\/verdeamarelo\/wp-json\/wp\/v2\/posts\/75561","targetHints":{"allow":["GET"]}}],"collection":[{"href":"https:\/\/verde-amarelo.net\/verdeamarelo\/wp-json\/wp\/v2\/posts"}],"about":[{"href":"https:\/\/verde-amarelo.net\/verdeamarelo\/wp-json\/wp\/v2\/types\/post"}],"author":[{"embeddable":true,"href":"https:\/\/verde-amarelo.net\/verdeamarelo\/wp-json\/wp\/v2\/users\/1"}],"replies":[{"embeddable":true,"href":"https:\/\/verde-amarelo.net\/verdeamarelo\/wp-json\/wp\/v2\/comments?post=75561"}],"version-history":[{"count":0,"href":"https:\/\/verde-amarelo.net\/verdeamarelo\/wp-json\/wp\/v2\/posts\/75561\/revisions"}],"wp:attachment":[{"href":"https:\/\/verde-amarelo.net\/verdeamarelo\/wp-json\/wp\/v2\/media?parent=75561"}],"wp:term":[{"taxonomy":"category","embeddable":true,"href":"https:\/\/verde-amarelo.net\/verdeamarelo\/wp-json\/wp\/v2\/categories?post=75561"},{"taxonomy":"post_tag","embeddable":true,"href":"https:\/\/verde-amarelo.net\/verdeamarelo\/wp-json\/wp\/v2\/tags?post=75561"}],"curies":[{"name":"wp","href":"https:\/\/api.w.org\/{rel}","templated":true}]}}