{"id":75566,"date":"2019-08-18T22:14:47","date_gmt":"2019-08-19T01:14:47","guid":{"rendered":"https:\/\/verde-amarelo.net\/verdeamarelo\/2019\/08\/beto-e-salu-vencem-com-casa-cheia-em-santa-cruz-do-sul\/"},"modified":"2019-08-18T22:14:47","modified_gmt":"2019-08-19T01:14:47","slug":"beto-e-salu-vencem-com-casa-cheia-em-santa-cruz-do-sul","status":"publish","type":"post","link":"https:\/\/verde-amarelo.net\/verdeamarelo\/2019\/08\/beto-e-salu-vencem-com-casa-cheia-em-santa-cruz-do-sul\/","title":{"rendered":"Beto e Salu vencem com casa cheia em Santa Cruz do Sul"},"content":{"rendered":"<p>A Copa Truck abriu neste domingo a Terceira Copa da temporada 2019 com casa cheia, tempo bom (ao contr\u00e1rio da chuva que foi prevista desde o in\u00edcio da \u00faltima semana) e vit\u00f3rias de Beto Monteiro e Paulo Salustiano no circuito de Santa Cruz do Sul (RS). Ambas as provas tiveram de tudo: falhas mec\u00e2nicas <a target=\"_blank\"  href=\"https:\/\/www.vigilanterodoviario.com.br\/retro\/\"><a href=\"https:\/\/www.vigilanterodoviario.com.br\/retro\/\" target=\"_blank\" rel=\"noopener\">cinema<\/a><\/a>togr\u00e1ficas, muitas trocas de tinta e lances que provocaram pol\u00eamicas entre os pilotos.<\/p>&nbsp;&nbsp;\n<p>Largando da pole na corrida 1, Beto foi pressionado o tempo todo por Leandro Totti e Paulo Salustiano. Por\u00e9m, com sangue frio e muita habilidade, o piloto da Volkswagen conseguiu se presentear pelo anivers\u00e1rio de 43 anos (completados neste domingo) com a quinta vit\u00f3ria na temporada em dez corridas realizadas \u2013 fazendo dele o nome a ser batido em 2019.<\/p>&nbsp;&nbsp;\n<p>\u201cRealmente sofremos um pouco no fim de semana, somamos nossa primeira pole no ano, o caminh\u00e3o se comportou muito bem nessa primeira parte da corrida. Este \u00e9 meu melhor ano profissionalmente e est\u00e1 sendo fant\u00e1stico. Busquei somar o m\u00e1ximo de pontos, mas n\u00e3o consegui render na segunda corrida. Mesmo assim, saio animado daqui\u201d, comentou o piloto pernambucano da Volkswagen.<\/p>&nbsp;&nbsp;\n<p>J\u00e1 a segunda corrida teve o piloto da casa R\u00e9gis Boessio largando na ponta por causa do grid invertido. O ga\u00facho bem que tentou, mas n\u00e3o foi p\u00e1reo para os concorrentes e foi desabando na tabela ap\u00f3s a terceira volta. Coube ent\u00e3o a Felipe Giaffone e Paulo Salustiano dominarem o espet\u00e1culo e protagonizarem o momento mais pol\u00eamico do fim de semana.<\/p>&nbsp;&nbsp;\n<p>Em uma disputa dura, com direito a um enrosco no fim da reta principal, Salustiano conseguiu efetuar a ultrapassagem ap\u00f3s os dois esparramarem para a \u00e1rea de escape da curva 1. Giaffone n\u00e3o escondeu a insatisfa\u00e7\u00e3o pelo incidente, enquanto Salustiano seguiu livre para somar seu terceiro triunfo neste ano.<\/p>&nbsp;&nbsp;\n<p>\u201cEstou emocionado e feliz com essa vit\u00f3ria. Foi uma batalha dif\u00edcil. Tentei ultrapass\u00e1-lo, tomei um toque na traseira, acabamos nos enroscando, mas deu tudo certo e a equipe est\u00e1 de parab\u00e9ns. Agora \u00e9 comemorar!\u201d, comentou Salu, que sai de Santa Cruz do Sul como maior pontuador e l\u00edder da Terceira Copa com 36 pontos, cinco a mais que Totti, quinto na prova 2.<\/p>&nbsp;&nbsp;\n<p>Agora, a Copa Truck faz um intervalo de 15 dias at\u00e9 a prova que define a Terceira Copa em Rivera, no Uruguai \u2013 \u00fanica prova internacional de 2019. Confira abaixo os resultados complets do fim de semana:<\/p>\n<p><strong>Corrida 1<\/strong><br \/>1. Beto Monteiro (Volkswagen) \u2013 11 voltas em 25min53s631<br \/>2. Leandro Totti (Mercedes-Benz) \u2013 a 2.674<br \/>3. Paulo Salustiano (Volkswagen) \u2013 a 3.850<br \/>4. Wellington Cirino (Mercedes-Benz) \u2013 a 6.020<br \/>5. Renato Martins (Volkswagen) \u2013 a 6.952<br \/>6. Andr\u00e9 Marques (Mercedes-Benz) \u2013 a 8.009<br \/>7. Felipe Giaffone (Iveco) \u2013 a 9.814<br \/>8. Regis Boessio (Volvo) \u2013 a 12.271<br \/>9. Luis Zapellini (MAN) \u2013 a 13.799<br \/>10. Jaidson Zini (Iveco) \u2013 a 15.549<br \/>11. Djalma Pivetta (Iveco) \u2013 a 16.610<br \/>12. Pedro Paulo (Mercedes-Benz) \u2013 a 18.138<br \/>13. Jos\u00e9 Augusto Dias (Volkswagen) \u2013 a 18.808<br \/>14. Danilo Alamini (Iveco) \u2013 a 39.111<br \/>15. Djalma Foga\u00e7a (Ford) \u2013 a 3 voltas<br \/>16. D\u00e9bora Rodrigues (Mercedes-Benz) \u2013 a 3 voltas<br \/>17. Clodoaldo Monteiro (MAN) \u2013 a 3 voltas<\/p>\n<p>N\u00e3o completaram 75% da prova<br \/>18. Roberval Andrade (Mercedes-Benz) \u2013 a 4 voltas<br \/>19. Witold Ramasauskas (Mercedes-Benz) \u2013 a 4 voltas<br \/>20. Adalberto Jardim (Ford) \u2013 a 6 voltas<br \/>21. Luiz Lopes (Iveco) \u2013 a 10 voltas<br \/>22. Fabio Foga\u00e7a (Ford) \u2013 n\u00e3o largou<\/p>\n<p>Melhor volta: Beto Monteiro, 1min44s481<\/p>\n<p><strong>Corrida 2<\/strong><br \/>1. Paulo Salustiano (Volkswagen) \u2013 14 voltas em 25min25s385<br \/>2. Felipe Giaffone (Iveco) \u2013 a 8.394<br \/>3. Andr\u00e9 Marques (Mercedes-Benz) \u2013 a 10.410<br \/>4. Wellington Cirino (Mercedes-Benz) \u2013 a 10.722<br \/>5. Leandro Totti (Mercedes-Benz) \u2013 a 11.036<br \/>6. Regis Boessio (Volvo) \u2013 a 12.987<br \/>7. Pedro Paulo (Mercedes-Benz) \u2013 a 13.467<br \/>8. Clodoaldo Monteiro (MAN) \u2013 a 20.805<br \/>9. Luis Zapellini (MAN) \u2013 a 22.822<br \/>10. Renato Martins (Volkswagen) \u2013 a 28.502<br \/>11. Beto Monteiro (Volkswagen) \u2013 a 31.270<br \/>12. Jos\u00e9 Augusto Dias (Volkswagen) \u2013 a 53.190<br \/>13. Djalma Pivetta (Iveco) \u2013 a 1:08.331<br \/>14. Danilo Alamini (Iveco) \u2013 a 1:34.733<\/p>\n<p>N\u00e3o completaram 75% da prova<br \/>15. Witold Ramasauskas (Mercedes-Benz) \u2013 a 5 voltas<br \/>16. Jaidson Zini (Iveco) \u2013 a 6 voltas<br \/>17. Djalma Foga\u00e7a (Ford) \u2013 a 7 voltas<br \/>18. Adalberto Jardim (Ford) \u2013 a 14 voltas<br \/>19. Roberval Andrade (Mercedes-Benz) \u2013 n\u00e3o largou<br \/>20. D\u00e9bora Rodrigues (Mercedes-Benz) \u2013 n\u00e3o largou<br \/>21. Luiz Lopes (Iveco) \u2013 n\u00e3o largou<br \/>22. F\u00e1bio Foga\u00e7a (Ford) \u2013 n\u00e3o largou<\/p>\n<p>Melhor volta: Paulo Salustiano, 1min46s815<\/p>\n<p>Classifica\u00e7\u00e3o da Terceira Copa:<\/p>\n<p>1. Paulo Salustiano, 36 pontos<br \/>2. Leandro Totti, 31<br \/>3. Felipe Giaffone, 29<br \/>4. Andr\u00e9 Marques, 28<br \/>5. Wellington Cirino, 28<br \/>6. Beto Monteiro, 27<br \/>7. Regis Boessio, 22<br \/>8. Renato Martins, 21<br \/>9. Luiz Carlos Zapelini, 18<br \/>10. Pedro Paulo, 17<br \/>11. Djalma Pivetta, 12<br \/>12. Jos\u00e9 Augusto Dias, 11<br \/>13. Jaidson Zini, 10<br \/>14. Clodoaldo Monteiro, 8<br \/>15. Danilo Alamini, 8<br \/>16. Djalma Foga\u00e7a, 5<br \/>Sem pontos: Adalberto Jardim, Witold Ramasauskas, Roberval Anrade, Luiz Lopes, D\u00e9bora Rodrigues e F\u00e1bio Foga\u00e7a.<\/p>&nbsp;&nbsp;\n","protected":false},"excerpt":{"rendered":"<p>A Copa Truck abriu neste domingo a Terceira Copa da temporada 2019 com casa cheia,&#8230;<\/p>\n","protected":false},"author":1,"featured_media":0,"comment_status":"open","ping_status":"open","sticky":false,"template":"","format":"standard","meta":{"fifu_image_url":"","fifu_image_alt":"","footnotes":""},"categories":[727],"tags":[10083],"class_list":["post-75566","post","type-post","status-publish","format-standard","hentry","category-noticias","tag-copa-trucknoticiastemporada-2019","wpcat-727-id"],"_links":{"self":[{"href":"https:\/\/verde-amarelo.net\/verdeamarelo\/wp-json\/wp\/v2\/posts\/75566","targetHints":{"allow":["GET"]}}],"collection":[{"href":"https:\/\/verde-amarelo.net\/verdeamarelo\/wp-json\/wp\/v2\/posts"}],"about":[{"href":"https:\/\/verde-amarelo.net\/verdeamarelo\/wp-json\/wp\/v2\/types\/post"}],"author":[{"embeddable":true,"href":"https:\/\/verde-amarelo.net\/verdeamarelo\/wp-json\/wp\/v2\/users\/1"}],"replies":[{"embeddable":true,"href":"https:\/\/verde-amarelo.net\/verdeamarelo\/wp-json\/wp\/v2\/comments?post=75566"}],"version-history":[{"count":0,"href":"https:\/\/verde-amarelo.net\/verdeamarelo\/wp-json\/wp\/v2\/posts\/75566\/revisions"}],"wp:attachment":[{"href":"https:\/\/verde-amarelo.net\/verdeamarelo\/wp-json\/wp\/v2\/media?parent=75566"}],"wp:term":[{"taxonomy":"category","embeddable":true,"href":"https:\/\/verde-amarelo.net\/verdeamarelo\/wp-json\/wp\/v2\/categories?post=75566"},{"taxonomy":"post_tag","embeddable":true,"href":"https:\/\/verde-amarelo.net\/verdeamarelo\/wp-json\/wp\/v2\/tags?post=75566"}],"curies":[{"name":"wp","href":"https:\/\/api.w.org\/{rel}","templated":true}]}}