{"id":75984,"date":"2019-06-04T14:33:12","date_gmt":"2019-06-04T17:33:12","guid":{"rendered":"https:\/\/verde-amarelo.net\/verdeamarelo\/2019\/06\/transposul-tera-oferta-especial-de-caminhoes-volkswagen-e-man\/"},"modified":"2019-06-04T14:33:12","modified_gmt":"2019-06-04T17:33:12","slug":"transposul-tera-oferta-especial-de-caminhoes-volkswagen-e-man","status":"publish","type":"post","link":"https:\/\/verde-amarelo.net\/verdeamarelo\/2019\/06\/transposul-tera-oferta-especial-de-caminhoes-volkswagen-e-man\/","title":{"rendered":"TranspoSul ter\u00e1 oferta especial de caminh\u00f5es Volkswagen e MAN"},"content":{"rendered":"<p><em>Visitantes poder\u00e3o conferir atributos do MAN TGX, VW Constellation e VW Delivery<\/em><\/p>\n<p>Quem est\u00e1 em busca de uma oportunidade diferenciada para adquirir seu caminh\u00e3o vai encontr\u00e1-la com a Volkswagen Caminh\u00f5es e \u00d4nibus na TranspoSul, de 5 a 7 de junho, em Bento Gon\u00e7alves (RS). A montadora dos ve\u00edculos comerciais VW e MAN vai oferecer condi\u00e7\u00f5es comerciais especiais para os neg\u00f3cios com inten\u00e7\u00f5es fechadas na feira, incrementando ainda mais a oferta da VWCO.<\/p>&nbsp;&nbsp;\n<p>\u201cTemos um pacote completo de solu\u00e7\u00f5es para que o cliente possa se concentrar em seu neg\u00f3cio e otimizar seus resultados. Nossos modelos conferem alta produtividade e confiabilidade, com baixo custo operacional, que se somam ao forte atendimento no p\u00f3s-vendas com op\u00e7\u00f5es sob medida de contratos de manuten\u00e7\u00e3o, diferentes linhas de pe\u00e7as de reposi\u00e7\u00e3o e uma rede de concession\u00e1rias altamente qualificada\u201d, pontua S\u00e9rgio Pugliese, gerente executivo de Vendas da VWCO na regi\u00e3o.<\/p>&nbsp;&nbsp;\n<p>Focado nos principais aplica\u00e7\u00f5es do sul do pa\u00eds, o destaque ser\u00e1 o extrapesado MAN TGX 29.480. Al\u00e9m de estar em exposi\u00e7\u00e3o, haver\u00e1 test drive para que os visitantes da feira experimentem a pot\u00eancia e o torque extra, aliado ao conforto proporcionado pela cabine, que esse caminh\u00e3o entrega para a opera\u00e7\u00e3o.<\/p>&nbsp;&nbsp;\n<p>No portf\u00f3lio dos pesados, quem vai comprovar a robustez da Volkswagen ser\u00e1 o Constellation 30.330. No comparativo com seus principais concorrentes, o modelo oferece pot\u00eancia e torque, em m\u00e9dia, 15% superiores, com um peso bruto total (PBT) de 29 toneladas.<\/p>&nbsp;&nbsp;\n<p>Tamb\u00e9m vai marcar presen\u00e7a na feira a fam\u00edlia Delivery, projetada e desenvolvida para definir um novo patamar no atendimento \u00e0s necessidades do cliente. L\u00edder em seu segmento, o Delivery Express vai ser o representante dos mais leves da VW. Destaca-se por oferecer agilidade em manobras e, ao mesmo tempo, robustez a toda prova, caracter\u00edstica reconhecida na marca.<\/p>&nbsp;&nbsp;\n<p>\u201cNosso objetivo \u00e9 estar sempre junto e apoiando os transportadores do Rio Grande do Sul, mostrando a qualidade dos nossos caminh\u00f5es, o baixo custo operacional e todas inova\u00e7\u00f5es que t\u00e9cnicas que possibilitam maior produtividade nas opera\u00e7\u00f5es de nossos clientes\u201d, destaca Luis Vilagran, consultor comercial da Volkswagen Caminh\u00f5es e \u00d4nibus.<\/p>&nbsp;&nbsp;\n<p><a href=\"https:\/\/www.truckbrasil.com.br\/wp\/wp-content\/uploads\/2019\/10\/transposul-tera-oferta-especial-de-caminhoes-volkswagen-e-man.jpg\"><img decoding=\"async\" src=\"data:image\/gif;base64,R0lGODlhAQABAIAAAAAAAP\/\/\/ywAAAAAAQABAAACAUwAOw==\" fifu-lazy=\"1\" fifu-data-sizes=\"auto\" fifu-data-srcset=\"https:\/\/i3.wp.com\/www.truckbrasil.com.br\/wp\/wp-content\/uploads\/2019\/10\/transposul-tera-oferta-especial-de-caminhoes-volkswagen-e-man.jpg?ssl=1&w=75&resize=75&ssl=1 75w, https:\/\/i3.wp.com\/www.truckbrasil.com.br\/wp\/wp-content\/uploads\/2019\/10\/transposul-tera-oferta-especial-de-caminhoes-volkswagen-e-man.jpg?ssl=1&w=100&resize=100&ssl=1 100w, https:\/\/i3.wp.com\/www.truckbrasil.com.br\/wp\/wp-content\/uploads\/2019\/10\/transposul-tera-oferta-especial-de-caminhoes-volkswagen-e-man.jpg?ssl=1&w=150&resize=150&ssl=1 150w, https:\/\/i3.wp.com\/www.truckbrasil.com.br\/wp\/wp-content\/uploads\/2019\/10\/transposul-tera-oferta-especial-de-caminhoes-volkswagen-e-man.jpg?ssl=1&w=240&resize=240&ssl=1 240w, https:\/\/i3.wp.com\/www.truckbrasil.com.br\/wp\/wp-content\/uploads\/2019\/10\/transposul-tera-oferta-especial-de-caminhoes-volkswagen-e-man.jpg?ssl=1&w=320&resize=320&ssl=1 320w, https:\/\/i3.wp.com\/www.truckbrasil.com.br\/wp\/wp-content\/uploads\/2019\/10\/transposul-tera-oferta-especial-de-caminhoes-volkswagen-e-man.jpg?ssl=1&w=500&resize=500&ssl=1 500w, https:\/\/i3.wp.com\/www.truckbrasil.com.br\/wp\/wp-content\/uploads\/2019\/10\/transposul-tera-oferta-especial-de-caminhoes-volkswagen-e-man.jpg?ssl=1&w=640&resize=640&ssl=1 640w, https:\/\/i3.wp.com\/www.truckbrasil.com.br\/wp\/wp-content\/uploads\/2019\/10\/transposul-tera-oferta-especial-de-caminhoes-volkswagen-e-man.jpg?ssl=1&w=800&resize=800&ssl=1 800w, https:\/\/i3.wp.com\/www.truckbrasil.com.br\/wp\/wp-content\/uploads\/2019\/10\/transposul-tera-oferta-especial-de-caminhoes-volkswagen-e-man.jpg?ssl=1&w=1024&resize=1024&ssl=1 1024w, https:\/\/i3.wp.com\/www.truckbrasil.com.br\/wp\/wp-content\/uploads\/2019\/10\/transposul-tera-oferta-especial-de-caminhoes-volkswagen-e-man.jpg?ssl=1&w=1280&resize=1280&ssl=1 1280w, https:\/\/i3.wp.com\/www.truckbrasil.com.br\/wp\/wp-content\/uploads\/2019\/10\/transposul-tera-oferta-especial-de-caminhoes-volkswagen-e-man.jpg?ssl=1&w=1600&resize=1600&ssl=1 1600w\" alt fifu-data-src=\"https:\/\/i3.wp.com\/www.truckbrasil.com.br\/wp\/wp-content\/uploads\/2019\/10\/transposul-tera-oferta-especial-de-caminhoes-volkswagen-e-man.jpg?ssl=1\"><\/a><\/p>\n<p><a href=\"https:\/\/www.truckbrasil.com.br\/wp\/wp-content\/uploads\/2019\/10\/transposul-tera-oferta-especial-de-caminhoes-volkswagen-e-man-1.jpg\"><img decoding=\"async\" src=\"data:image\/gif;base64,R0lGODlhAQABAIAAAAAAAP\/\/\/ywAAAAAAQABAAACAUwAOw==\" fifu-lazy=\"1\" fifu-data-sizes=\"auto\" fifu-data-srcset=\"https:\/\/i3.wp.com\/www.truckbrasil.com.br\/wp\/wp-content\/uploads\/2019\/10\/transposul-tera-oferta-especial-de-caminhoes-volkswagen-e-man-1.jpg?ssl=1&w=75&resize=75&ssl=1 75w, https:\/\/i3.wp.com\/www.truckbrasil.com.br\/wp\/wp-content\/uploads\/2019\/10\/transposul-tera-oferta-especial-de-caminhoes-volkswagen-e-man-1.jpg?ssl=1&w=100&resize=100&ssl=1 100w, https:\/\/i3.wp.com\/www.truckbrasil.com.br\/wp\/wp-content\/uploads\/2019\/10\/transposul-tera-oferta-especial-de-caminhoes-volkswagen-e-man-1.jpg?ssl=1&w=150&resize=150&ssl=1 150w, https:\/\/i3.wp.com\/www.truckbrasil.com.br\/wp\/wp-content\/uploads\/2019\/10\/transposul-tera-oferta-especial-de-caminhoes-volkswagen-e-man-1.jpg?ssl=1&w=240&resize=240&ssl=1 240w, https:\/\/i3.wp.com\/www.truckbrasil.com.br\/wp\/wp-content\/uploads\/2019\/10\/transposul-tera-oferta-especial-de-caminhoes-volkswagen-e-man-1.jpg?ssl=1&w=320&resize=320&ssl=1 320w, https:\/\/i3.wp.com\/www.truckbrasil.com.br\/wp\/wp-content\/uploads\/2019\/10\/transposul-tera-oferta-especial-de-caminhoes-volkswagen-e-man-1.jpg?ssl=1&w=500&resize=500&ssl=1 500w, https:\/\/i3.wp.com\/www.truckbrasil.com.br\/wp\/wp-content\/uploads\/2019\/10\/transposul-tera-oferta-especial-de-caminhoes-volkswagen-e-man-1.jpg?ssl=1&w=640&resize=640&ssl=1 640w, https:\/\/i3.wp.com\/www.truckbrasil.com.br\/wp\/wp-content\/uploads\/2019\/10\/transposul-tera-oferta-especial-de-caminhoes-volkswagen-e-man-1.jpg?ssl=1&w=800&resize=800&ssl=1 800w, https:\/\/i3.wp.com\/www.truckbrasil.com.br\/wp\/wp-content\/uploads\/2019\/10\/transposul-tera-oferta-especial-de-caminhoes-volkswagen-e-man-1.jpg?ssl=1&w=1024&resize=1024&ssl=1 1024w, https:\/\/i3.wp.com\/www.truckbrasil.com.br\/wp\/wp-content\/uploads\/2019\/10\/transposul-tera-oferta-especial-de-caminhoes-volkswagen-e-man-1.jpg?ssl=1&w=1280&resize=1280&ssl=1 1280w, https:\/\/i3.wp.com\/www.truckbrasil.com.br\/wp\/wp-content\/uploads\/2019\/10\/transposul-tera-oferta-especial-de-caminhoes-volkswagen-e-man-1.jpg?ssl=1&w=1600&resize=1600&ssl=1 1600w\" alt fifu-data-src=\"https:\/\/i3.wp.com\/www.truckbrasil.com.br\/wp\/wp-content\/uploads\/2019\/10\/transposul-tera-oferta-especial-de-caminhoes-volkswagen-e-man-1.jpg?ssl=1\"><\/a> <a href=\"https:\/\/www.truckbrasil.com.br\/wp\/wp-content\/uploads\/2019\/10\/transposul-tera-oferta-especial-de-caminhoes-volkswagen-e-man-2.jpg\"><img decoding=\"async\" src=\"data:image\/gif;base64,R0lGODlhAQABAIAAAAAAAP\/\/\/ywAAAAAAQABAAACAUwAOw==\" fifu-lazy=\"1\" fifu-data-sizes=\"auto\" fifu-data-srcset=\"https:\/\/i3.wp.com\/www.truckbrasil.com.br\/wp\/wp-content\/uploads\/2019\/10\/transposul-tera-oferta-especial-de-caminhoes-volkswagen-e-man-2.jpg?ssl=1&w=75&resize=75&ssl=1 75w, https:\/\/i3.wp.com\/www.truckbrasil.com.br\/wp\/wp-content\/uploads\/2019\/10\/transposul-tera-oferta-especial-de-caminhoes-volkswagen-e-man-2.jpg?ssl=1&w=100&resize=100&ssl=1 100w, https:\/\/i3.wp.com\/www.truckbrasil.com.br\/wp\/wp-content\/uploads\/2019\/10\/transposul-tera-oferta-especial-de-caminhoes-volkswagen-e-man-2.jpg?ssl=1&w=150&resize=150&ssl=1 150w, https:\/\/i3.wp.com\/www.truckbrasil.com.br\/wp\/wp-content\/uploads\/2019\/10\/transposul-tera-oferta-especial-de-caminhoes-volkswagen-e-man-2.jpg?ssl=1&w=240&resize=240&ssl=1 240w, https:\/\/i3.wp.com\/www.truckbrasil.com.br\/wp\/wp-content\/uploads\/2019\/10\/transposul-tera-oferta-especial-de-caminhoes-volkswagen-e-man-2.jpg?ssl=1&w=320&resize=320&ssl=1 320w, https:\/\/i3.wp.com\/www.truckbrasil.com.br\/wp\/wp-content\/uploads\/2019\/10\/transposul-tera-oferta-especial-de-caminhoes-volkswagen-e-man-2.jpg?ssl=1&w=500&resize=500&ssl=1 500w, https:\/\/i3.wp.com\/www.truckbrasil.com.br\/wp\/wp-content\/uploads\/2019\/10\/transposul-tera-oferta-especial-de-caminhoes-volkswagen-e-man-2.jpg?ssl=1&w=640&resize=640&ssl=1 640w, https:\/\/i3.wp.com\/www.truckbrasil.com.br\/wp\/wp-content\/uploads\/2019\/10\/transposul-tera-oferta-especial-de-caminhoes-volkswagen-e-man-2.jpg?ssl=1&w=800&resize=800&ssl=1 800w, https:\/\/i3.wp.com\/www.truckbrasil.com.br\/wp\/wp-content\/uploads\/2019\/10\/transposul-tera-oferta-especial-de-caminhoes-volkswagen-e-man-2.jpg?ssl=1&w=1024&resize=1024&ssl=1 1024w, https:\/\/i3.wp.com\/www.truckbrasil.com.br\/wp\/wp-content\/uploads\/2019\/10\/transposul-tera-oferta-especial-de-caminhoes-volkswagen-e-man-2.jpg?ssl=1&w=1280&resize=1280&ssl=1 1280w, https:\/\/i3.wp.com\/www.truckbrasil.com.br\/wp\/wp-content\/uploads\/2019\/10\/transposul-tera-oferta-especial-de-caminhoes-volkswagen-e-man-2.jpg?ssl=1&w=1600&resize=1600&ssl=1 1600w\" alt fifu-data-src=\"https:\/\/i3.wp.com\/www.truckbrasil.com.br\/wp\/wp-content\/uploads\/2019\/10\/transposul-tera-oferta-especial-de-caminhoes-volkswagen-e-man-2.jpg?ssl=1\"><\/a><\/p>\n","protected":false},"excerpt":{"rendered":"<p>Visitantes poder\u00e3o conferir atributos do MAN TGX, VW Constellation e VW Delivery Quem est\u00e1 em&#8230;<\/p>\n","protected":false},"author":1,"featured_media":0,"comment_status":"open","ping_status":"open","sticky":false,"template":"","format":"standard","meta":{"fifu_image_url":"","fifu_image_alt":"","footnotes":""},"categories":[727],"tags":[],"class_list":["post-75984","post","type-post","status-publish","format-standard","hentry","category-noticias","wpcat-727-id"],"_links":{"self":[{"href":"https:\/\/verde-amarelo.net\/verdeamarelo\/wp-json\/wp\/v2\/posts\/75984","targetHints":{"allow":["GET"]}}],"collection":[{"href":"https:\/\/verde-amarelo.net\/verdeamarelo\/wp-json\/wp\/v2\/posts"}],"about":[{"href":"https:\/\/verde-amarelo.net\/verdeamarelo\/wp-json\/wp\/v2\/types\/post"}],"author":[{"embeddable":true,"href":"https:\/\/verde-amarelo.net\/verdeamarelo\/wp-json\/wp\/v2\/users\/1"}],"replies":[{"embeddable":true,"href":"https:\/\/verde-amarelo.net\/verdeamarelo\/wp-json\/wp\/v2\/comments?post=75984"}],"version-history":[{"count":0,"href":"https:\/\/verde-amarelo.net\/verdeamarelo\/wp-json\/wp\/v2\/posts\/75984\/revisions"}],"wp:attachment":[{"href":"https:\/\/verde-amarelo.net\/verdeamarelo\/wp-json\/wp\/v2\/media?parent=75984"}],"wp:term":[{"taxonomy":"category","embeddable":true,"href":"https:\/\/verde-amarelo.net\/verdeamarelo\/wp-json\/wp\/v2\/categories?post=75984"},{"taxonomy":"post_tag","embeddable":true,"href":"https:\/\/verde-amarelo.net\/verdeamarelo\/wp-json\/wp\/v2\/tags?post=75984"}],"curies":[{"name":"wp","href":"https:\/\/api.w.org\/{rel}","templated":true}]}}