{"id":75998,"date":"2019-04-30T14:07:33","date_gmt":"2019-04-30T17:07:33","guid":{"rendered":"https:\/\/verde-amarelo.net\/verdeamarelo\/2019\/04\/volkswagen-caminhoes-e-onibus-da-a-largada-em-mais-um-ano-de-estacao-ceasa-2019\/"},"modified":"2019-04-30T14:07:33","modified_gmt":"2019-04-30T17:07:33","slug":"volkswagen-caminhoes-e-onibus-da-a-largada-em-mais-um-ano-de-estacao-ceasa-2019","status":"publish","type":"post","link":"https:\/\/verde-amarelo.net\/verdeamarelo\/2019\/04\/volkswagen-caminhoes-e-onibus-da-a-largada-em-mais-um-ano-de-estacao-ceasa-2019\/","title":{"rendered":"Volkswagen Caminh\u00f5es e \u00d4nibus d\u00e1 a largada em mais um ano de Esta\u00e7\u00e3o Ceasa 2019"},"content":{"rendered":"<p>A Volkswagen Caminh\u00f5es e \u00d4nibus mant\u00e9m sua largada anual na participa\u00e7\u00e3o do Esta\u00e7\u00e3o Ceasa 2019. O projeto, exclusivo da VWCO, visita diversos entrepostos de distribui\u00e7\u00e3o de alimentos no Brasil, para oferecer a melhor solu\u00e7\u00e3o para quem atua no transporte de hortifrutigranjeiros, a um custo muito competitivo.<\/p>&nbsp;&nbsp;\n<p>Este ano a montadora passar\u00e1 por 14 etapas e a primeira ocorreu em Londrina (PR) do dia 23 a 25 de abril. Ao todo 11 estados brasileiros ser\u00e3o visitados. Em cada etapa ocorrer\u00e3o tr\u00eas dias de programa\u00e7\u00e3o para atender ao p\u00fablico da Esta\u00e7\u00e3o Ceasa, seguindo a agenda de cada local.<\/p>&nbsp;&nbsp;\n<p>Uma estrutura estar\u00e1 presente em todas as etapas para os interessados terem um atendimento personalizado com os representantes da \u00e1rea de Vendas da fabricante e da rede de concession\u00e1rias. Al\u00e9m disso, os estados visitados ter\u00e3o test-drive do VW Delivery 9.170.<\/p>&nbsp;&nbsp;\n<p>\u201cEstamos mais um ano levando nossas melhores solu\u00e7\u00f5es para a Esta\u00e7\u00e3o Ceasa. Nosso portf\u00f3lio apresenta diversas configura\u00e7\u00f5es para satisfazer a necessidade mais espec\u00edfica dos profissionais que atuam nessas centrais de abastecimento. Como sempre, produtores, distribuidores, transportadores, atacadistas e varejistas v\u00e3o encontrar nossas ofertas de caminh\u00f5es sob medida para sua aplica\u00e7\u00e3o com excelente rela\u00e7\u00e3o custo-benef\u00edcio e poder\u00e3o contar com diversas ferramentas para agilizar o neg\u00f3cio\u201d, afirma Ricardo Alouche, vice-presidente de Vendas, Marketing e P\u00f3s-Vendas da Volkswagen Caminh\u00f5es e \u00d4nibus.<\/p>&nbsp;&nbsp;\n<p><strong>VW Delivery 9.170: l\u00edder entre os leves<\/strong><br \/>A lista dos caminh\u00f5es mais vendidos em 2018 nos mercados dos semileves e leves tem algo em comum: a presen\u00e7a do Delivery, um grande sucesso da VWCO. S\u00e3o tr\u00eas vers\u00f5es do caminh\u00e3o entre os dez mais licenciados dos semileves \u2013 PBT de 3.501 Kg a menos de 6 ton. \u2013 e quatro entre os leves, que s\u00e3o aqueles com PBT homologado entre 6 e 10 toneladas. Entre os destaques, o Delivery 9.170, l\u00edder entre os caminh\u00f5es leves, com mais de 2000 unidades emplacadas em 2018.<\/p>&nbsp;&nbsp;\n<p>O VW Delivery 9.170 foi desenvolvido com os mais inovadores materiais e o resultado \u00e9 um modelo altamente sustent\u00e1vel, com redu\u00e7\u00e3o de peso da ordem de 10% na compara\u00e7\u00e3o com seu antecessor e, consequentemente, maior economia de combust\u00edvel, menos emiss\u00f5es e maior capacidade de carga. Seu motor \u00e9 o Cummins ISF de 3,8 litros e tecnologia SCR, com robustez ideal para cada aplica\u00e7\u00e3o comprovado por seu antecessor, torque m\u00e1ximo de 600 Nm e 165 cv de pot\u00eancia. A transmiss\u00e3o manual \u00e9 a Eaton ESO-6106, com seis velocidades, e o modelo contar\u00e1 ainda com uma op\u00e7\u00e3o de transmiss\u00e3o automatizada.<\/p>&nbsp;&nbsp;\n<p><a href=\"https:\/\/www.truckbrasil.com.br\/wp\/wp-content\/uploads\/2019\/10\/volkswagen-caminhoes-e-onibus-da-a-largada-em-mais-um-ano-de-estacao-ceasa-2019.jpg\"><img decoding=\"async\" src=\"data:image\/gif;base64,R0lGODlhAQABAIAAAAAAAP\/\/\/ywAAAAAAQABAAACAUwAOw==\" fifu-lazy=\"1\" fifu-data-sizes=\"auto\" fifu-data-srcset=\"https:\/\/i1.wp.com\/www.truckbrasil.com.br\/wp\/wp-content\/uploads\/2019\/10\/volkswagen-caminhoes-e-onibus-da-a-largada-em-mais-um-ano-de-estacao-ceasa-2019.jpg?ssl=1&w=75&resize=75&ssl=1 75w, https:\/\/i1.wp.com\/www.truckbrasil.com.br\/wp\/wp-content\/uploads\/2019\/10\/volkswagen-caminhoes-e-onibus-da-a-largada-em-mais-um-ano-de-estacao-ceasa-2019.jpg?ssl=1&w=100&resize=100&ssl=1 100w, https:\/\/i1.wp.com\/www.truckbrasil.com.br\/wp\/wp-content\/uploads\/2019\/10\/volkswagen-caminhoes-e-onibus-da-a-largada-em-mais-um-ano-de-estacao-ceasa-2019.jpg?ssl=1&w=150&resize=150&ssl=1 150w, https:\/\/i1.wp.com\/www.truckbrasil.com.br\/wp\/wp-content\/uploads\/2019\/10\/volkswagen-caminhoes-e-onibus-da-a-largada-em-mais-um-ano-de-estacao-ceasa-2019.jpg?ssl=1&w=240&resize=240&ssl=1 240w, https:\/\/i1.wp.com\/www.truckbrasil.com.br\/wp\/wp-content\/uploads\/2019\/10\/volkswagen-caminhoes-e-onibus-da-a-largada-em-mais-um-ano-de-estacao-ceasa-2019.jpg?ssl=1&w=320&resize=320&ssl=1 320w, https:\/\/i1.wp.com\/www.truckbrasil.com.br\/wp\/wp-content\/uploads\/2019\/10\/volkswagen-caminhoes-e-onibus-da-a-largada-em-mais-um-ano-de-estacao-ceasa-2019.jpg?ssl=1&w=500&resize=500&ssl=1 500w, https:\/\/i1.wp.com\/www.truckbrasil.com.br\/wp\/wp-content\/uploads\/2019\/10\/volkswagen-caminhoes-e-onibus-da-a-largada-em-mais-um-ano-de-estacao-ceasa-2019.jpg?ssl=1&w=640&resize=640&ssl=1 640w, https:\/\/i1.wp.com\/www.truckbrasil.com.br\/wp\/wp-content\/uploads\/2019\/10\/volkswagen-caminhoes-e-onibus-da-a-largada-em-mais-um-ano-de-estacao-ceasa-2019.jpg?ssl=1&w=800&resize=800&ssl=1 800w, https:\/\/i1.wp.com\/www.truckbrasil.com.br\/wp\/wp-content\/uploads\/2019\/10\/volkswagen-caminhoes-e-onibus-da-a-largada-em-mais-um-ano-de-estacao-ceasa-2019.jpg?ssl=1&w=1024&resize=1024&ssl=1 1024w, https:\/\/i1.wp.com\/www.truckbrasil.com.br\/wp\/wp-content\/uploads\/2019\/10\/volkswagen-caminhoes-e-onibus-da-a-largada-em-mais-um-ano-de-estacao-ceasa-2019.jpg?ssl=1&w=1280&resize=1280&ssl=1 1280w, https:\/\/i1.wp.com\/www.truckbrasil.com.br\/wp\/wp-content\/uploads\/2019\/10\/volkswagen-caminhoes-e-onibus-da-a-largada-em-mais-um-ano-de-estacao-ceasa-2019.jpg?ssl=1&w=1600&resize=1600&ssl=1 1600w\" alt fifu-data-src=\"https:\/\/i1.wp.com\/www.truckbrasil.com.br\/wp\/wp-content\/uploads\/2019\/10\/volkswagen-caminhoes-e-onibus-da-a-largada-em-mais-um-ano-de-estacao-ceasa-2019.jpg?ssl=1\"><\/a><\/p>\n<p><a href=\"https:\/\/www.truckbrasil.com.br\/wp\/wp-content\/uploads\/2019\/10\/volkswagen-caminhoes-e-onibus-da-a-largada-em-mais-um-ano-de-estacao-ceasa-2019-1.jpg\"><img decoding=\"async\" src=\"data:image\/gif;base64,R0lGODlhAQABAIAAAAAAAP\/\/\/ywAAAAAAQABAAACAUwAOw==\" fifu-lazy=\"1\" fifu-data-sizes=\"auto\" fifu-data-srcset=\"https:\/\/i3.wp.com\/www.truckbrasil.com.br\/wp\/wp-content\/uploads\/2019\/10\/volkswagen-caminhoes-e-onibus-da-a-largada-em-mais-um-ano-de-estacao-ceasa-2019-1.jpg?ssl=1&w=75&resize=75&ssl=1 75w, https:\/\/i3.wp.com\/www.truckbrasil.com.br\/wp\/wp-content\/uploads\/2019\/10\/volkswagen-caminhoes-e-onibus-da-a-largada-em-mais-um-ano-de-estacao-ceasa-2019-1.jpg?ssl=1&w=100&resize=100&ssl=1 100w, https:\/\/i3.wp.com\/www.truckbrasil.com.br\/wp\/wp-content\/uploads\/2019\/10\/volkswagen-caminhoes-e-onibus-da-a-largada-em-mais-um-ano-de-estacao-ceasa-2019-1.jpg?ssl=1&w=150&resize=150&ssl=1 150w, https:\/\/i3.wp.com\/www.truckbrasil.com.br\/wp\/wp-content\/uploads\/2019\/10\/volkswagen-caminhoes-e-onibus-da-a-largada-em-mais-um-ano-de-estacao-ceasa-2019-1.jpg?ssl=1&w=240&resize=240&ssl=1 240w, https:\/\/i3.wp.com\/www.truckbrasil.com.br\/wp\/wp-content\/uploads\/2019\/10\/volkswagen-caminhoes-e-onibus-da-a-largada-em-mais-um-ano-de-estacao-ceasa-2019-1.jpg?ssl=1&w=320&resize=320&ssl=1 320w, https:\/\/i3.wp.com\/www.truckbrasil.com.br\/wp\/wp-content\/uploads\/2019\/10\/volkswagen-caminhoes-e-onibus-da-a-largada-em-mais-um-ano-de-estacao-ceasa-2019-1.jpg?ssl=1&w=500&resize=500&ssl=1 500w, https:\/\/i3.wp.com\/www.truckbrasil.com.br\/wp\/wp-content\/uploads\/2019\/10\/volkswagen-caminhoes-e-onibus-da-a-largada-em-mais-um-ano-de-estacao-ceasa-2019-1.jpg?ssl=1&w=640&resize=640&ssl=1 640w, https:\/\/i3.wp.com\/www.truckbrasil.com.br\/wp\/wp-content\/uploads\/2019\/10\/volkswagen-caminhoes-e-onibus-da-a-largada-em-mais-um-ano-de-estacao-ceasa-2019-1.jpg?ssl=1&w=800&resize=800&ssl=1 800w, https:\/\/i3.wp.com\/www.truckbrasil.com.br\/wp\/wp-content\/uploads\/2019\/10\/volkswagen-caminhoes-e-onibus-da-a-largada-em-mais-um-ano-de-estacao-ceasa-2019-1.jpg?ssl=1&w=1024&resize=1024&ssl=1 1024w, https:\/\/i3.wp.com\/www.truckbrasil.com.br\/wp\/wp-content\/uploads\/2019\/10\/volkswagen-caminhoes-e-onibus-da-a-largada-em-mais-um-ano-de-estacao-ceasa-2019-1.jpg?ssl=1&w=1280&resize=1280&ssl=1 1280w, https:\/\/i3.wp.com\/www.truckbrasil.com.br\/wp\/wp-content\/uploads\/2019\/10\/volkswagen-caminhoes-e-onibus-da-a-largada-em-mais-um-ano-de-estacao-ceasa-2019-1.jpg?ssl=1&w=1600&resize=1600&ssl=1 1600w\" alt fifu-data-src=\"https:\/\/i3.wp.com\/www.truckbrasil.com.br\/wp\/wp-content\/uploads\/2019\/10\/volkswagen-caminhoes-e-onibus-da-a-largada-em-mais-um-ano-de-estacao-ceasa-2019-1.jpg?ssl=1\"><\/a><\/p>\n","protected":false},"excerpt":{"rendered":"<p>A Volkswagen Caminh\u00f5es e \u00d4nibus mant\u00e9m sua largada anual na participa\u00e7\u00e3o do Esta\u00e7\u00e3o Ceasa 2019&#8230;.<\/p>\n","protected":false},"author":1,"featured_media":0,"comment_status":"open","ping_status":"open","sticky":false,"template":"","format":"standard","meta":{"fifu_image_url":"","fifu_image_alt":"","footnotes":""},"categories":[727],"tags":[],"class_list":["post-75998","post","type-post","status-publish","format-standard","hentry","category-noticias","wpcat-727-id"],"_links":{"self":[{"href":"https:\/\/verde-amarelo.net\/verdeamarelo\/wp-json\/wp\/v2\/posts\/75998","targetHints":{"allow":["GET"]}}],"collection":[{"href":"https:\/\/verde-amarelo.net\/verdeamarelo\/wp-json\/wp\/v2\/posts"}],"about":[{"href":"https:\/\/verde-amarelo.net\/verdeamarelo\/wp-json\/wp\/v2\/types\/post"}],"author":[{"embeddable":true,"href":"https:\/\/verde-amarelo.net\/verdeamarelo\/wp-json\/wp\/v2\/users\/1"}],"replies":[{"embeddable":true,"href":"https:\/\/verde-amarelo.net\/verdeamarelo\/wp-json\/wp\/v2\/comments?post=75998"}],"version-history":[{"count":0,"href":"https:\/\/verde-amarelo.net\/verdeamarelo\/wp-json\/wp\/v2\/posts\/75998\/revisions"}],"wp:attachment":[{"href":"https:\/\/verde-amarelo.net\/verdeamarelo\/wp-json\/wp\/v2\/media?parent=75998"}],"wp:term":[{"taxonomy":"category","embeddable":true,"href":"https:\/\/verde-amarelo.net\/verdeamarelo\/wp-json\/wp\/v2\/categories?post=75998"},{"taxonomy":"post_tag","embeddable":true,"href":"https:\/\/verde-amarelo.net\/verdeamarelo\/wp-json\/wp\/v2\/tags?post=75998"}],"curies":[{"name":"wp","href":"https:\/\/api.w.org\/{rel}","templated":true}]}}