{"id":76007,"date":"2019-04-25T14:34:51","date_gmt":"2019-04-25T17:34:51","guid":{"rendered":"https:\/\/verde-amarelo.net\/verdeamarelo\/2019\/04\/um-dos-maiores-grupos-atacadistas-do-brasil-adquire-75-caminhoes-volkswagen\/"},"modified":"2019-04-25T14:34:51","modified_gmt":"2019-04-25T17:34:51","slug":"um-dos-maiores-grupos-atacadistas-do-brasil-adquire-75-caminhoes-volkswagen","status":"publish","type":"post","link":"https:\/\/verde-amarelo.net\/verdeamarelo\/2019\/04\/um-dos-maiores-grupos-atacadistas-do-brasil-adquire-75-caminhoes-volkswagen\/","title":{"rendered":"Um dos maiores grupos atacadistas do Brasil adquire 75 caminh\u00f5es Volkswagen"},"content":{"rendered":"<p>As empresas Real Distribuidora e JC Distribuidora, que pertencem a um dos maiores grupos atacadistas do Brasil, localizado em Goi\u00e2nia (GO), acaba de adquirir 75 caminh\u00f5es VW para compor sua frota. Os clientes s\u00e3o parceiros da marca h\u00e1 mais de 20 anos e possui mais de 70% de sua frota de ve\u00edculos VWCO. Fazem parte do grupo as empresas: JC Distribuidora, Real Distribuidora, Multicanal Distribuidora, Norte Sul Real Distribuidora e Destaque do Norte.<\/p>&nbsp;&nbsp;\n<p>Jos\u00e9 Carlos Vieira Silva \u00e9 s\u00f3cio propriet\u00e1rio do grupo e h\u00e1 mais de duas d\u00e9cadas confia suas opera\u00e7\u00f5es \u00e0 marca Volkswagen Caminh\u00f5es e \u00d4nibus: \u201cAl\u00e9m do bom relacionamento que temos com o concession\u00e1rio e a marca, os caminh\u00f5es VW nos oferecem baixo custo de manuten\u00e7\u00e3o e maior valor de revenda\u201d, comenta o s\u00f3cio propriet\u00e1rio.<\/p>&nbsp;&nbsp;\n<p>Entre os modelos adquiridos est\u00e3o o Constellation 19.360, Constellation 24.280, Constellation 13.190 e o Delivery 9.170, todos para o segmento de distribui\u00e7\u00e3o. Os ve\u00edculos foram entregues pelo concession\u00e1rio Belcar Caminh\u00f5es (GO).<\/p>&nbsp;&nbsp;\n<p>\u201cAl\u00e9m do bom relacionamento comercial com o Grupo JC, existe uma rela\u00e7\u00e3o de confian\u00e7a entre n\u00f3s e o cliente. O Grupo JC confia nos produtos VWCO e no nosso atendimento de p\u00f3s-vendas. Com essa parceria, o cliente renova constantemente sua frota, contando ainda, com um \u00f3timo valor de revenda dos ve\u00edculos VWCO\u201d, explica Franco Gedda, diretor Comercial da Belcar Caminh\u00f5es.<\/p>&nbsp;&nbsp;\n<p>Os ve\u00edculos circular\u00e3o em m\u00e9dia 1 milh\u00e3o e 860 mil km\/m\u00eas para a distribui\u00e7\u00e3o atacadista entre os estados de Goi\u00e1s, Distrito Federal, Tocantins, Mina Gerais e Sul do Par\u00e1.<\/p>&nbsp;&nbsp;\n<p>\u201c\u00c9 uma honra para a Volkswagen Caminh\u00f5es e \u00d4nibus manter um parceria de longa data como essa. Estamos sempre trabalhando para melhorar nossos produtos e servi\u00e7os e essa \u00e9 prova que estamos conseguindo alcan\u00e7ar as necessidades dos nossos clientes ao longo dos anos\u201d, comenta Ricardo Alouche, vice-presidente de Vendas, Marketing e P\u00f3s-Vendas da Volkswagen Caminh\u00f5es e \u00d4nibus.<\/p>&nbsp;&nbsp;\n<p><strong>Lideran\u00e7a dos leves aos semipesados<\/strong><\/p>\n<p>A prefer\u00eancia pelos caminh\u00f5es m\u00e9dios da VW no mercado brasileiro reflete-se no ranking de vendas totais de 2018: com 60% dos emplacamentos, a empresa \u00e9 l\u00edder na fatia de 10 a 15 toneladas, com 4.678 modelos vendidos de acordo com n\u00fameros da Anfavea, associa\u00e7\u00e3o que representa as empresas da ind\u00fastria automotiva brasileira. Enquanto as vendas totais cresceram 72,7%, os caminh\u00f5es VW tiveram alta de mais de 140% no segmento.<\/p>&nbsp;&nbsp;\n<p>Tamb\u00e9m nas fatias de leves e semipesados os caminh\u00f5es VW estiveram no topo de vendas no ano passado, com respectivamente 36% e 38% do mercado de acordo com o levantamento da Anfavea. Dentre os principais respons\u00e1veis por esse sucesso somam-se &nbsp;o novo Delivery 9.170 e o Constellation 24.280, modelo tradicionalmente de maior volume, gra\u00e7as \u00e0 sua flexibilidade de uso, capacidade de carga, robustez e durabilidade.<\/p>&nbsp;&nbsp;\n<p><a href=\"http:\/\/www.vwco.com.br\/uploads\/ckeditor\/5cc1c5b95bd4a.jpeg\"><img decoding=\"async\" src=\"data:image\/gif;base64,R0lGODlhAQABAIAAAAAAAP\/\/\/ywAAAAAAQABAAACAUwAOw==\" fifu-lazy=\"1\" fifu-data-sizes=\"auto\" fifu-data-srcset=\"https:\/\/i2.wp.com\/www.vwco.com.br\/uploads\/ckeditor\/5cc1c5b95bd4a.jpeg?ssl=1&w=75&resize=75&ssl=1 75w, https:\/\/i2.wp.com\/www.vwco.com.br\/uploads\/ckeditor\/5cc1c5b95bd4a.jpeg?ssl=1&w=100&resize=100&ssl=1 100w, https:\/\/i2.wp.com\/www.vwco.com.br\/uploads\/ckeditor\/5cc1c5b95bd4a.jpeg?ssl=1&w=150&resize=150&ssl=1 150w, https:\/\/i2.wp.com\/www.vwco.com.br\/uploads\/ckeditor\/5cc1c5b95bd4a.jpeg?ssl=1&w=240&resize=240&ssl=1 240w, https:\/\/i2.wp.com\/www.vwco.com.br\/uploads\/ckeditor\/5cc1c5b95bd4a.jpeg?ssl=1&w=320&resize=320&ssl=1 320w, https:\/\/i2.wp.com\/www.vwco.com.br\/uploads\/ckeditor\/5cc1c5b95bd4a.jpeg?ssl=1&w=500&resize=500&ssl=1 500w, https:\/\/i2.wp.com\/www.vwco.com.br\/uploads\/ckeditor\/5cc1c5b95bd4a.jpeg?ssl=1&w=640&resize=640&ssl=1 640w, https:\/\/i2.wp.com\/www.vwco.com.br\/uploads\/ckeditor\/5cc1c5b95bd4a.jpeg?ssl=1&w=800&resize=800&ssl=1 800w, https:\/\/i2.wp.com\/www.vwco.com.br\/uploads\/ckeditor\/5cc1c5b95bd4a.jpeg?ssl=1&w=1024&resize=1024&ssl=1 1024w, https:\/\/i2.wp.com\/www.vwco.com.br\/uploads\/ckeditor\/5cc1c5b95bd4a.jpeg?ssl=1&w=1280&resize=1280&ssl=1 1280w, https:\/\/i2.wp.com\/www.vwco.com.br\/uploads\/ckeditor\/5cc1c5b95bd4a.jpeg?ssl=1&w=1600&resize=1600&ssl=1 1600w\" alt fifu-data-src=\"https:\/\/i2.wp.com\/www.vwco.com.br\/uploads\/ckeditor\/5cc1c5b95bd4a.jpeg?ssl=1\"><\/a><\/p>\n<p><a href=\"http:\/\/www.vwco.com.br\/uploads\/ckeditor\/5cc1c5d893295.jpeg\"><img decoding=\"async\" src=\"data:image\/gif;base64,R0lGODlhAQABAIAAAAAAAP\/\/\/ywAAAAAAQABAAACAUwAOw==\" fifu-lazy=\"1\" fifu-data-sizes=\"auto\" fifu-data-srcset=\"https:\/\/i1.wp.com\/www.vwco.com.br\/uploads\/ckeditor\/5cc1c5d893295.jpeg?ssl=1&w=75&resize=75&ssl=1 75w, https:\/\/i1.wp.com\/www.vwco.com.br\/uploads\/ckeditor\/5cc1c5d893295.jpeg?ssl=1&w=100&resize=100&ssl=1 100w, https:\/\/i1.wp.com\/www.vwco.com.br\/uploads\/ckeditor\/5cc1c5d893295.jpeg?ssl=1&w=150&resize=150&ssl=1 150w, https:\/\/i1.wp.com\/www.vwco.com.br\/uploads\/ckeditor\/5cc1c5d893295.jpeg?ssl=1&w=240&resize=240&ssl=1 240w, https:\/\/i1.wp.com\/www.vwco.com.br\/uploads\/ckeditor\/5cc1c5d893295.jpeg?ssl=1&w=320&resize=320&ssl=1 320w, https:\/\/i1.wp.com\/www.vwco.com.br\/uploads\/ckeditor\/5cc1c5d893295.jpeg?ssl=1&w=500&resize=500&ssl=1 500w, https:\/\/i1.wp.com\/www.vwco.com.br\/uploads\/ckeditor\/5cc1c5d893295.jpeg?ssl=1&w=640&resize=640&ssl=1 640w, https:\/\/i1.wp.com\/www.vwco.com.br\/uploads\/ckeditor\/5cc1c5d893295.jpeg?ssl=1&w=800&resize=800&ssl=1 800w, https:\/\/i1.wp.com\/www.vwco.com.br\/uploads\/ckeditor\/5cc1c5d893295.jpeg?ssl=1&w=1024&resize=1024&ssl=1 1024w, https:\/\/i1.wp.com\/www.vwco.com.br\/uploads\/ckeditor\/5cc1c5d893295.jpeg?ssl=1&w=1280&resize=1280&ssl=1 1280w, https:\/\/i1.wp.com\/www.vwco.com.br\/uploads\/ckeditor\/5cc1c5d893295.jpeg?ssl=1&w=1600&resize=1600&ssl=1 1600w\" alt fifu-data-src=\"https:\/\/i1.wp.com\/www.vwco.com.br\/uploads\/ckeditor\/5cc1c5d893295.jpeg?ssl=1\"><\/a><\/p>\n","protected":false},"excerpt":{"rendered":"<p>As empresas Real Distribuidora e JC Distribuidora, que pertencem a um dos maiores grupos atacadistas&#8230;<\/p>\n","protected":false},"author":1,"featured_media":0,"comment_status":"open","ping_status":"open","sticky":false,"template":"","format":"standard","meta":{"fifu_image_url":"","fifu_image_alt":"","footnotes":""},"categories":[727],"tags":[],"class_list":["post-76007","post","type-post","status-publish","format-standard","hentry","category-noticias","wpcat-727-id"],"_links":{"self":[{"href":"https:\/\/verde-amarelo.net\/verdeamarelo\/wp-json\/wp\/v2\/posts\/76007","targetHints":{"allow":["GET"]}}],"collection":[{"href":"https:\/\/verde-amarelo.net\/verdeamarelo\/wp-json\/wp\/v2\/posts"}],"about":[{"href":"https:\/\/verde-amarelo.net\/verdeamarelo\/wp-json\/wp\/v2\/types\/post"}],"author":[{"embeddable":true,"href":"https:\/\/verde-amarelo.net\/verdeamarelo\/wp-json\/wp\/v2\/users\/1"}],"replies":[{"embeddable":true,"href":"https:\/\/verde-amarelo.net\/verdeamarelo\/wp-json\/wp\/v2\/comments?post=76007"}],"version-history":[{"count":0,"href":"https:\/\/verde-amarelo.net\/verdeamarelo\/wp-json\/wp\/v2\/posts\/76007\/revisions"}],"wp:attachment":[{"href":"https:\/\/verde-amarelo.net\/verdeamarelo\/wp-json\/wp\/v2\/media?parent=76007"}],"wp:term":[{"taxonomy":"category","embeddable":true,"href":"https:\/\/verde-amarelo.net\/verdeamarelo\/wp-json\/wp\/v2\/categories?post=76007"},{"taxonomy":"post_tag","embeddable":true,"href":"https:\/\/verde-amarelo.net\/verdeamarelo\/wp-json\/wp\/v2\/tags?post=76007"}],"curies":[{"name":"wp","href":"https:\/\/api.w.org\/{rel}","templated":true}]}}