{"id":76008,"date":"2019-04-24T17:12:56","date_gmt":"2019-04-24T20:12:56","guid":{"rendered":"https:\/\/verde-amarelo.net\/verdeamarelo\/2019\/04\/central-de-relacionamento-com-o-cliente-vwco-e-man-completa-25-anos\/"},"modified":"2019-04-24T17:12:56","modified_gmt":"2019-04-24T20:12:56","slug":"central-de-relacionamento-com-o-cliente-vwco-e-man-completa-25-anos","status":"publish","type":"post","link":"https:\/\/verde-amarelo.net\/verdeamarelo\/2019\/04\/central-de-relacionamento-com-o-cliente-vwco-e-man-completa-25-anos\/","title":{"rendered":"Central de Relacionamento com o Cliente VWCO e MAN completa 25 anos"},"content":{"rendered":"<p>A Central de Relacionamento com o Cliente da Volkswagen Caminh\u00f5es e \u00d4nibus (CRC) completou, neste m\u00eas, o anivers\u00e1rio de 25 anos de sua funda\u00e7\u00e3o, com a expressiva marca de mais de 2,2 milh\u00f5es de contatos telef\u00f4nicos para suporte aos clientes em todo o Brasil e em outros quatro pa\u00edses sul-americanos. O servi\u00e7o, denominado originalmente ChameVolks, oferece uma linha gratuita que opera 24 horas por dia e sete dias por semana, al\u00e9m de fazer uso de ferramentas digitais e aplicativos \u2013 como o Whatsapp \u2013, que tornam o contato com clientes ainda mais f\u00e1cil e a solu\u00e7\u00e3o dos casos mais \u00e1gil.<\/p>&nbsp;&nbsp;\n<p>\u201cAo vendermos um caminh\u00e3o, entregamos ao nosso cliente n\u00e3o somente um ve\u00edculo, mas uma consolidada e reconhecida estrutura de p\u00f3s-venda, que permite que o propriet\u00e1rio ou o frotista tenham a certeza de que o ve\u00edculo estar\u00e1 sempre dispon\u00edvel para transportar cargas nas estradas ou nas cidades\u201d, afirma Ricardo Alouche, vice-presidente de Vendas, Marketing e P\u00f3s-Venda da Volkswagen Caminh\u00f5es e \u00d4nibus.<\/p>&nbsp;&nbsp;\n<p>A CRC hoje possui um quadro de aproximadamente 70 pessoas. O \u00edndice de satisfa\u00e7\u00e3o do consumidor em rela\u00e7\u00e3o ao servi\u00e7o prestado supera a casa dos 90%. Mas por que um servi\u00e7o j\u00e1 conhecido e reconhecido pelos clientes VWCO mudou de nome? \u201cA mudan\u00e7a deixa claro para os nossos clientes que hoje a CRC \u00e9 uma plataforma de atendimento que opera com diversos canais de comunica\u00e7\u00e3o e atende n\u00e3o somente caminh\u00f5es Volkswagen, mas tamb\u00e9m a linha MAN TGX. Al\u00e9m do Brasil, a cobertura se estende \u00e0 Argentina, ao Paraguai, ao Uruguai e ao Chile\u201d, explica Luciano Garcia, gerente-executivo de Servi\u00e7os e Assist\u00eancia T\u00e9cnica.<\/p>&nbsp;&nbsp;\n<p><strong>Atendimentos remotos<\/strong><\/p>\n<p>Ao longo de 25 anos, a CRC j\u00e1 realizou cerca de 220 mil atendimentos em estradas. Esse \u00e9 um trabalho facilitado pela distribui\u00e7\u00e3o estrat\u00e9gica das cerca de 150 concession\u00e1rias VWCO em todo o territ\u00f3rio nacional \u2013 sendo que mais de 40 desses pontos s\u00e3o exclusivos para a assist\u00eancia t\u00e9cnica e comercializa\u00e7\u00e3o de pe\u00e7as e acess\u00f3rios. Ok, mas e se o cliente precisa de um atendimento em uma localidade de dif\u00edcil acesso?<\/p>\n<p>\u201cN\u00e3o importa onde o cliente esteja, n\u00f3s conseguimos alcan\u00e7\u00e1-lo. Para locais de acesso restrito, lan\u00e7amos m\u00e3o de todos os recursos dispon\u00edveis em nossa rede de concession\u00e1rios e uma boa dose de criatividade para assegurar o suporte ao produto e aos nossos clientes . Para n\u00f3s a satisfa\u00e7\u00e3o do cliente merece nossos melhores esfor\u00e7os\u201d, responde Garcia.<\/p>&nbsp;&nbsp;\n<p>A qualifica\u00e7\u00e3o da equipe \u00e9 outro fator que encurta as dist\u00e2ncias. Isso porque, com um atendimento telef\u00f4nico ou via chat certeiro, a maioria absoluta dos atendimentos hoje \u00e9 resolvida sem a necessidade de imobiliza\u00e7\u00e3o do caminh\u00e3o ou de deslocamento at\u00e9 o local do chamado. O atendimento via Whatsapp \u00e9 outro aliado nesse sentido, permitindo ao condutor enviar fotos \u00fateis para a elucida\u00e7\u00e3o remota dos casos. O atendimento pelo aplicativo est\u00e1 dispon\u00edvel desde 2017, j\u00e1 tendo realizado mais de 2.000 chamados desde ent\u00e3o.<\/p>&nbsp;&nbsp;\n<p>Cada regi\u00e3o do pa\u00eds conta com um n\u00famero espec\u00edfico para contato via WhatsApp, com cobertura das 9h \u00e0s 21h, sete dias por semana. Fora desse per\u00edodo, o atendimento \u00e9 realizado por telefone. Confira abaixo os n\u00fameros:<\/p>\n<p><strong>CRC (telefone):<\/strong><br \/>0800 019 3333 para clientes VW<br \/>0800 712 3333 para clientes MAN TGX. A liga\u00e7\u00e3o \u00e9 gratuita.<\/p>&nbsp;&nbsp;\n<p><strong>Whatsapp:<\/strong><br \/>\u2022&nbsp;&nbsp; &nbsp;Regi\u00e3o Norte&nbsp;&nbsp; &#8211; 11 98734 8008 (Roraima, Acre, Amap\u00e1, Amazonas, Par\u00e1, Rond\u00f4nia e Tocantins).<br \/>\u2022&nbsp;&nbsp; &nbsp;Regi\u00e3o Nordeste &#8211; 11 95837 0648 (Maranh\u00e3o, Piau\u00ed, Cear\u00e1, Rio Grande do Norte, Para\u00edba, Pernambuco, Alagoas, Sergipe e Bahia).<br \/>\u2022&nbsp;&nbsp; &nbsp;Regi\u00e3o Centro-Oeste &#8211; 11 98683 7133 (Goi\u00e1s, Mato Grosso, Mato Grosso do Sul e pelo Distrito Federal).<br \/>\u2022&nbsp;&nbsp; &nbsp;Regi\u00e3o Sudeste &#8211; 11 98761 7325 (Esp\u00edrito Santo, Minas Gerais, S\u00e3o Paulo e Rio de Janeiro).<br \/>\u2022&nbsp;&nbsp; &nbsp;Regi\u00e3o Sul &#8211; 11 98796 4786 (Santa Catarina, Paran\u00e1 e Rio Grande do Sul).<\/p>&nbsp;&nbsp;\n<p>video em: <a href=\"https:\/\/vimeo.com\/332263182\">https:\/\/vimeo.com\/332263182<\/a><\/p>\n<p><a href=\"http:\/\/www.vwco.com.br\/uploads\/ckeditor\/5cc099bc8b897.jpeg\"><img decoding=\"async\" src=\"data:image\/gif;base64,R0lGODlhAQABAIAAAAAAAP\/\/\/ywAAAAAAQABAAACAUwAOw==\" fifu-lazy=\"1\" fifu-data-sizes=\"auto\" fifu-data-srcset=\"https:\/\/i0.wp.com\/www.vwco.com.br\/uploads\/ckeditor\/5cc099bc8b897.jpeg?ssl=1&w=75&resize=75&ssl=1 75w, https:\/\/i0.wp.com\/www.vwco.com.br\/uploads\/ckeditor\/5cc099bc8b897.jpeg?ssl=1&w=100&resize=100&ssl=1 100w, https:\/\/i0.wp.com\/www.vwco.com.br\/uploads\/ckeditor\/5cc099bc8b897.jpeg?ssl=1&w=150&resize=150&ssl=1 150w, https:\/\/i0.wp.com\/www.vwco.com.br\/uploads\/ckeditor\/5cc099bc8b897.jpeg?ssl=1&w=240&resize=240&ssl=1 240w, https:\/\/i0.wp.com\/www.vwco.com.br\/uploads\/ckeditor\/5cc099bc8b897.jpeg?ssl=1&w=320&resize=320&ssl=1 320w, https:\/\/i0.wp.com\/www.vwco.com.br\/uploads\/ckeditor\/5cc099bc8b897.jpeg?ssl=1&w=500&resize=500&ssl=1 500w, https:\/\/i0.wp.com\/www.vwco.com.br\/uploads\/ckeditor\/5cc099bc8b897.jpeg?ssl=1&w=640&resize=640&ssl=1 640w, https:\/\/i0.wp.com\/www.vwco.com.br\/uploads\/ckeditor\/5cc099bc8b897.jpeg?ssl=1&w=800&resize=800&ssl=1 800w, https:\/\/i0.wp.com\/www.vwco.com.br\/uploads\/ckeditor\/5cc099bc8b897.jpeg?ssl=1&w=1024&resize=1024&ssl=1 1024w, https:\/\/i0.wp.com\/www.vwco.com.br\/uploads\/ckeditor\/5cc099bc8b897.jpeg?ssl=1&w=1280&resize=1280&ssl=1 1280w, https:\/\/i0.wp.com\/www.vwco.com.br\/uploads\/ckeditor\/5cc099bc8b897.jpeg?ssl=1&w=1600&resize=1600&ssl=1 1600w\" alt fifu-data-src=\"https:\/\/i0.wp.com\/www.vwco.com.br\/uploads\/ckeditor\/5cc099bc8b897.jpeg?ssl=1\"><\/a><\/p>\n","protected":false},"excerpt":{"rendered":"<p>A Central de Relacionamento com o Cliente da Volkswagen Caminh\u00f5es e \u00d4nibus (CRC) completou, neste&#8230;<\/p>\n","protected":false},"author":1,"featured_media":0,"comment_status":"open","ping_status":"open","sticky":false,"template":"","format":"standard","meta":{"fifu_image_url":"","fifu_image_alt":"","footnotes":""},"categories":[727],"tags":[],"class_list":["post-76008","post","type-post","status-publish","format-standard","hentry","category-noticias","wpcat-727-id"],"_links":{"self":[{"href":"https:\/\/verde-amarelo.net\/verdeamarelo\/wp-json\/wp\/v2\/posts\/76008","targetHints":{"allow":["GET"]}}],"collection":[{"href":"https:\/\/verde-amarelo.net\/verdeamarelo\/wp-json\/wp\/v2\/posts"}],"about":[{"href":"https:\/\/verde-amarelo.net\/verdeamarelo\/wp-json\/wp\/v2\/types\/post"}],"author":[{"embeddable":true,"href":"https:\/\/verde-amarelo.net\/verdeamarelo\/wp-json\/wp\/v2\/users\/1"}],"replies":[{"embeddable":true,"href":"https:\/\/verde-amarelo.net\/verdeamarelo\/wp-json\/wp\/v2\/comments?post=76008"}],"version-history":[{"count":0,"href":"https:\/\/verde-amarelo.net\/verdeamarelo\/wp-json\/wp\/v2\/posts\/76008\/revisions"}],"wp:attachment":[{"href":"https:\/\/verde-amarelo.net\/verdeamarelo\/wp-json\/wp\/v2\/media?parent=76008"}],"wp:term":[{"taxonomy":"category","embeddable":true,"href":"https:\/\/verde-amarelo.net\/verdeamarelo\/wp-json\/wp\/v2\/categories?post=76008"},{"taxonomy":"post_tag","embeddable":true,"href":"https:\/\/verde-amarelo.net\/verdeamarelo\/wp-json\/wp\/v2\/tags?post=76008"}],"curies":[{"name":"wp","href":"https:\/\/api.w.org\/{rel}","templated":true}]}}