{"id":76024,"date":"2018-07-23T11:00:57","date_gmt":"2018-07-23T14:00:57","guid":{"rendered":"https:\/\/verde-amarelo.net\/verdeamarelo\/2018\/07\/embarcacoes-solares-sao-alternativa-no-combate-a-poluicao\/"},"modified":"2018-07-23T11:00:57","modified_gmt":"2018-07-23T14:00:57","slug":"embarcacoes-solares-sao-alternativa-no-combate-a-poluicao","status":"publish","type":"post","link":"https:\/\/verde-amarelo.net\/verdeamarelo\/2018\/07\/embarcacoes-solares-sao-alternativa-no-combate-a-poluicao\/","title":{"rendered":"Embarca\u00e7\u00f5es solares s\u00e3o alternativa no combate \u00e0 polui\u00e7\u00e3o"},"content":{"rendered":"<blockquote class=\"quote_content\" readability=\"30\">\n<p><span>Professor da UFRJ explica a tend\u00eancia em motores el\u00e9tricos de propuls\u00e3o para embarca\u00e7\u00f5es<\/span><\/p>\n<\/blockquote>\n<p>Embarca\u00e7\u00f5es solares que n\u00e3o emitem gases poluentes? Parece algo de um futuro distante, mas a tecnologia de desenvolver embarca\u00e7\u00f5es com motores el\u00e9tricos de propuls\u00e3o que s\u00e3o alimentados por baterias carregadas por pain\u00e9is solares existe e j\u00e1 est\u00e1 em uso no mundo. No Brasil, infelizmente, esta engenharia ainda \u00e9 pouco explorada, com iniciativas de projetos de pesquisa, mas nenhuma aplica\u00e7\u00e3o comercial efetiva.<\/p>&nbsp;&nbsp;\n<p>Para reverter este quadro e divulgar esta alternativa tecnol\u00f3gica, a Universidade Federal do Rio de Janeiro (UFRJ) organiza anualmente uma competi\u00e7\u00e3o de embarca\u00e7\u00f5es solares (prot\u00f3tipos de competi\u00e7\u00e3o) denominada Desafio Solar Brasil. O professor titular do Departamento de Engenharia El\u00e9trica da UFRJ, Walter Issamu Suemitsu, explica que o intuito \u00e9 banir aos poucos a polui\u00e7\u00e3o gerada pelos sistemas de propuls\u00e3o \u00e0 combust\u00e3o e os h\u00edbridos.<\/p>&nbsp;&nbsp;\n<p>\u201cOs sistemas de propuls\u00e3o atuais s\u00e3o movidos a motores de combust\u00e3o ou h\u00edbridos, isto \u00e9, um \u00e0 combust\u00e3o aciona um gerador el\u00e9trico que por sua vez alimenta o motor el\u00e9trico de propuls\u00e3o. J\u00e1 os sistemas h\u00edbridos provocam menos quantidade de gases de efeito estufa que os motores puramente de combust\u00e3o\u201d, diz o Suemitsu.<\/p>&nbsp;&nbsp;\n<p>O professor afirma que, em princ\u00edpio, o sistema de propuls\u00e3o el\u00e9trico pode ser aplicado em qualquer tipo de embarca\u00e7\u00e3o. \u201cA principal vantagem \u00e9 a n\u00e3o emiss\u00e3o de gases de efeito estufa, o que traz um grande benef\u00edcio para o ambiente reduzindo a polui\u00e7\u00e3o. Outros pr\u00f3s s\u00e3o a maior efici\u00eancia dos motores el\u00e9tricos, menor volume e peso sem diminuir a pot\u00eancia e a facilidade de manuten\u00e7\u00e3o\u201d, diz Suemitsu, que acrescenta: \u201catualmente a maior desvantagem \u00e9 a necessidade de uso de baterias para o armazenamento de energia\u201d.<\/p>&nbsp;&nbsp;\n<p>A tend\u00eancia j\u00e1 \u00e9 realidade em pa\u00edses da Europa, como Fran\u00e7a e Alemanha que estudam a proibi\u00e7\u00e3o de ve\u00edculos a combust\u00e3o a partir de 2040. Segundo o professor da UFRJ, h\u00e1 poucos dados sobre o assunto, mas o mais recente relata que, em 2013, existiam na Fran\u00e7a 30 embarca\u00e7\u00f5es de passageiros totalmente el\u00e9tricos. \u201cAl\u00e9m do transporte de passageiros, estuda-se a aplica\u00e7\u00e3o em navios e lanchas da Marinha\u201d, afirma.<\/p>&nbsp;&nbsp;\n<p>No Brasil, em 2014, o Instituto Ekko Brasil (IEB) em parceria com a Universidade Federal de Santa Catarina (UFSC), recebeu uma embarca\u00e7\u00e3o que usa energia solar para ser utilizado em trabalhos de pesquisas, mobiliza\u00e7\u00e3o social e educa\u00e7\u00e3o ambiental na Lagoa do Peri, em Santa Catarina.<\/p>&nbsp;&nbsp;\n<p><a href=\"http:\/\/www.cargonews.com.br\/wp-content\/uploads\/2018\/07\/marintec.jpg\">&#8220;alignleft wp-image-21419&#8243; src=&#8221;http:\/\/www.cargonews.com.br\/wp-content\/uploads\/2018\/07\/marintec-300&#215;200.jpg&#8221; alt width=&#8221;365&#8243; height=&#8221;243&#8243; srcset=&#8221;http:\/\/www.cargonews.com.br\/wp-content\/uploads\/2018\/07\/marintec-300&#215;200.jpg 300w, http:\/\/www.cargonews.com.br\/wp-content\/uploads\/2018\/07\/marintec-768&#215;512.jpg 768w, http:\/\/www.cargonews.com.br\/wp-content\/uploads\/2018\/07\/marintec-1024&#215;683.jpg 1024w&#8221; sizes=&#8221;(max-width: 365px) 100vw, 365px&#8221;><\/a>Para os interessados em explorar mais o tema, o professor Suemitsu apresenta em agosto no Rio de Janeiro a palestra gratuita: \u201cNovos sistemas de propuls\u00e3o el\u00e9trica de navios e a nova preocupa\u00e7\u00e3o com o meio ambiente\u201d. A palestra faz parte da programa\u00e7\u00e3o de conte\u00fado da Marintec South America, evento do setor naval, que acontece de 14 a 16 de agosto, no Centro de Conven\u00e7\u00f5es SulAm\u00e9rica. Ao todo ser\u00e3o apresentadas 48 palestras, 5 workshops e 9 estudos de caso durante os tr\u00eas dias de evento, sempre das 14 \u00e0s 18 horas. Mais informa\u00e7\u00f5es e a inscri\u00e7\u00f5es no site oficial: http:\/\/www.marintecsa.com.br<\/p>\n","protected":false},"excerpt":{"rendered":"<p>Professor da UFRJ explica a tend\u00eancia em motores el\u00e9tricos de propuls\u00e3o para embarca\u00e7\u00f5es Embarca\u00e7\u00f5es solares&#8230;<\/p>\n","protected":false},"author":1,"featured_media":0,"comment_status":"open","ping_status":"open","sticky":false,"template":"","format":"standard","meta":{"fifu_image_url":"","fifu_image_alt":"","footnotes":""},"categories":[756],"tags":[10241],"class_list":["post-76024","post","type-post","status-publish","format-standard","hentry","category-mercado","tag-combate-a-poluocaoembarcacoes-solaresnoticiastecnologia","wpcat-756-id"],"_links":{"self":[{"href":"https:\/\/verde-amarelo.net\/verdeamarelo\/wp-json\/wp\/v2\/posts\/76024","targetHints":{"allow":["GET"]}}],"collection":[{"href":"https:\/\/verde-amarelo.net\/verdeamarelo\/wp-json\/wp\/v2\/posts"}],"about":[{"href":"https:\/\/verde-amarelo.net\/verdeamarelo\/wp-json\/wp\/v2\/types\/post"}],"author":[{"embeddable":true,"href":"https:\/\/verde-amarelo.net\/verdeamarelo\/wp-json\/wp\/v2\/users\/1"}],"replies":[{"embeddable":true,"href":"https:\/\/verde-amarelo.net\/verdeamarelo\/wp-json\/wp\/v2\/comments?post=76024"}],"version-history":[{"count":0,"href":"https:\/\/verde-amarelo.net\/verdeamarelo\/wp-json\/wp\/v2\/posts\/76024\/revisions"}],"wp:attachment":[{"href":"https:\/\/verde-amarelo.net\/verdeamarelo\/wp-json\/wp\/v2\/media?parent=76024"}],"wp:term":[{"taxonomy":"category","embeddable":true,"href":"https:\/\/verde-amarelo.net\/verdeamarelo\/wp-json\/wp\/v2\/categories?post=76024"},{"taxonomy":"post_tag","embeddable":true,"href":"https:\/\/verde-amarelo.net\/verdeamarelo\/wp-json\/wp\/v2\/tags?post=76024"}],"curies":[{"name":"wp","href":"https:\/\/api.w.org\/{rel}","templated":true}]}}