{"id":76026,"date":"2018-07-16T12:00:06","date_gmt":"2018-07-16T15:00:06","guid":{"rendered":"https:\/\/verde-amarelo.net\/verdeamarelo\/2018\/07\/consegue-imaginar-um-trem-que-voa-ou-um-aviao-sobre-trilhos-projeto-existe-e-e-de-empresa-francesa\/"},"modified":"2018-07-16T12:00:06","modified_gmt":"2018-07-16T15:00:06","slug":"consegue-imaginar-um-trem-que-voa-ou-um-aviao-sobre-trilhos-projeto-existe-e-e-de-empresa-francesa","status":"publish","type":"post","link":"https:\/\/verde-amarelo.net\/verdeamarelo\/2018\/07\/consegue-imaginar-um-trem-que-voa-ou-um-aviao-sobre-trilhos-projeto-existe-e-e-de-empresa-francesa\/","title":{"rendered":"Consegue imaginar um trem que voa ou um avi\u00e3o sobre trilhos? Projeto existe e \u00e9 de empresa francesa"},"content":{"rendered":"<blockquote class=\"quote_content\" readability=\"30\">\n<p><span>A\u00e7\u00f5es de companhia subiram mais de 20% em 2018<\/span><\/p>\n<\/blockquote>\n<p><a href=\"http:\/\/www.cargonews.com.br\/wp-content\/uploads\/2018\/07\/trem-voador.jpg\">&#8220;alignleft wp-image-21303&#8243; src=&#8221;http:\/\/www.cargonews.com.br\/wp-content\/uploads\/2018\/07\/trem-voador-300&#215;201.jpg&#8221; alt width=&#8221;399&#8243; height=&#8221;267&#8243; srcset=&#8221;http:\/\/www.cargonews.com.br\/wp-content\/uploads\/2018\/07\/trem-voador-300&#215;201.jpg 300w, http:\/\/www.cargonews.com.br\/wp-content\/uploads\/2018\/07\/trem-voador-768&#215;515.jpg 768w, http:\/\/www.cargonews.com.br\/wp-content\/uploads\/2018\/07\/trem-voador-1024&#215;687.jpg 1024w, http:\/\/www.cargonews.com.br\/wp-content\/uploads\/2018\/07\/trem-voador.jpg 1200w&#8221; sizes=&#8221;(max-width: 399px) 100vw, 399px&#8221;><\/a>Parece algo que o criador das parafern\u00e1lias tecnol\u00f3gicas dos filmes de James Bond, poderia criar: um avi\u00e3o que aterrissa numa pista, desprende suas asas, se transforma em um trem e pega os trilhos para te deixar na esta\u00e7\u00e3o mais pr\u00f3xima.<\/p>&nbsp;&nbsp;\n<p>Mas \u00e9 o que um empreendedor franc\u00eas, que fez fortuna ao aproximar engenheiros de grupos industriais, est\u00e1 apresentando \u00e0 Boeing e outros fabricantes. \u201cLink &amp; Fly\u201d \u00e9 o novo design de aeronave da Akka Technologies, com asas que se descolam nos aeroportos e tornam o embarque mais f\u00e1cil e mais pr\u00f3ximo dos passageiros.<\/p>&nbsp;&nbsp;\n<p>\u2014 Depois de os carros se tornarem el\u00e9tricos e aut\u00f4nomos, a pr\u00f3xima grande inova\u00e7\u00e3o ser\u00e1 em aeronaves \u2014 afirmou o diretor-executivo da Akka, Maurice Ricci.<\/p>&nbsp;&nbsp;\n<p>A Boeing \u00e9 um dos principais alvos da Akka, em busca de limitar sua depend\u00eancia de europeias como a Airbus e a Renault.<\/p>&nbsp;&nbsp;\n<p>Pelos planos futuristas da Akka, os passageiros iriam embarcar em um trem numa esta\u00e7\u00e3o pr\u00f3xima de casa e teriam as retinas escaneadas pelo procedimento de seguran\u00e7a j\u00e1 no caminho para o aeroporto. Asas seriam acopladas ao equipamento para a decolagem. Segundo Ricci, o projeto foi apresentado em um v\u00eddeo 3D, atraindo interesse de potenciais consumidores na \u00c1sia.<\/p>&nbsp;&nbsp;\n<p>Fabricantes de aeronaves t\u00eam come\u00e7ado a se movimentar: dos investimentos do Uber em t\u00e1xi a\u00e9reos a Kitty Hawk, uma startup que tem o apoio do cofundador do Google Larry Page que est\u00e1 desenvolvendo um avi\u00e3o para uso de apenas uma pessoa movido a bateria. A Airbus j\u00e1 criou uma nova divis\u00e3o para tratar do transporte do futuro.<\/p>&nbsp;&nbsp;\n<p>Ainda que a Akka n\u00e3o consiga convencer nenhuma fabricante a construir seu \u201ctrem do futuro\u201d, partes da aeronave podem ser usadas em jatos comerciais no futuro.<\/p>&nbsp;&nbsp;\n<p>Com um valor de mercado de US$ 1,3 bilh\u00e3o e Ricci como principal acionista, a Akka emprega engenheiros que podem ser contratados por projeto como consultores. A empresa desenvolveu um carro aut\u00f4nomo conceito em 2008 e em 2014.<\/p>&nbsp;&nbsp;\n<p>S\u00f3 este ano as a\u00e7\u00f5es subiram 23%, ritmo muito superior \u00e0 alta de 1,8% do CAC-40, refer\u00eancia da Bolsa de Paris.<\/p>&nbsp;&nbsp;\n<p>Akka Link &amp; Fly tem capacidade para 162 passageiros, mas os assentos podem ser removidos para a aeronave ser usada para cargas. Com as asas e os motores, o trem-avi\u00e3o tem 34 metros de comprimento e 8 metros de altura.<\/p>&nbsp;&nbsp;\n<p>Cont\u00e9m informa\u00e7\u00f5es da Bloomberg<\/p>\n","protected":false},"excerpt":{"rendered":"<p>A\u00e7\u00f5es de companhia subiram mais de 20% em 2018 &#8220;alignleft wp-image-21303&#8243; src=&#8221;http:\/\/www.cargonews.com.br\/wp-content\/uploads\/2018\/07\/trem-voador-300&#215;201.jpg&#8221; alt width=&#8221;399&#8243; height=&#8221;267&#8243;&#8230;<\/p>\n","protected":false},"author":1,"featured_media":0,"comment_status":"open","ping_status":"open","sticky":false,"template":"","format":"standard","meta":{"fifu_image_url":"","fifu_image_alt":"","footnotes":""},"categories":[727],"tags":[10243],"class_list":["post-76026","post","type-post","status-publish","format-standard","hentry","category-noticias","tag-aviacaologisticanoticiastecnologiatrem-voador","wpcat-727-id"],"_links":{"self":[{"href":"https:\/\/verde-amarelo.net\/verdeamarelo\/wp-json\/wp\/v2\/posts\/76026","targetHints":{"allow":["GET"]}}],"collection":[{"href":"https:\/\/verde-amarelo.net\/verdeamarelo\/wp-json\/wp\/v2\/posts"}],"about":[{"href":"https:\/\/verde-amarelo.net\/verdeamarelo\/wp-json\/wp\/v2\/types\/post"}],"author":[{"embeddable":true,"href":"https:\/\/verde-amarelo.net\/verdeamarelo\/wp-json\/wp\/v2\/users\/1"}],"replies":[{"embeddable":true,"href":"https:\/\/verde-amarelo.net\/verdeamarelo\/wp-json\/wp\/v2\/comments?post=76026"}],"version-history":[{"count":0,"href":"https:\/\/verde-amarelo.net\/verdeamarelo\/wp-json\/wp\/v2\/posts\/76026\/revisions"}],"wp:attachment":[{"href":"https:\/\/verde-amarelo.net\/verdeamarelo\/wp-json\/wp\/v2\/media?parent=76026"}],"wp:term":[{"taxonomy":"category","embeddable":true,"href":"https:\/\/verde-amarelo.net\/verdeamarelo\/wp-json\/wp\/v2\/categories?post=76026"},{"taxonomy":"post_tag","embeddable":true,"href":"https:\/\/verde-amarelo.net\/verdeamarelo\/wp-json\/wp\/v2\/tags?post=76026"}],"curies":[{"name":"wp","href":"https:\/\/api.w.org\/{rel}","templated":true}]}}