{"id":76029,"date":"2018-07-10T20:00:15","date_gmt":"2018-07-10T23:00:15","guid":{"rendered":"https:\/\/verde-amarelo.net\/verdeamarelo\/2018\/07\/brasil-sobe-5-posicoes-em-ranking-mundial-de-inovacao-apos-2-anos-estagnado\/"},"modified":"2018-07-10T20:00:15","modified_gmt":"2018-07-10T23:00:15","slug":"brasil-sobe-5-posicoes-em-ranking-mundial-de-inovacao-apos-2-anos-estagnado","status":"publish","type":"post","link":"https:\/\/verde-amarelo.net\/verdeamarelo\/2018\/07\/brasil-sobe-5-posicoes-em-ranking-mundial-de-inovacao-apos-2-anos-estagnado\/","title":{"rendered":"Brasil sobe 5 posi\u00e7\u00f5es em ranking mundial de inova\u00e7\u00e3o, ap\u00f3s 2 anos estagnado"},"content":{"rendered":"<blockquote class=\"quote_content\" readability=\"33\">\n<p><span>Pa\u00eds ocupa agora o 64\u00ba de 126 degraus; gastos com pesquisa e desenvolvimento e qualidade de publica\u00e7\u00f5es cient\u00edficas contribu\u00edram para melhora; Chile, Costa Rica e M\u00e9xico ainda est\u00e3o na frente.<\/span><\/p>\n<\/blockquote>\n<div id=\"attachment_19848\" class=\"wp-caption alignleft\"><a href=\"http:\/\/www.cargonews.com.br\/wp-content\/uploads\/2018\/05\/tecnologia.jpg\">&#8220;size-medium wp-image-19848&#8243; src=&#8221;http:\/\/www.cargonews.com.br\/wp-content\/uploads\/2018\/05\/tecnologia-300&#215;169.jpg&#8221; alt width=&#8221;300&#8243; height=&#8221;169&#8243; srcset=&#8221;http:\/\/www.cargonews.com.br\/wp-content\/uploads\/2018\/05\/tecnologia-300&#215;169.jpg 300w, http:\/\/www.cargonews.com.br\/wp-content\/uploads\/2018\/05\/tecnologia-768&#215;434.jpg 768w, http:\/\/www.cargonews.com.br\/wp-content\/uploads\/2018\/05\/tecnologia-1024&#215;578.jpg 1024w, http:\/\/www.cargonews.com.br\/wp-content\/uploads\/2018\/05\/tecnologia.jpg 1425w&#8221; sizes=&#8221;(max-width: 300px) 100vw, 300px&#8221;><\/a><\/p>\n<p class=\"wp-caption-text\">Foto ilustrativa<\/p>\n<\/div>\n<p>Depois de dois anos estagnado, o Brasil subiu em 2018 cinco posi\u00e7\u00f5es no ranking mundial de inova\u00e7\u00e3o elaborado pela Universidade de Cornell, pela escola de neg\u00f3cios Insead e pela Organiza\u00e7\u00e3o Mundial da Propriedade Intelectual (OMPI). O pa\u00eds saltou do 69\u00ba para o 64\u00ba lugar, entre 126 economias listadas. \u00c9 a melhor classifica\u00e7\u00e3o em quatro anos.<\/p>&nbsp;&nbsp;\n<p>Ainda assim, a maior pot\u00eancia econ\u00f4mica da Am\u00e9rica Latina e Caribe fica atr\u00e1s dos vizinhos Chile (47\u00aa posi\u00e7\u00e3o), Costa Rica (54\u00aa) e M\u00e9xico (56\u00aa) na lista.<\/p>&nbsp;&nbsp;\n<p>De acordo com o estudo, a melhora do \u00edndice brasileiro se deu principalmente por gastos com pesquisa e desenvolvimento, importa\u00e7\u00f5es e exporta\u00e7\u00f5es de alta tecnologia e pela qualidade das publica\u00e7\u00f5es cient\u00edficas nacionais, especialmente da Universide de S\u00e3o Paulo (USP), Universidade de Campinas (Unicamp) e Universidade Federal do Rio de Janeiro (UFRJ).<\/p>&nbsp;&nbsp;\n<p>Por outro lado, o pa\u00eds decepciona na forma\u00e7\u00e3o de cientistas e engenheiros, no cr\u00e9dito, investimento, produtividade e cria\u00e7\u00e3o de novos neg\u00f3cios, de acordo com o estudo.<\/p>&nbsp;&nbsp;\n<p>A Su\u00ed\u00e7a lidera o ranking pelo oitavo ano consecutivo. O pa\u00eds se destaca nos indicadores de registro de patentes e tamb\u00e9m na ind\u00fastria de m\u00e9dia-alta tecnologia, al\u00e9m de ser um dos que mais investe em pesquisa em desenvolvimento e ter universidades de qualidade.<\/p>&nbsp;&nbsp;\n<p>Um ponto que chama aten\u00e7\u00e3o na lista deste ano \u00e9 a ascen\u00e7\u00e3o da China para o grupo das 20 melhores classificadas, na 17\u00aa posi\u00e7\u00e3o. No ano passado, ela estava no 22\u00ba lugar. J\u00e1 os Estados Unidos ca\u00edram do quarto para o sexto degrau.<\/p>&nbsp;&nbsp;\n<p>\u201cA r\u00e1pida ascens\u00e3o da China reflete uma dire\u00e7\u00e3o estrat\u00e9gica definida pela lideran\u00e7a principal para desenvolver a capacidade de n\u00edvel mundial em inova\u00e7\u00e3o e para orientar a base estrutural da economia para setores mais intensivos em conhecimento que dependem da nova\u00e7\u00e3o para manterem sua vantagem competitiva\u201d, diz em nota o Diretor-Geral da OMPI, Francis Gurry.<\/p>&nbsp;&nbsp;\n<p><strong>O ranking<\/strong><\/p>\n<p>O Global Innovation Index GII classifica 126 economias com base em 80 indicadores, que v\u00e3o desde as taxas registro de patentes at\u00e9 a cria\u00e7\u00e3o de aplicativos para smartphones, gastos com educa\u00e7\u00e3o e publica\u00e7\u00f5es cient\u00edficas e t\u00e9cnicas. S\u00e3o levados em conta dados sobre as institui\u00e7\u00f5es de cada pa\u00eds, sobre capital huma e pesquisa, infraestrutura, sofistica\u00e7\u00e3o do mercado e das empresas, al\u00e9m do desenvolvimento de produtos tecnol\u00f3gicos e criativos.<\/p>&nbsp;&nbsp;\n<p>O \u00edndice \u00e9 calculado pela PricewaterhouseCoopers (PwC) e tem o apoio da Confedera\u00e7\u00e3o Nacional da Ind\u00fastria (CNI) e o Servi\u00e7o Brasileiro de Apoio \u00e0s Micro e Pequenas Empresas (Sebrae).<\/p>&nbsp;&nbsp;\n","protected":false},"excerpt":{"rendered":"<p>Pa\u00eds ocupa agora o 64\u00ba de 126 degraus; gastos com pesquisa e desenvolvimento e qualidade&#8230;<\/p>\n","protected":false},"author":1,"featured_media":0,"comment_status":"open","ping_status":"open","sticky":false,"template":"","format":"standard","meta":{"fifu_image_url":"","fifu_image_alt":"","footnotes":""},"categories":[756],"tags":[10246],"class_list":["post-76029","post","type-post","status-publish","format-standard","hentry","category-mercado","tag-inovacaonegociosnoticiasranking-mundialtecnologia","wpcat-756-id"],"_links":{"self":[{"href":"https:\/\/verde-amarelo.net\/verdeamarelo\/wp-json\/wp\/v2\/posts\/76029","targetHints":{"allow":["GET"]}}],"collection":[{"href":"https:\/\/verde-amarelo.net\/verdeamarelo\/wp-json\/wp\/v2\/posts"}],"about":[{"href":"https:\/\/verde-amarelo.net\/verdeamarelo\/wp-json\/wp\/v2\/types\/post"}],"author":[{"embeddable":true,"href":"https:\/\/verde-amarelo.net\/verdeamarelo\/wp-json\/wp\/v2\/users\/1"}],"replies":[{"embeddable":true,"href":"https:\/\/verde-amarelo.net\/verdeamarelo\/wp-json\/wp\/v2\/comments?post=76029"}],"version-history":[{"count":0,"href":"https:\/\/verde-amarelo.net\/verdeamarelo\/wp-json\/wp\/v2\/posts\/76029\/revisions"}],"wp:attachment":[{"href":"https:\/\/verde-amarelo.net\/verdeamarelo\/wp-json\/wp\/v2\/media?parent=76029"}],"wp:term":[{"taxonomy":"category","embeddable":true,"href":"https:\/\/verde-amarelo.net\/verdeamarelo\/wp-json\/wp\/v2\/categories?post=76029"},{"taxonomy":"post_tag","embeddable":true,"href":"https:\/\/verde-amarelo.net\/verdeamarelo\/wp-json\/wp\/v2\/tags?post=76029"}],"curies":[{"name":"wp","href":"https:\/\/api.w.org\/{rel}","templated":true}]}}