{"id":76033,"date":"2018-09-06T18:00:58","date_gmt":"2018-09-06T21:00:58","guid":{"rendered":"https:\/\/verde-amarelo.net\/verdeamarelo\/2018\/09\/dolar-opera-em-queda-no-patamar-de-r-412\/"},"modified":"2018-09-06T18:00:58","modified_gmt":"2018-09-06T21:00:58","slug":"dolar-opera-em-queda-no-patamar-de-r-412","status":"publish","type":"post","link":"https:\/\/verde-amarelo.net\/verdeamarelo\/2018\/09\/dolar-opera-em-queda-no-patamar-de-r-412\/","title":{"rendered":"D\u00f3lar opera em queda, no patamar de R$ 4,12"},"content":{"rendered":"<blockquote class=\"quote_content\" readability=\"34\">\n<p><span>Na v\u00e9spera, o d\u00f3lar fechou em queda de 0,23%, a R$ 4,1425.<\/span><\/p>\n<\/blockquote>\n<p><a href=\"http:\/\/www.cargonews.com.br\/wp-content\/uploads\/2018\/07\/shutterstock_191545385.jpg\">&#8220;alignright wp-image-21454&#8243; src=&#8221;http:\/\/www.cargonews.com.br\/wp-content\/uploads\/2018\/07\/shutterstock_191545385-300&#215;243.jpg&#8221; alt width=&#8221;349&#8243; height=&#8221;283&#8243; srcset=&#8221;http:\/\/www.cargonews.com.br\/wp-content\/uploads\/2018\/07\/shutterstock_191545385-300&#215;243.jpg 300w, http:\/\/www.cargonews.com.br\/wp-content\/uploads\/2018\/07\/shutterstock_191545385-768&#215;623.jpg 768w, http:\/\/www.cargonews.com.br\/wp-content\/uploads\/2018\/07\/shutterstock_191545385-1024&#215;830.jpg 1024w, http:\/\/www.cargonews.com.br\/wp-content\/uploads\/2018\/07\/shutterstock_191545385.jpg 1180w&#8221; sizes=&#8221;(max-width: 349px) 100vw, 349px&#8221;><\/a>O d\u00f3lar abriu em queda nesta quinta-feira (6), com os investidores de olho na turbul\u00eancia em mercados emergentes e avaliando os n\u00fameros da pesquisa de inten\u00e7\u00e3o de votos do Ibope, divulgada na noite de quarta-feira (5).<\/p>&nbsp;&nbsp;\n<p>\u00c0s 9h02, a moeda norte-americana recuava 0,%, vendida a R$ 4,1196. Veja a cota\u00e7\u00e3o.<\/p>&nbsp;&nbsp;\n<p>Na v\u00e9spera, o d\u00f3lar fechou em queda de 0,23%, a R$ 4,1425, ap\u00f3s ter chegado a R$ 4,418 na m\u00e1xima da sess\u00e3o. Na semana e no m\u00eas, a moeda acumula alta de 1,73% e no ano, de 25%.<\/p>&nbsp;&nbsp;\n<p><strong>Novo patamar e perspectivas<\/strong><\/p>\n<p>A recente disparada do d\u00f3lar, que voltou a romper a barreira dos R$ 4 ap\u00f3s 2 anos e meio, acontece em meio \u00e0s incertezas sobre o cen\u00e1rio eleitoral e tamb\u00e9m ao cen\u00e1rio externo mais turbulento, o que faz aumentar a procura por prote\u00e7\u00e3o em d\u00f3lar.<\/p>&nbsp;&nbsp;\n<p>Investidores t\u00eam comprado d\u00f3lares em resposta a pesquisas que mostram inten\u00e7\u00e3o de voto mais baixa para candidatos considerados mais pr\u00f3-mercado e comprometidos com a agenda de reformas e ajuste das contas p\u00fablicas.<\/p>&nbsp;&nbsp;\n<p>As incertezas e o nervosismo geram maior demanda por prote\u00e7\u00e3o em d\u00f3lar, o que pressiona a cota\u00e7\u00e3o da moeda. Importadores, empresas com d\u00edvidas em d\u00f3lar e turistas preocupados passam a comprar mais d\u00f3lares tamb\u00e9m e contribuem para elevar o pre\u00e7o da moeda norte-americana.<\/p>&nbsp;&nbsp;\n<p>Outro fator que pressiona o c\u00e2mbio \u00e9 a eleva\u00e7\u00e3o das taxas b\u00e1sicas de juros nas economias avan\u00e7adas como Estados Unidos e Uni\u00e3o Europeia, o que incentiva a retirada de d\u00f3lares dos pa\u00edses emergentes. O mercado tem monitorado ainda a guerra comercial entre Estados Unidos e seus parceiros comerciais e a crise em pa\u00edses como Argentina e Turquia.<\/p>&nbsp;&nbsp;\n<p>A vis\u00e3o dos analistas \u00e9 de que o nervosismo tende a continuar e que o mercado ficar\u00e1 testando novas m\u00e1ximas at\u00e9 achar um novo piso ou at\u00e9 que se tenha uma maior defini\u00e7\u00e3o da corrida eleitoral.<\/p>&nbsp;&nbsp;\n<p>A proje\u00e7\u00e3o do mercado financeiro para a taxa de c\u00e2mbio no fim de 2018 foi elevada de R$ 3,75 para R$ 3,80 por d\u00f3lar, segundo boletim Focus divulgado na segunda-feira (3) pelo Banco Central. Para o fechamento de 2019, ficou est\u00e1vel em R$ 3,70 por d\u00f3lar.<\/p>&nbsp;&nbsp;\n<p>Em agosto, a retirada de d\u00f3lares da economia brasileira superou o ingresso de recursos em US$ 4,250 bilh\u00f5es, segundo dados do Banco Central. Essa foi a primeira sa\u00edda de divisas do pa\u00eds desde mar\u00e7o deste ano, ou seja, em cinco meses. No acumulado do ano, ainda h\u00e1 ingresso US$ 24,17 bilh\u00f5es.<\/p>&nbsp;&nbsp;\n<p>Os analistas destacam, contudo, que embora todas as moedas de pa\u00edses emergentes estejam sendo fortemente desvalorizadas, o Brasil se encontra em melhor situa\u00e7\u00e3o em raz\u00e3o dos mais de R$ 382 bilh\u00f5es em reservas e que, at\u00e9 o momento, n\u00e3o tem sido observada falta de liquidez ou fuga de d\u00f3lares do pa\u00eds.<\/p>&nbsp;&nbsp;\n","protected":false},"excerpt":{"rendered":"<p>Na v\u00e9spera, o d\u00f3lar fechou em queda de 0,23%, a R$ 4,1425. &#8220;alignright wp-image-21454&#8243; src=&#8221;http:\/\/www.cargonews.com.br\/wp-content\/uploads\/2018\/07\/shutterstock_191545385-300&#215;243.jpg&#8221;&#8230;<\/p>\n","protected":false},"author":1,"featured_media":0,"comment_status":"open","ping_status":"open","sticky":false,"template":"","format":"standard","meta":{"fifu_image_url":"","fifu_image_alt":"","footnotes":""},"categories":[8703],"tags":[8784],"class_list":["post-76033","post","type-post","status-publish","format-standard","hentry","category-economia","tag-dolareconomianoticias","wpcat-8703-id"],"_links":{"self":[{"href":"https:\/\/verde-amarelo.net\/verdeamarelo\/wp-json\/wp\/v2\/posts\/76033","targetHints":{"allow":["GET"]}}],"collection":[{"href":"https:\/\/verde-amarelo.net\/verdeamarelo\/wp-json\/wp\/v2\/posts"}],"about":[{"href":"https:\/\/verde-amarelo.net\/verdeamarelo\/wp-json\/wp\/v2\/types\/post"}],"author":[{"embeddable":true,"href":"https:\/\/verde-amarelo.net\/verdeamarelo\/wp-json\/wp\/v2\/users\/1"}],"replies":[{"embeddable":true,"href":"https:\/\/verde-amarelo.net\/verdeamarelo\/wp-json\/wp\/v2\/comments?post=76033"}],"version-history":[{"count":0,"href":"https:\/\/verde-amarelo.net\/verdeamarelo\/wp-json\/wp\/v2\/posts\/76033\/revisions"}],"wp:attachment":[{"href":"https:\/\/verde-amarelo.net\/verdeamarelo\/wp-json\/wp\/v2\/media?parent=76033"}],"wp:term":[{"taxonomy":"category","embeddable":true,"href":"https:\/\/verde-amarelo.net\/verdeamarelo\/wp-json\/wp\/v2\/categories?post=76033"},{"taxonomy":"post_tag","embeddable":true,"href":"https:\/\/verde-amarelo.net\/verdeamarelo\/wp-json\/wp\/v2\/tags?post=76033"}],"curies":[{"name":"wp","href":"https:\/\/api.w.org\/{rel}","templated":true}]}}