{"id":76047,"date":"2019-03-13T13:12:37","date_gmt":"2019-03-13T16:12:37","guid":{"rendered":"https:\/\/verde-amarelo.net\/verdeamarelo\/2019\/03\/vw-caminhoes-e-onibus-inicia-o-ano-com-novas-concessionarias-no-norte-e-sul-do-brasil\/"},"modified":"2019-03-13T13:12:37","modified_gmt":"2019-03-13T16:12:37","slug":"vw-caminhoes-e-onibus-inicia-o-ano-com-novas-concessionarias-no-norte-e-sul-do-brasil","status":"publish","type":"post","link":"https:\/\/verde-amarelo.net\/verdeamarelo\/2019\/03\/vw-caminhoes-e-onibus-inicia-o-ano-com-novas-concessionarias-no-norte-e-sul-do-brasil\/","title":{"rendered":"VW Caminh\u00f5es e \u00d4nibus inicia o ano com novas concession\u00e1rias no Norte e Sul do Brasil"},"content":{"rendered":"<p><em>Investimento nas casas de Tocantins e Santa Catarina somam mais de R$ 3 milh\u00f5es<\/em><\/p>\n<p>A VW Caminh\u00f5es e \u00d4nibus inicia o ano com novidades em sua rede de concession\u00e1rias no Norte e Sul do Brasil. A casa da RF em Tijucas (SC) estreia estrutura completa, que contou com investimento de R$ 3 milh\u00f5es, incluindo a constru\u00e7\u00e3o de pr\u00e9dio, p\u00e1tio, showroom e contrata\u00e7\u00e3o de colaboradores.<\/p>&nbsp;&nbsp;\n<p>A nova localiza\u00e7\u00e3o \u00e9 estrat\u00e9gica: fica no Vale do Rio Tijucas, regi\u00e3o com forte presen\u00e7a das ind\u00fastrias de cer\u00e2mica, cal\u00e7ados, embalagens e frigor\u00edficos. \u201cInvestimos para ficar mais perto de nossos clientes, reduzindo o tempo que antes gastavam at\u00e9 a nossa unidade em Palho\u00e7a\u201d, comenta Francisco Carlos Silva, diretor da RF Caminh\u00f5es e \u00d4nibus.&nbsp;<\/p>\n<p>Segundo ele, a alta demanda dos modelos VW, desde o Express at\u00e9 os extrapesados, incluindo os MAN TGX, motivou o investimento. \u201cA alta circula\u00e7\u00e3o dos ve\u00edculos VW e MAN na regi\u00e3o justifica nossa aposta.\u201d<br \/>A Transrio&nbsp; em Aragua\u00edna (TO) recebeu investimento de R$ 250 mil para a mudan\u00e7a de endere\u00e7o. Agora em instala\u00e7\u00f5es mais amplas e localiza\u00e7\u00e3o \u00e0s margens da BR-153 Bel\u00e9m-Bras\u00edlia, conta com mais boxes de atendimento e espa\u00e7o para troca r\u00e1pida de \u00f3leo.<\/p>&nbsp;&nbsp;\n<p>\u201cTrata-se de uma regi\u00e3o com tr\u00e2nsito intenso de extrapesados, que atende a clientes tamb\u00e9m do Par\u00e1, Maranh\u00e3o e Piau\u00ed. Por isso ampliamos a nossa estrutura\u201d, confirma Christian Hahn da Silva, diretor da Transrio.&nbsp;<\/p>\n<p>\u201cA excel\u00eancia no atendimento em todo o Brasil e a parceria com nossos clientes s\u00e3o caracter\u00edsticas marcantes da VW Caminh\u00f5es e \u00d4nibus e de nossa rede de concession\u00e1rias, que investe para que possamos juntos oferecer sempre a melhor estrutura de p\u00f3s-vendas e servi\u00e7os\u201d, afirma Eduardo Pignata, supervisor de Treinamento e Desenvolvimento de Rede da VW Caminh\u00f5es e \u00d4nibus.<\/p>&nbsp;&nbsp;\n<p><a href=\"http:\/\/www.vwco.com.br\/uploads\/ckeditor\/5c890583d80ea.jpeg\"><img decoding=\"async\" src=\"data:image\/gif;base64,R0lGODlhAQABAIAAAAAAAP\/\/\/ywAAAAAAQABAAACAUwAOw==\" fifu-lazy=\"1\" fifu-data-sizes=\"auto\" fifu-data-srcset=\"https:\/\/i2.wp.com\/www.vwco.com.br\/uploads\/ckeditor\/5c890583d80ea.jpeg?ssl=1&w=75&resize=75&ssl=1 75w, https:\/\/i2.wp.com\/www.vwco.com.br\/uploads\/ckeditor\/5c890583d80ea.jpeg?ssl=1&w=100&resize=100&ssl=1 100w, https:\/\/i2.wp.com\/www.vwco.com.br\/uploads\/ckeditor\/5c890583d80ea.jpeg?ssl=1&w=150&resize=150&ssl=1 150w, https:\/\/i2.wp.com\/www.vwco.com.br\/uploads\/ckeditor\/5c890583d80ea.jpeg?ssl=1&w=240&resize=240&ssl=1 240w, https:\/\/i2.wp.com\/www.vwco.com.br\/uploads\/ckeditor\/5c890583d80ea.jpeg?ssl=1&w=320&resize=320&ssl=1 320w, https:\/\/i2.wp.com\/www.vwco.com.br\/uploads\/ckeditor\/5c890583d80ea.jpeg?ssl=1&w=500&resize=500&ssl=1 500w, https:\/\/i2.wp.com\/www.vwco.com.br\/uploads\/ckeditor\/5c890583d80ea.jpeg?ssl=1&w=640&resize=640&ssl=1 640w, https:\/\/i2.wp.com\/www.vwco.com.br\/uploads\/ckeditor\/5c890583d80ea.jpeg?ssl=1&w=800&resize=800&ssl=1 800w, https:\/\/i2.wp.com\/www.vwco.com.br\/uploads\/ckeditor\/5c890583d80ea.jpeg?ssl=1&w=1024&resize=1024&ssl=1 1024w, https:\/\/i2.wp.com\/www.vwco.com.br\/uploads\/ckeditor\/5c890583d80ea.jpeg?ssl=1&w=1280&resize=1280&ssl=1 1280w, https:\/\/i2.wp.com\/www.vwco.com.br\/uploads\/ckeditor\/5c890583d80ea.jpeg?ssl=1&w=1600&resize=1600&ssl=1 1600w\" alt fifu-data-src=\"https:\/\/i2.wp.com\/www.vwco.com.br\/uploads\/ckeditor\/5c890583d80ea.jpeg?ssl=1\"><\/a><\/p>\n<p><a href=\"http:\/\/www.vwco.com.br\/uploads\/ckeditor\/5c89059e85128.jpeg\"><img decoding=\"async\" src=\"data:image\/gif;base64,R0lGODlhAQABAIAAAAAAAP\/\/\/ywAAAAAAQABAAACAUwAOw==\" fifu-lazy=\"1\" fifu-data-sizes=\"auto\" fifu-data-srcset=\"https:\/\/i3.wp.com\/www.vwco.com.br\/uploads\/ckeditor\/5c89059e85128.jpeg?ssl=1&w=75&resize=75&ssl=1 75w, https:\/\/i3.wp.com\/www.vwco.com.br\/uploads\/ckeditor\/5c89059e85128.jpeg?ssl=1&w=100&resize=100&ssl=1 100w, https:\/\/i3.wp.com\/www.vwco.com.br\/uploads\/ckeditor\/5c89059e85128.jpeg?ssl=1&w=150&resize=150&ssl=1 150w, https:\/\/i3.wp.com\/www.vwco.com.br\/uploads\/ckeditor\/5c89059e85128.jpeg?ssl=1&w=240&resize=240&ssl=1 240w, https:\/\/i3.wp.com\/www.vwco.com.br\/uploads\/ckeditor\/5c89059e85128.jpeg?ssl=1&w=320&resize=320&ssl=1 320w, https:\/\/i3.wp.com\/www.vwco.com.br\/uploads\/ckeditor\/5c89059e85128.jpeg?ssl=1&w=500&resize=500&ssl=1 500w, https:\/\/i3.wp.com\/www.vwco.com.br\/uploads\/ckeditor\/5c89059e85128.jpeg?ssl=1&w=640&resize=640&ssl=1 640w, https:\/\/i3.wp.com\/www.vwco.com.br\/uploads\/ckeditor\/5c89059e85128.jpeg?ssl=1&w=800&resize=800&ssl=1 800w, https:\/\/i3.wp.com\/www.vwco.com.br\/uploads\/ckeditor\/5c89059e85128.jpeg?ssl=1&w=1024&resize=1024&ssl=1 1024w, https:\/\/i3.wp.com\/www.vwco.com.br\/uploads\/ckeditor\/5c89059e85128.jpeg?ssl=1&w=1280&resize=1280&ssl=1 1280w, https:\/\/i3.wp.com\/www.vwco.com.br\/uploads\/ckeditor\/5c89059e85128.jpeg?ssl=1&w=1600&resize=1600&ssl=1 1600w\" alt fifu-data-src=\"https:\/\/i3.wp.com\/www.vwco.com.br\/uploads\/ckeditor\/5c89059e85128.jpeg?ssl=1\"><\/a><\/p>\n","protected":false},"excerpt":{"rendered":"<p>Investimento nas casas de Tocantins e Santa Catarina somam mais de R$ 3 milh\u00f5es A&#8230;<\/p>\n","protected":false},"author":1,"featured_media":0,"comment_status":"open","ping_status":"open","sticky":false,"template":"","format":"standard","meta":{"fifu_image_url":"","fifu_image_alt":"","footnotes":""},"categories":[727],"tags":[],"class_list":["post-76047","post","type-post","status-publish","format-standard","hentry","category-noticias","wpcat-727-id"],"_links":{"self":[{"href":"https:\/\/verde-amarelo.net\/verdeamarelo\/wp-json\/wp\/v2\/posts\/76047","targetHints":{"allow":["GET"]}}],"collection":[{"href":"https:\/\/verde-amarelo.net\/verdeamarelo\/wp-json\/wp\/v2\/posts"}],"about":[{"href":"https:\/\/verde-amarelo.net\/verdeamarelo\/wp-json\/wp\/v2\/types\/post"}],"author":[{"embeddable":true,"href":"https:\/\/verde-amarelo.net\/verdeamarelo\/wp-json\/wp\/v2\/users\/1"}],"replies":[{"embeddable":true,"href":"https:\/\/verde-amarelo.net\/verdeamarelo\/wp-json\/wp\/v2\/comments?post=76047"}],"version-history":[{"count":0,"href":"https:\/\/verde-amarelo.net\/verdeamarelo\/wp-json\/wp\/v2\/posts\/76047\/revisions"}],"wp:attachment":[{"href":"https:\/\/verde-amarelo.net\/verdeamarelo\/wp-json\/wp\/v2\/media?parent=76047"}],"wp:term":[{"taxonomy":"category","embeddable":true,"href":"https:\/\/verde-amarelo.net\/verdeamarelo\/wp-json\/wp\/v2\/categories?post=76047"},{"taxonomy":"post_tag","embeddable":true,"href":"https:\/\/verde-amarelo.net\/verdeamarelo\/wp-json\/wp\/v2\/tags?post=76047"}],"curies":[{"name":"wp","href":"https:\/\/api.w.org\/{rel}","templated":true}]}}