{"id":76049,"date":"2019-03-07T19:22:46","date_gmt":"2019-03-07T22:22:46","guid":{"rendered":"https:\/\/verde-amarelo.net\/verdeamarelo\/2019\/03\/roberto-cortes-reafirma-ao-governador-wilson-witzel-estamos-investindo-r-15-bilhao-e-queremos-crescer-ainda-mais\/"},"modified":"2019-03-07T19:22:46","modified_gmt":"2019-03-07T22:22:46","slug":"roberto-cortes-reafirma-ao-governador-wilson-witzel-estamos-investindo-r-15-bilhao-e-queremos-crescer-ainda-mais","status":"publish","type":"post","link":"https:\/\/verde-amarelo.net\/verdeamarelo\/2019\/03\/roberto-cortes-reafirma-ao-governador-wilson-witzel-estamos-investindo-r-15-bilhao-e-queremos-crescer-ainda-mais\/","title":{"rendered":"Roberto Cortes reafirma ao governador Wilson Witzel: \u201cEstamos investindo R$ 1,5 bilh\u00e3o e queremos crescer ainda mais\u201d"},"content":{"rendered":"<p>A Volkswagen Caminh\u00f5es e \u00d4nibus segue investindo no Brasil e est\u00e1 pronta para atender eventuais demandas criadas pela recente sa\u00edda de concorrentes em mercados sul-americanos. Esta foi a mensagem de Roberto Cortes, presidente e CEO da Volkswagen Caminh\u00f5es e \u00d4nibus, a Wilson Witzel, governador do estado do Rio de Janeiro, durante encontro hoje (7\/3) promovido pela C\u00e2mara de Com\u00e9rcio e Ind\u00fastria Brasil-Alemanha em Berlim.&nbsp;<\/p>\n<p>\u201cEstamos no meio de um plano de investimento de R$ 1,5 bilh\u00e3o no Rio de Janeiro. Nossa capacidade produtiva na f\u00e1brica de Resende (RJ) \u00e9 de 100 mil unidades ao ano, trabalhando em tr\u00eas turnos. Hoje, operamos em dois turnos, e um deles ainda \u00e9 parcial. Afirmei ao governador Witzel que estamos prontos n\u00e3o apenas para absorver a recupera\u00e7\u00e3o do mercado brasileiro, mas preencher todas as lacunas recentemente deixadas pela concorr\u00eancia na Am\u00e9rica do Sul\u201d, disse Roberto Cortes.<\/p>&nbsp;&nbsp;\n<p>A ofensiva em busca de novas oportunidades no Brasil e no exterior inclui a movimenta\u00e7\u00e3o de toda a rede autorizada das marcas Volkswagen Caminh\u00f5es e \u00d4nibus e MAN, com mais de 300 concession\u00e1rios e importadores. A montadora \u00e9 uma das maiores exportadoras de ve\u00edculos comerciais do pa\u00eds, com uma linha de mais de 50 produtos sob medida para mais de 30 pa\u00edses emergentes.&nbsp;<\/p>\n<p>Este foi o primeiro encontro de Wilson Witzel com Roberto Cortes ap\u00f3s tomar posse como governador do Rio de Janeiro. Al\u00e9m da f\u00e1brica de Resende, a montadora sediada no Sul Fluminense mant\u00e9m uma linha de montagem de seus produtos em Quer\u00e9taro, no M\u00e9xico, e parcerias produtivas na \u00c1frica. Tamb\u00e9m \u00e9 a pioneira no desenvolvimento de uma linha de caminh\u00f5es e \u00f4nibus 100% el\u00e9tricos com tecnologia brasileira.<\/p>&nbsp;&nbsp;\n<p><strong>Sobre a VW Caminh\u00f5es e \u00d4nibus<\/strong><\/p>\n<p>Fabricante dos ve\u00edculos comerciais Volkswagen e MAN, a VW Caminh\u00f5es e \u00d4nibus \u00e9 uma das maiores montadoras de caminh\u00f5es e \u00f4nibus da Am\u00e9rica Latina. Desde 1981, quando iniciou suas opera\u00e7\u00f5es, chegar ao topo do mercado, respeitando e satisfazendo as necessidades dos clientes, sempre foi o foco da montadora. E \u00e9 exatamente isso que oferece a seus clientes: produtos sob medida e um excelente servi\u00e7o de p\u00f3s-vendas. A empresa tamb\u00e9m \u00e9 refer\u00eancia em inova\u00e7\u00f5es tecnol\u00f3gicas, sempre buscando solu\u00e7\u00f5es que reduzam o impacto ambiental e ajudem a preservar o meio ambiente. A fabricante mant\u00e9m seu compromisso de desenvolver ve\u00edculos que superem as exig\u00eancias dos clientes \u2013 onde quer que eles rodem, seja pelas estradas brasileiras, latino-americanas ou africanas.<\/p>&nbsp;&nbsp;\n<p><strong>Sobre o GRUPO TRATON<\/strong><\/p>\n<p>A TRATON, antiga Volkswagen Truck &amp; Bus, \u00e9 uma subsidi\u00e1ria integral da Volkswagen AG e uma fabricante de ve\u00edculos comerciais l\u00edder mundial com suas marcas MAN, Scania, Volkswagen Caminh\u00f5es e \u00d4nibus, e RIO. Em 2018, as marcas do Grupo TRATON venderam cerca de 233.000 ve\u00edculos no total. Sua oferta inclui ve\u00edculos comerciais leves, caminh\u00f5es e \u00f4nibus, que s\u00e3o produzidos em 31 f\u00e1bricas em 17 pa\u00edses. O objetivo do Grupo \u00e9 transformar o sistema de transportes atrav\u00e9s de seus produtos, servi\u00e7os e da parceria com seus clientes.<\/p>&nbsp;&nbsp;\n<p><a href=\"http:\/\/www.vwco.com.br\/uploads\/ckeditor\/5c81704d96878.jpeg\"><img decoding=\"async\" src=\"data:image\/gif;base64,R0lGODlhAQABAIAAAAAAAP\/\/\/ywAAAAAAQABAAACAUwAOw==\" fifu-lazy=\"1\" fifu-data-sizes=\"auto\" fifu-data-srcset=\"https:\/\/i2.wp.com\/www.vwco.com.br\/uploads\/ckeditor\/5c81704d96878.jpeg?ssl=1&w=75&resize=75&ssl=1 75w, https:\/\/i2.wp.com\/www.vwco.com.br\/uploads\/ckeditor\/5c81704d96878.jpeg?ssl=1&w=100&resize=100&ssl=1 100w, https:\/\/i2.wp.com\/www.vwco.com.br\/uploads\/ckeditor\/5c81704d96878.jpeg?ssl=1&w=150&resize=150&ssl=1 150w, https:\/\/i2.wp.com\/www.vwco.com.br\/uploads\/ckeditor\/5c81704d96878.jpeg?ssl=1&w=240&resize=240&ssl=1 240w, https:\/\/i2.wp.com\/www.vwco.com.br\/uploads\/ckeditor\/5c81704d96878.jpeg?ssl=1&w=320&resize=320&ssl=1 320w, https:\/\/i2.wp.com\/www.vwco.com.br\/uploads\/ckeditor\/5c81704d96878.jpeg?ssl=1&w=500&resize=500&ssl=1 500w, https:\/\/i2.wp.com\/www.vwco.com.br\/uploads\/ckeditor\/5c81704d96878.jpeg?ssl=1&w=640&resize=640&ssl=1 640w, https:\/\/i2.wp.com\/www.vwco.com.br\/uploads\/ckeditor\/5c81704d96878.jpeg?ssl=1&w=800&resize=800&ssl=1 800w, https:\/\/i2.wp.com\/www.vwco.com.br\/uploads\/ckeditor\/5c81704d96878.jpeg?ssl=1&w=1024&resize=1024&ssl=1 1024w, https:\/\/i2.wp.com\/www.vwco.com.br\/uploads\/ckeditor\/5c81704d96878.jpeg?ssl=1&w=1280&resize=1280&ssl=1 1280w, https:\/\/i2.wp.com\/www.vwco.com.br\/uploads\/ckeditor\/5c81704d96878.jpeg?ssl=1&w=1600&resize=1600&ssl=1 1600w\" alt fifu-data-src=\"https:\/\/i2.wp.com\/www.vwco.com.br\/uploads\/ckeditor\/5c81704d96878.jpeg?ssl=1\"><\/a><\/p>\n<p><a href=\"http:\/\/www.vwco.com.br\/uploads\/ckeditor\/5c81709a6d625.jpeg\"><img decoding=\"async\" src=\"data:image\/gif;base64,R0lGODlhAQABAIAAAAAAAP\/\/\/ywAAAAAAQABAAACAUwAOw==\" fifu-lazy=\"1\" fifu-data-sizes=\"auto\" fifu-data-srcset=\"https:\/\/i0.wp.com\/www.vwco.com.br\/uploads\/ckeditor\/5c81709a6d625.jpeg?ssl=1&w=75&resize=75&ssl=1 75w, https:\/\/i0.wp.com\/www.vwco.com.br\/uploads\/ckeditor\/5c81709a6d625.jpeg?ssl=1&w=100&resize=100&ssl=1 100w, https:\/\/i0.wp.com\/www.vwco.com.br\/uploads\/ckeditor\/5c81709a6d625.jpeg?ssl=1&w=150&resize=150&ssl=1 150w, https:\/\/i0.wp.com\/www.vwco.com.br\/uploads\/ckeditor\/5c81709a6d625.jpeg?ssl=1&w=240&resize=240&ssl=1 240w, https:\/\/i0.wp.com\/www.vwco.com.br\/uploads\/ckeditor\/5c81709a6d625.jpeg?ssl=1&w=320&resize=320&ssl=1 320w, https:\/\/i0.wp.com\/www.vwco.com.br\/uploads\/ckeditor\/5c81709a6d625.jpeg?ssl=1&w=500&resize=500&ssl=1 500w, https:\/\/i0.wp.com\/www.vwco.com.br\/uploads\/ckeditor\/5c81709a6d625.jpeg?ssl=1&w=640&resize=640&ssl=1 640w, https:\/\/i0.wp.com\/www.vwco.com.br\/uploads\/ckeditor\/5c81709a6d625.jpeg?ssl=1&w=800&resize=800&ssl=1 800w, https:\/\/i0.wp.com\/www.vwco.com.br\/uploads\/ckeditor\/5c81709a6d625.jpeg?ssl=1&w=1024&resize=1024&ssl=1 1024w, https:\/\/i0.wp.com\/www.vwco.com.br\/uploads\/ckeditor\/5c81709a6d625.jpeg?ssl=1&w=1280&resize=1280&ssl=1 1280w, https:\/\/i0.wp.com\/www.vwco.com.br\/uploads\/ckeditor\/5c81709a6d625.jpeg?ssl=1&w=1600&resize=1600&ssl=1 1600w\" alt fifu-data-src=\"https:\/\/i0.wp.com\/www.vwco.com.br\/uploads\/ckeditor\/5c81709a6d625.jpeg?ssl=1\"><\/a>&nbsp;<\/p>\n","protected":false},"excerpt":{"rendered":"<p>A Volkswagen Caminh\u00f5es e \u00d4nibus segue investindo no Brasil e est\u00e1 pronta para atender eventuais&#8230;<\/p>\n","protected":false},"author":1,"featured_media":0,"comment_status":"open","ping_status":"open","sticky":false,"template":"","format":"standard","meta":{"fifu_image_url":"","fifu_image_alt":"","footnotes":""},"categories":[727],"tags":[],"class_list":["post-76049","post","type-post","status-publish","format-standard","hentry","category-noticias","wpcat-727-id"],"_links":{"self":[{"href":"https:\/\/verde-amarelo.net\/verdeamarelo\/wp-json\/wp\/v2\/posts\/76049","targetHints":{"allow":["GET"]}}],"collection":[{"href":"https:\/\/verde-amarelo.net\/verdeamarelo\/wp-json\/wp\/v2\/posts"}],"about":[{"href":"https:\/\/verde-amarelo.net\/verdeamarelo\/wp-json\/wp\/v2\/types\/post"}],"author":[{"embeddable":true,"href":"https:\/\/verde-amarelo.net\/verdeamarelo\/wp-json\/wp\/v2\/users\/1"}],"replies":[{"embeddable":true,"href":"https:\/\/verde-amarelo.net\/verdeamarelo\/wp-json\/wp\/v2\/comments?post=76049"}],"version-history":[{"count":0,"href":"https:\/\/verde-amarelo.net\/verdeamarelo\/wp-json\/wp\/v2\/posts\/76049\/revisions"}],"wp:attachment":[{"href":"https:\/\/verde-amarelo.net\/verdeamarelo\/wp-json\/wp\/v2\/media?parent=76049"}],"wp:term":[{"taxonomy":"category","embeddable":true,"href":"https:\/\/verde-amarelo.net\/verdeamarelo\/wp-json\/wp\/v2\/categories?post=76049"},{"taxonomy":"post_tag","embeddable":true,"href":"https:\/\/verde-amarelo.net\/verdeamarelo\/wp-json\/wp\/v2\/tags?post=76049"}],"curies":[{"name":"wp","href":"https:\/\/api.w.org\/{rel}","templated":true}]}}