{"id":76077,"date":"2018-12-07T13:01:36","date_gmt":"2018-12-07T15:01:36","guid":{"rendered":"https:\/\/verde-amarelo.net\/verdeamarelo\/2018\/12\/nova-familia-delivery-estreia-na-colombia-com-venda-recorde\/"},"modified":"2018-12-07T13:01:36","modified_gmt":"2018-12-07T15:01:36","slug":"nova-familia-delivery-estreia-na-colombia-com-venda-recorde","status":"publish","type":"post","link":"https:\/\/verde-amarelo.net\/verdeamarelo\/2018\/12\/nova-familia-delivery-estreia-na-colombia-com-venda-recorde\/","title":{"rendered":"Nova fam\u00edlia Delivery estreia na Col\u00f4mbia com venda recorde"},"content":{"rendered":"<p>Modelo Delivery 11.180 j\u00e1 lidera embarques de caminh\u00f5es VW \u00e0quele pa\u00eds;<br \/>Com o novo destino, linha de caminh\u00f5es leves j\u00e1 est\u00e1 presente em dez mercados;<br \/>Novos Delivery respondem por 30% do total de caminh\u00f5es VW exportados no acumulado deste ano.<\/p>&nbsp;&nbsp;\n<p>A nova fam\u00edlia Volkswagen Delivery estreia na Col\u00f4mbia com raz\u00f5es para se comemorar: com vendas antecipadas e pedidos fechados antes mesmo da apresenta\u00e7\u00e3o oficial, realizada nesta quarta-feira (5), o modelo Delivery 11.180 \u00e9 o l\u00edder em embarques de caminh\u00f5es VW \u00e0quele pa\u00eds, o que impulsiona o sucesso internacional da linha. Os modelos j\u00e1 est\u00e3o presentes em dez pa\u00edses e respondem por cerca de 30% das exporta\u00e7\u00f5es de caminh\u00f5es VW no acumulado deste ano.<br \/>&nbsp;<br \/>A Porsche Col\u00f4mbia, representante da VW Caminh\u00f5es e \u00d4nibus naquele pa\u00eds, realizou o lan\u00e7amento em Bogot\u00e1. E al\u00e9m do 11.180, destaque antes mesmo da chegada \u00e0s revendas, mostrou aos clientes colombianos e \u00e0 imprensa local o Delivery 9.170, que tamb\u00e9m passa a estar dispon\u00edvel para vendas por l\u00e1.<br \/>&nbsp;<br \/>\u201cOs clientes colombianos j\u00e1 conhecem a robustez e a confian\u00e7a dos produtos VW. E caracter\u00edsticas dos novos Delivery, tais como design, espa\u00e7o interno, ergonomia e motoriza\u00e7\u00e3o, t\u00eam sido muito bem recebidas e elogiadas naquele mercado. Com o lan\u00e7amento do modelo 11.180, entramos num segmento em que ainda n\u00e3o particip\u00e1vamos e que atende sob medida \u00e0s demandas da opera\u00e7\u00e3o. Tudo isso favoreceu o excelente ingresso dessa novidade por l\u00e1, apresentada em conjunto com a Porsche Col\u00f4mbia\u201d, afirma Roberto Cortes, presidente e CEO da VW Caminh\u00f5es e \u00d4nibus.<\/p>&nbsp;&nbsp;\n<p>O segmento de caminh\u00f5es leves \u00e9 um dos mais representativos da Am\u00e9rica Latina. E n\u00e3o \u00e0 toa a nova linha de caminh\u00f5es VW Delivery \u00e9 sucesso no Brasil e novos lan\u00e7amentos v\u00e3o acontecer durante os pr\u00f3ximos 12 meses, abrangendo todos os mercados externos da VW Caminh\u00f5es e \u00d4nibus.<br \/>&nbsp;<br \/>Uma nova gera\u00e7\u00e3o no transporte urbano de cargas<\/p>\n<p>A nova fam\u00edlia Delivery chega para revolucionar o transporte de cargas no segmento de caminh\u00f5es leves. Desenvolvido e produzido na Am\u00e9rica Latina, o lan\u00e7amento j\u00e1 atende a padr\u00f5es internacionais para os mercados mais exigentes. Composta por modelos de 3,5 a 13 toneladas, est\u00e1 pronta para conquistar o mundo: nasceu a partir da receita de sucesso da primeira linha Delivery e da experi\u00eancia dos clientes das mais de 100 mil unidades produzidas. Foi ouvindo o cliente que a Volkswagen Caminh\u00f5es e \u00d4nibus estreia uma gama de produtos sob medida para os dias de hoje.<\/p>&nbsp;&nbsp;\n<p>Com o lan\u00e7amento, fruto de um investimento de mais de R$ 1 bilh\u00e3o, a marca apresenta um produto que re\u00fane os atributos de um caminh\u00e3o grande num ve\u00edculo pequeno, tais como robustez com design moderno. Com o maior espa\u00e7o interno da categoria, a cabine do novo Delivery re\u00fane o que h\u00e1 de mais inovador em termos de ergonomia, conforto, espa\u00e7o interno e robustez.<br \/>&nbsp;<\/p>\n<p><a href=\"http:\/\/www.vwco.com.br\/uploads\/ckeditor\/5c0a6fb3b0166.png\"><img decoding=\"async\" src=\"data:image\/gif;base64,R0lGODlhAQABAIAAAAAAAP\/\/\/ywAAAAAAQABAAACAUwAOw==\" fifu-lazy=\"1\" fifu-data-sizes=\"auto\" fifu-data-srcset=\"https:\/\/i1.wp.com\/www.vwco.com.br\/uploads\/ckeditor\/5c0a6fb3b0166.png?ssl=1&w=75&resize=75&ssl=1 75w, https:\/\/i1.wp.com\/www.vwco.com.br\/uploads\/ckeditor\/5c0a6fb3b0166.png?ssl=1&w=100&resize=100&ssl=1 100w, https:\/\/i1.wp.com\/www.vwco.com.br\/uploads\/ckeditor\/5c0a6fb3b0166.png?ssl=1&w=150&resize=150&ssl=1 150w, https:\/\/i1.wp.com\/www.vwco.com.br\/uploads\/ckeditor\/5c0a6fb3b0166.png?ssl=1&w=240&resize=240&ssl=1 240w, https:\/\/i1.wp.com\/www.vwco.com.br\/uploads\/ckeditor\/5c0a6fb3b0166.png?ssl=1&w=320&resize=320&ssl=1 320w, https:\/\/i1.wp.com\/www.vwco.com.br\/uploads\/ckeditor\/5c0a6fb3b0166.png?ssl=1&w=500&resize=500&ssl=1 500w, https:\/\/i1.wp.com\/www.vwco.com.br\/uploads\/ckeditor\/5c0a6fb3b0166.png?ssl=1&w=640&resize=640&ssl=1 640w, https:\/\/i1.wp.com\/www.vwco.com.br\/uploads\/ckeditor\/5c0a6fb3b0166.png?ssl=1&w=800&resize=800&ssl=1 800w, https:\/\/i1.wp.com\/www.vwco.com.br\/uploads\/ckeditor\/5c0a6fb3b0166.png?ssl=1&w=1024&resize=1024&ssl=1 1024w, https:\/\/i1.wp.com\/www.vwco.com.br\/uploads\/ckeditor\/5c0a6fb3b0166.png?ssl=1&w=1280&resize=1280&ssl=1 1280w, https:\/\/i1.wp.com\/www.vwco.com.br\/uploads\/ckeditor\/5c0a6fb3b0166.png?ssl=1&w=1600&resize=1600&ssl=1 1600w\" alt fifu-data-src=\"https:\/\/i1.wp.com\/www.vwco.com.br\/uploads\/ckeditor\/5c0a6fb3b0166.png?ssl=1\"><\/a>&nbsp;<\/p>\n<p><a href=\"http:\/\/www.vwco.com.br\/uploads\/ckeditor\/5c0a707d434b4.png\"><img decoding=\"async\" src=\"data:image\/gif;base64,R0lGODlhAQABAIAAAAAAAP\/\/\/ywAAAAAAQABAAACAUwAOw==\" fifu-lazy=\"1\" fifu-data-sizes=\"auto\" fifu-data-srcset=\"https:\/\/i2.wp.com\/www.vwco.com.br\/uploads\/ckeditor\/5c0a707d434b4.png?ssl=1&w=75&resize=75&ssl=1 75w, https:\/\/i2.wp.com\/www.vwco.com.br\/uploads\/ckeditor\/5c0a707d434b4.png?ssl=1&w=100&resize=100&ssl=1 100w, https:\/\/i2.wp.com\/www.vwco.com.br\/uploads\/ckeditor\/5c0a707d434b4.png?ssl=1&w=150&resize=150&ssl=1 150w, https:\/\/i2.wp.com\/www.vwco.com.br\/uploads\/ckeditor\/5c0a707d434b4.png?ssl=1&w=240&resize=240&ssl=1 240w, https:\/\/i2.wp.com\/www.vwco.com.br\/uploads\/ckeditor\/5c0a707d434b4.png?ssl=1&w=320&resize=320&ssl=1 320w, https:\/\/i2.wp.com\/www.vwco.com.br\/uploads\/ckeditor\/5c0a707d434b4.png?ssl=1&w=500&resize=500&ssl=1 500w, https:\/\/i2.wp.com\/www.vwco.com.br\/uploads\/ckeditor\/5c0a707d434b4.png?ssl=1&w=640&resize=640&ssl=1 640w, https:\/\/i2.wp.com\/www.vwco.com.br\/uploads\/ckeditor\/5c0a707d434b4.png?ssl=1&w=800&resize=800&ssl=1 800w, https:\/\/i2.wp.com\/www.vwco.com.br\/uploads\/ckeditor\/5c0a707d434b4.png?ssl=1&w=1024&resize=1024&ssl=1 1024w, https:\/\/i2.wp.com\/www.vwco.com.br\/uploads\/ckeditor\/5c0a707d434b4.png?ssl=1&w=1280&resize=1280&ssl=1 1280w, https:\/\/i2.wp.com\/www.vwco.com.br\/uploads\/ckeditor\/5c0a707d434b4.png?ssl=1&w=1600&resize=1600&ssl=1 1600w\" alt fifu-data-src=\"https:\/\/i2.wp.com\/www.vwco.com.br\/uploads\/ckeditor\/5c0a707d434b4.png?ssl=1\"><\/a>&nbsp;<\/p>\n<p><a href=\"http:\/\/www.vwco.com.br\/uploads\/ckeditor\/5c0a711da1a9e.jpeg\"><img decoding=\"async\" src=\"data:image\/gif;base64,R0lGODlhAQABAIAAAAAAAP\/\/\/ywAAAAAAQABAAACAUwAOw==\" fifu-lazy=\"1\" fifu-data-sizes=\"auto\" fifu-data-srcset=\"https:\/\/i2.wp.com\/www.vwco.com.br\/uploads\/ckeditor\/5c0a711da1a9e.jpeg?ssl=1&w=75&resize=75&ssl=1 75w, https:\/\/i2.wp.com\/www.vwco.com.br\/uploads\/ckeditor\/5c0a711da1a9e.jpeg?ssl=1&w=100&resize=100&ssl=1 100w, https:\/\/i2.wp.com\/www.vwco.com.br\/uploads\/ckeditor\/5c0a711da1a9e.jpeg?ssl=1&w=150&resize=150&ssl=1 150w, https:\/\/i2.wp.com\/www.vwco.com.br\/uploads\/ckeditor\/5c0a711da1a9e.jpeg?ssl=1&w=240&resize=240&ssl=1 240w, https:\/\/i2.wp.com\/www.vwco.com.br\/uploads\/ckeditor\/5c0a711da1a9e.jpeg?ssl=1&w=320&resize=320&ssl=1 320w, https:\/\/i2.wp.com\/www.vwco.com.br\/uploads\/ckeditor\/5c0a711da1a9e.jpeg?ssl=1&w=500&resize=500&ssl=1 500w, https:\/\/i2.wp.com\/www.vwco.com.br\/uploads\/ckeditor\/5c0a711da1a9e.jpeg?ssl=1&w=640&resize=640&ssl=1 640w, https:\/\/i2.wp.com\/www.vwco.com.br\/uploads\/ckeditor\/5c0a711da1a9e.jpeg?ssl=1&w=800&resize=800&ssl=1 800w, https:\/\/i2.wp.com\/www.vwco.com.br\/uploads\/ckeditor\/5c0a711da1a9e.jpeg?ssl=1&w=1024&resize=1024&ssl=1 1024w, https:\/\/i2.wp.com\/www.vwco.com.br\/uploads\/ckeditor\/5c0a711da1a9e.jpeg?ssl=1&w=1280&resize=1280&ssl=1 1280w, https:\/\/i2.wp.com\/www.vwco.com.br\/uploads\/ckeditor\/5c0a711da1a9e.jpeg?ssl=1&w=1600&resize=1600&ssl=1 1600w\" alt fifu-data-src=\"https:\/\/i2.wp.com\/www.vwco.com.br\/uploads\/ckeditor\/5c0a711da1a9e.jpeg?ssl=1\"><\/a>&nbsp;<\/p>\n","protected":false},"excerpt":{"rendered":"<p>Modelo Delivery 11.180 j\u00e1 lidera embarques de caminh\u00f5es VW \u00e0quele pa\u00eds;Com o novo destino, linha&#8230;<\/p>\n","protected":false},"author":1,"featured_media":0,"comment_status":"open","ping_status":"open","sticky":false,"template":"","format":"standard","meta":{"fifu_image_url":"","fifu_image_alt":"","footnotes":""},"categories":[727],"tags":[],"class_list":["post-76077","post","type-post","status-publish","format-standard","hentry","category-noticias","wpcat-727-id"],"_links":{"self":[{"href":"https:\/\/verde-amarelo.net\/verdeamarelo\/wp-json\/wp\/v2\/posts\/76077","targetHints":{"allow":["GET"]}}],"collection":[{"href":"https:\/\/verde-amarelo.net\/verdeamarelo\/wp-json\/wp\/v2\/posts"}],"about":[{"href":"https:\/\/verde-amarelo.net\/verdeamarelo\/wp-json\/wp\/v2\/types\/post"}],"author":[{"embeddable":true,"href":"https:\/\/verde-amarelo.net\/verdeamarelo\/wp-json\/wp\/v2\/users\/1"}],"replies":[{"embeddable":true,"href":"https:\/\/verde-amarelo.net\/verdeamarelo\/wp-json\/wp\/v2\/comments?post=76077"}],"version-history":[{"count":0,"href":"https:\/\/verde-amarelo.net\/verdeamarelo\/wp-json\/wp\/v2\/posts\/76077\/revisions"}],"wp:attachment":[{"href":"https:\/\/verde-amarelo.net\/verdeamarelo\/wp-json\/wp\/v2\/media?parent=76077"}],"wp:term":[{"taxonomy":"category","embeddable":true,"href":"https:\/\/verde-amarelo.net\/verdeamarelo\/wp-json\/wp\/v2\/categories?post=76077"},{"taxonomy":"post_tag","embeddable":true,"href":"https:\/\/verde-amarelo.net\/verdeamarelo\/wp-json\/wp\/v2\/tags?post=76077"}],"curies":[{"name":"wp","href":"https:\/\/api.w.org\/{rel}","templated":true}]}}