{"id":76107,"date":"2018-09-25T19:52:42","date_gmt":"2018-09-25T22:52:42","guid":{"rendered":"https:\/\/verde-amarelo.net\/verdeamarelo\/2018\/09\/vw-caminhoes-e-onibus-e-destaque-nas-exportacoes-com-o-premio-rio-export\/"},"modified":"2018-09-25T19:52:42","modified_gmt":"2018-09-25T22:52:42","slug":"vw-caminhoes-e-onibus-e-destaque-nas-exportacoes-com-o-premio-rio-export","status":"publish","type":"post","link":"https:\/\/verde-amarelo.net\/verdeamarelo\/2018\/09\/vw-caminhoes-e-onibus-e-destaque-nas-exportacoes-com-o-premio-rio-export\/","title":{"rendered":"VW Caminh\u00f5es e \u00d4nibus \u00e9 destaque nas exporta\u00e7\u00f5es com o Pr\u00eamio Rio Export"},"content":{"rendered":"<p><em>Com f\u00e1brica instalada em Resende (RJ), empresa avan\u00e7ou na internacionaliza\u00e7\u00e3o e registrou crescimento de 31% nas exporta\u00e7\u00f5es na compara\u00e7\u00e3o com 2016.<\/em><\/p>\n<p>A VW Caminh\u00f5es e \u00d4nibus conquista mais uma vez o Pr\u00eamio Rio Export, reconhecimento do Sistema Firjan pelo incentivo da empresa \u00e0s exporta\u00e7\u00f5es no Estado do Rio de Janeiro, na categoria Destaque Certificado de Origem. No ano passado a fabricante avan\u00e7ou na internacionaliza\u00e7\u00e3o e registrou crescimento de 31% nas exporta\u00e7\u00f5es na compara\u00e7\u00e3o com 2016: foram 8.479 embarques ao exterior. O resultado \u00e9 o maior dos \u00faltimos cinco anos e foi alcan\u00e7ado gra\u00e7as a grandes sucessos produzidos na f\u00e1brica em Resende (RJ), como o VW Constellation 17.280, caminh\u00e3o campe\u00e3o de vendas na Argentina no ano passado.<\/p>&nbsp;&nbsp;\n<p>Desde 2011 a empresa lidera a categoria Destaque Emiss\u00e3o de Certificado de Origem, documento utilizado para comprovar a origem da mercadoria e garantir competitividade do produto no mercado externo.<\/p>&nbsp;&nbsp;\n<p>\u201cNossos mercados externos, a exemplo do que ocorre no Brasil, exigem o que h\u00e1 de mais moderno em tecnologia de transporte. Por isso estamos atentos para levar a nossos clientes tecnologia de ponta, sempre com o nosso conceito de mais voc\u00ea n\u00e3o precisa, menos voc\u00ea n\u00e3o quer, que se soma \u00e0 excel\u00eancia no p\u00f3s-vendas, oferecida por nossos representantes oficiais na mais diversas localidades\u201d, comenta Marcos Forgioni, vice-presidente de Vendas e Marketing \u2013 Mercados Internacionais da VW Caminh\u00f5es e \u00d4nibus.<\/p>&nbsp;&nbsp;\n<p>O atual ciclo de investimentos da VW Caminh\u00f5es e \u00d4nibus representa R$ 1,5 bilh\u00e3o para o per\u00edodo 2017-2021 e d\u00e1 suporte ao plano de internacionaliza\u00e7\u00e3o e expans\u00e3o da marca, que se destaca agora com o lan\u00e7amento da nova fam\u00edlia Delivery em diversos mercados.<\/p>&nbsp;&nbsp;\n<p>A nova linha de caminh\u00f5es VW Delivery \u00e9 sucesso no Brasil e j\u00e1 tem passaporte carimbado em outros seis pa\u00edses: M\u00e9xico, Argentina, Chile, Uruguai, Peru e Paraguai. Novos lan\u00e7amentos v\u00e3o acontecer durante os pr\u00f3ximos 12 meses, abrangendo todos os mercados externos da VW Caminh\u00f5es e \u00d4nibus.<\/p>&nbsp;&nbsp;\n<p><strong>Sobre o pr\u00eamio<\/strong><\/p>\n<p>O Pr\u00eamio Rio Export tem o objetivo de valorizar e estimular o desempenho das ind\u00fastrias do Estado do Rio de Janeiro nas rela\u00e7\u00f5es com o mercado externo. A iniciativa foi lan\u00e7ada em 1998 e se insere no esfor\u00e7o de difus\u00e3o e consolida\u00e7\u00e3o da cultura exportadora no Estado. O pr\u00eamio \u00e9 entregue anualmente \u00e0s empresas fluminenses que mais se destacaram em diversas categorias, de acordo com o desempenho na atividade exportadora retratado nos n\u00fameros oficiais da Secex.<\/p>&nbsp;&nbsp;\n<p><a href=\"http:\/\/www.vwco.com.br\/uploads\/ckeditor\/5baa92326a0d7.jpeg\"><img decoding=\"async\" src=\"data:image\/gif;base64,R0lGODlhAQABAIAAAAAAAP\/\/\/ywAAAAAAQABAAACAUwAOw==\" fifu-lazy=\"1\" fifu-data-sizes=\"auto\" fifu-data-srcset=\"https:\/\/i2.wp.com\/www.vwco.com.br\/uploads\/ckeditor\/5baa92326a0d7.jpeg?ssl=1&w=75&resize=75&ssl=1 75w, https:\/\/i2.wp.com\/www.vwco.com.br\/uploads\/ckeditor\/5baa92326a0d7.jpeg?ssl=1&w=100&resize=100&ssl=1 100w, https:\/\/i2.wp.com\/www.vwco.com.br\/uploads\/ckeditor\/5baa92326a0d7.jpeg?ssl=1&w=150&resize=150&ssl=1 150w, https:\/\/i2.wp.com\/www.vwco.com.br\/uploads\/ckeditor\/5baa92326a0d7.jpeg?ssl=1&w=240&resize=240&ssl=1 240w, https:\/\/i2.wp.com\/www.vwco.com.br\/uploads\/ckeditor\/5baa92326a0d7.jpeg?ssl=1&w=320&resize=320&ssl=1 320w, https:\/\/i2.wp.com\/www.vwco.com.br\/uploads\/ckeditor\/5baa92326a0d7.jpeg?ssl=1&w=500&resize=500&ssl=1 500w, https:\/\/i2.wp.com\/www.vwco.com.br\/uploads\/ckeditor\/5baa92326a0d7.jpeg?ssl=1&w=640&resize=640&ssl=1 640w, https:\/\/i2.wp.com\/www.vwco.com.br\/uploads\/ckeditor\/5baa92326a0d7.jpeg?ssl=1&w=800&resize=800&ssl=1 800w, https:\/\/i2.wp.com\/www.vwco.com.br\/uploads\/ckeditor\/5baa92326a0d7.jpeg?ssl=1&w=1024&resize=1024&ssl=1 1024w, https:\/\/i2.wp.com\/www.vwco.com.br\/uploads\/ckeditor\/5baa92326a0d7.jpeg?ssl=1&w=1280&resize=1280&ssl=1 1280w, https:\/\/i2.wp.com\/www.vwco.com.br\/uploads\/ckeditor\/5baa92326a0d7.jpeg?ssl=1&w=1600&resize=1600&ssl=1 1600w\" alt fifu-data-src=\"https:\/\/i2.wp.com\/www.vwco.com.br\/uploads\/ckeditor\/5baa92326a0d7.jpeg?ssl=1\"><\/a>&nbsp;<a href=\"http:\/\/www.vwco.com.br\/uploads\/ckeditor\/5baa925a9cab6.jpeg\"><img decoding=\"async\" src=\"data:image\/gif;base64,R0lGODlhAQABAIAAAAAAAP\/\/\/ywAAAAAAQABAAACAUwAOw==\" fifu-lazy=\"1\" fifu-data-sizes=\"auto\" fifu-data-srcset=\"https:\/\/i3.wp.com\/www.vwco.com.br\/uploads\/ckeditor\/5baa925a9cab6.jpeg?ssl=1&w=75&resize=75&ssl=1 75w, https:\/\/i3.wp.com\/www.vwco.com.br\/uploads\/ckeditor\/5baa925a9cab6.jpeg?ssl=1&w=100&resize=100&ssl=1 100w, https:\/\/i3.wp.com\/www.vwco.com.br\/uploads\/ckeditor\/5baa925a9cab6.jpeg?ssl=1&w=150&resize=150&ssl=1 150w, https:\/\/i3.wp.com\/www.vwco.com.br\/uploads\/ckeditor\/5baa925a9cab6.jpeg?ssl=1&w=240&resize=240&ssl=1 240w, https:\/\/i3.wp.com\/www.vwco.com.br\/uploads\/ckeditor\/5baa925a9cab6.jpeg?ssl=1&w=320&resize=320&ssl=1 320w, https:\/\/i3.wp.com\/www.vwco.com.br\/uploads\/ckeditor\/5baa925a9cab6.jpeg?ssl=1&w=500&resize=500&ssl=1 500w, https:\/\/i3.wp.com\/www.vwco.com.br\/uploads\/ckeditor\/5baa925a9cab6.jpeg?ssl=1&w=640&resize=640&ssl=1 640w, https:\/\/i3.wp.com\/www.vwco.com.br\/uploads\/ckeditor\/5baa925a9cab6.jpeg?ssl=1&w=800&resize=800&ssl=1 800w, https:\/\/i3.wp.com\/www.vwco.com.br\/uploads\/ckeditor\/5baa925a9cab6.jpeg?ssl=1&w=1024&resize=1024&ssl=1 1024w, https:\/\/i3.wp.com\/www.vwco.com.br\/uploads\/ckeditor\/5baa925a9cab6.jpeg?ssl=1&w=1280&resize=1280&ssl=1 1280w, https:\/\/i3.wp.com\/www.vwco.com.br\/uploads\/ckeditor\/5baa925a9cab6.jpeg?ssl=1&w=1600&resize=1600&ssl=1 1600w\" alt fifu-data-src=\"https:\/\/i3.wp.com\/www.vwco.com.br\/uploads\/ckeditor\/5baa925a9cab6.jpeg?ssl=1\"><\/a><\/p>\n<p><a href=\"http:\/\/www.vwco.com.br\/uploads\/ckeditor\/5baa928db8233.jpeg\"><img decoding=\"async\" src=\"data:image\/gif;base64,R0lGODlhAQABAIAAAAAAAP\/\/\/ywAAAAAAQABAAACAUwAOw==\" fifu-lazy=\"1\" fifu-data-sizes=\"auto\" fifu-data-srcset=\"https:\/\/i2.wp.com\/www.vwco.com.br\/uploads\/ckeditor\/5baa928db8233.jpeg?ssl=1&w=75&resize=75&ssl=1 75w, https:\/\/i2.wp.com\/www.vwco.com.br\/uploads\/ckeditor\/5baa928db8233.jpeg?ssl=1&w=100&resize=100&ssl=1 100w, https:\/\/i2.wp.com\/www.vwco.com.br\/uploads\/ckeditor\/5baa928db8233.jpeg?ssl=1&w=150&resize=150&ssl=1 150w, https:\/\/i2.wp.com\/www.vwco.com.br\/uploads\/ckeditor\/5baa928db8233.jpeg?ssl=1&w=240&resize=240&ssl=1 240w, https:\/\/i2.wp.com\/www.vwco.com.br\/uploads\/ckeditor\/5baa928db8233.jpeg?ssl=1&w=320&resize=320&ssl=1 320w, https:\/\/i2.wp.com\/www.vwco.com.br\/uploads\/ckeditor\/5baa928db8233.jpeg?ssl=1&w=500&resize=500&ssl=1 500w, https:\/\/i2.wp.com\/www.vwco.com.br\/uploads\/ckeditor\/5baa928db8233.jpeg?ssl=1&w=640&resize=640&ssl=1 640w, https:\/\/i2.wp.com\/www.vwco.com.br\/uploads\/ckeditor\/5baa928db8233.jpeg?ssl=1&w=800&resize=800&ssl=1 800w, https:\/\/i2.wp.com\/www.vwco.com.br\/uploads\/ckeditor\/5baa928db8233.jpeg?ssl=1&w=1024&resize=1024&ssl=1 1024w, https:\/\/i2.wp.com\/www.vwco.com.br\/uploads\/ckeditor\/5baa928db8233.jpeg?ssl=1&w=1280&resize=1280&ssl=1 1280w, https:\/\/i2.wp.com\/www.vwco.com.br\/uploads\/ckeditor\/5baa928db8233.jpeg?ssl=1&w=1600&resize=1600&ssl=1 1600w\" alt fifu-data-src=\"https:\/\/i2.wp.com\/www.vwco.com.br\/uploads\/ckeditor\/5baa928db8233.jpeg?ssl=1\"><\/a>&nbsp;<\/p>\n","protected":false},"excerpt":{"rendered":"<p>Com f\u00e1brica instalada em Resende (RJ), empresa avan\u00e7ou na internacionaliza\u00e7\u00e3o e registrou crescimento de 31%&#8230;<\/p>\n","protected":false},"author":1,"featured_media":0,"comment_status":"open","ping_status":"open","sticky":false,"template":"","format":"standard","meta":{"fifu_image_url":"","fifu_image_alt":"","footnotes":""},"categories":[727],"tags":[],"class_list":["post-76107","post","type-post","status-publish","format-standard","hentry","category-noticias","wpcat-727-id"],"_links":{"self":[{"href":"https:\/\/verde-amarelo.net\/verdeamarelo\/wp-json\/wp\/v2\/posts\/76107","targetHints":{"allow":["GET"]}}],"collection":[{"href":"https:\/\/verde-amarelo.net\/verdeamarelo\/wp-json\/wp\/v2\/posts"}],"about":[{"href":"https:\/\/verde-amarelo.net\/verdeamarelo\/wp-json\/wp\/v2\/types\/post"}],"author":[{"embeddable":true,"href":"https:\/\/verde-amarelo.net\/verdeamarelo\/wp-json\/wp\/v2\/users\/1"}],"replies":[{"embeddable":true,"href":"https:\/\/verde-amarelo.net\/verdeamarelo\/wp-json\/wp\/v2\/comments?post=76107"}],"version-history":[{"count":0,"href":"https:\/\/verde-amarelo.net\/verdeamarelo\/wp-json\/wp\/v2\/posts\/76107\/revisions"}],"wp:attachment":[{"href":"https:\/\/verde-amarelo.net\/verdeamarelo\/wp-json\/wp\/v2\/media?parent=76107"}],"wp:term":[{"taxonomy":"category","embeddable":true,"href":"https:\/\/verde-amarelo.net\/verdeamarelo\/wp-json\/wp\/v2\/categories?post=76107"},{"taxonomy":"post_tag","embeddable":true,"href":"https:\/\/verde-amarelo.net\/verdeamarelo\/wp-json\/wp\/v2\/tags?post=76107"}],"curies":[{"name":"wp","href":"https:\/\/api.w.org\/{rel}","templated":true}]}}