{"id":76110,"date":"2018-09-20T15:20:47","date_gmt":"2018-09-20T18:20:47","guid":{"rendered":"https:\/\/verde-amarelo.net\/verdeamarelo\/2018\/09\/america-latina-volkswagen-caminhoes-e-onibus-lanca-rio-a-empresa-do-grupo-traton-para-solucoes-digitais-de-logistica\/"},"modified":"2018-09-20T15:20:47","modified_gmt":"2018-09-20T18:20:47","slug":"america-latina-volkswagen-caminhoes-e-onibus-lanca-rio-a-empresa-do-grupo-traton-para-solucoes-digitais-de-logistica","status":"publish","type":"post","link":"https:\/\/verde-amarelo.net\/verdeamarelo\/2018\/09\/america-latina-volkswagen-caminhoes-e-onibus-lanca-rio-a-empresa-do-grupo-traton-para-solucoes-digitais-de-logistica\/","title":{"rendered":"Am\u00e9rica Latina: Volkswagen Caminh\u00f5es e \u00d4nibus lan\u00e7a RIO, a empresa do Grupo TRATON para solu\u00e7\u00f5es digitais de log\u00edstica"},"content":{"rendered":"<p><em>Marca de conectividade da TRATON chega ao Brasil j\u00e1 em 2019<\/em><\/p>\n<p>Sempre em linha com os \u00faltimos desenvolvimentos, a Volkswagen Caminh\u00f5es e \u00d4nibus estreia com o RIO na Am\u00e9rica Latina para oferecer aos clientes este avan\u00e7ado conjunto de solu\u00e7\u00f5es digitais em \u201cnuvem\u201d que vai muito al\u00e9m das atuais ferramentas de conectividade dispon\u00edveis no mercado. Oferecendo a integra\u00e7\u00e3o total entre ve\u00edculo, frotista, p\u00f3s-vendas, motorista e cliente final, a Volkswagen Caminh\u00f5es e \u00d4nibus e o RIO, parte do Grupo TRATON, v\u00e3o fornecer a tecnologia que o moderno transportador exige, n\u00e3o importando seu tamanho ou rota.<\/p>&nbsp;&nbsp;\n<p>\u201cA inova\u00e7\u00e3o est\u00e1 em nosso DNA. Combinando nossos j\u00e1 conhecidos conceitos \u2018Menos, voc\u00ea n\u00e3o quer; mais, voc\u00ea n\u00e3o precisa\u2019 e \u2018Sob medida\u2019, o lan\u00e7amento do RIO agregar\u00e1 solu\u00e7\u00f5es digitais para ecossistemas completos de transporte e log\u00edstica. Isso vai representar uma evolu\u00e7\u00e3o na tecnologia pioneira do Volksnet, incorporando suas fun\u00e7\u00f5es e oferecendo muito mais. O transporte na Am\u00e9rica Latina ser\u00e1 muito mais seguro e eficiente\u201d, diz Roberto Cortes, presidente e CEO da Volkswagen Caminh\u00f5es e \u00d4nibus.<\/p>&nbsp;&nbsp;\n<p>O Brasil vai ser o primeiro mercado atendido antes dos planos do RIO de desembarcar no M\u00e9xico, Argentina e Chile. Para atender \u00e0s demandas regionais, a plataforma contar\u00e1 com servi\u00e7os exclusivos para a Am\u00e9rica Latina, al\u00e9m do portf\u00f3lio global do RIO, de fabricantes e outras empresas. Um exemplo \u00e9 o pacote Security.<\/p>&nbsp;&nbsp;\n<p>\u201cAo longo do pr\u00f3ximo ano, os caminh\u00f5es VW Delivery, VW Constellation e MAN, al\u00e9m dos \u00f4nibus Volksbus, destinados ao mercado brasileiro, sair\u00e3o gradualmente de f\u00e1brica prontos para conex\u00e3o digital atrav\u00e9s da RIO Box, que tamb\u00e9m ser\u00e1 oferecida para instala\u00e7\u00e3o a quem j\u00e1 possui ve\u00edculos da marca com interface aberta FMS. Esperamos atender os demais mercados latinos em breve, come\u00e7ando pelas opera\u00e7\u00f5es de transporte em nossas fronteiras\u201d, explica Cortes.<\/p>&nbsp;&nbsp;\n<p>A interface vai gerar tamb\u00e9m benef\u00edcios em outros servi\u00e7os que a VWCO oferece a seus clientes. Nos caminh\u00f5es e \u00f4nibus Volkswagen conectados com a RIO Box, o atendimento aos clientes pelo ChameVolks ser\u00e1 muito mais eficiente e \u00e1gil. Ao receber uma chamada, o consultor prontamente identificar\u00e1 a localiza\u00e7\u00e3o e o hist\u00f3rico dos indicadores que auxiliar\u00e3o no correto diagn\u00f3stico do ve\u00edculo. Dessa forma, o concession\u00e1rio acionado estar\u00e1 mais preparado para realizar o atendimento, de forma eficaz, em campo ou em seu espa\u00e7o, aumentando a produtividade atrav\u00e9s do menor tempo de parada do ve\u00edculo para manuten\u00e7\u00e3o.<\/p>&nbsp;&nbsp;\n<p><strong>Amplo pacote de servi\u00e7os digitais + um mundo de op\u00e7\u00f5es<\/strong><\/p>\n<p>Os ve\u00edculos equipados com a RIO Box v\u00eam com um pacote b\u00e1sico sem custos chamado Essentials e ter\u00e3o acesso a mais solu\u00e7\u00f5es exclusivas oferecidas no Marketplace (mercado virtual). O RIO Essentials oferece mapas digitais com a posi\u00e7\u00e3o do ve\u00edculo, an\u00e1lise de desempenho, consumo m\u00e9dio de combust\u00edvel, dist\u00e2ncia percorrida no per\u00edodo, tempos de dire\u00e7\u00e3o e parada, al\u00e9m de horas de funcionamento do motor.<\/p>&nbsp;&nbsp;\n<p>Servi\u00e7os RIO ser\u00e3o progressivamente introduzidos no Marketplace da plataforma. \u201cOs clientes poder\u00e3o aderir ou cancelar servi\u00e7os individualmente, a cada dia e por ve\u00edculo, sem um prazo m\u00ednimo \u2014 taxas de ades\u00e3o ou prazos m\u00ednimos de perman\u00eancia n\u00e3o se aplicam, com exce\u00e7\u00e3o dos servi\u00e7os que exigem equipamentos adicionais (como sirene, sensores etc.)\u201d, explica Jan Kaumanns, CEO do RIO.<\/p>&nbsp;&nbsp;\n<p>Al\u00e9m do Essentials, os servi\u00e7os RIO dispon\u00edveis aos clientes da Volkswagen Caminh\u00f5es e \u00d4nibus ser\u00e3o: avalia\u00e7\u00e3o de desempenho do ve\u00edculo com maior armazenamento dos dados na nuvem; treinamentos do motorista e monitoramento; gerenciamento de tac\u00f3grafos; e planejamento de manuten\u00e7\u00e3o.<\/p>&nbsp;&nbsp;\n<p>Outros servi\u00e7os dedicados \u00e0 log\u00edstica avan\u00e7ada ser\u00e3o oferecidos atrav\u00e9s da plataforma, tais como: localiza\u00e7\u00e3o, cercas e alertas; gest\u00e3o de entregas e troca de mensagens com o motorista; e identifica\u00e7\u00e3o e administra\u00e7\u00e3o de implementos.<\/p>&nbsp;&nbsp;\n<p>O Security, servi\u00e7o do RIO exclusivo para mercados da Am\u00e9rica Latina, busca a melhor gest\u00e3o da seguran\u00e7a da carga e do ve\u00edculo em tr\u00eas diferentes n\u00edveis, especialmente concebido para atender ao &#8220;plano de gest\u00e3o de riscos&#8221; estabelecido pelas ag\u00eancias de risco.<\/p>&nbsp;&nbsp;\n<p>O ecossistema de log\u00edstica RIO \u00e9 baseado em \u201cnuvem\u201d, aberto e oferece ao cliente, numa \u00fanica interface, acesso a todos os aplicativos e servi\u00e7os. Juntas ao RIO, reconhecidas empresas v\u00e3o oferecer seus servi\u00e7os atrav\u00e9s do Marketplace, como: Omnilink, Continental, Pirelli Cyberfleet, PST Positron, Bosch e DriveUp.<\/p>&nbsp;&nbsp;\n<p>Com constru\u00e7\u00e3o amig\u00e1vel e aberta a novos servi\u00e7os na log\u00edstica, o RIO \u00e9 uma plataforma para oferta de servi\u00e7os das start-ups e empresas inovadoras no segmento. O pacote de informa\u00e7\u00f5es poder\u00e1 ser compartilhado com o propriet\u00e1rio do ve\u00edculo, o motorista, e num futuro pr\u00f3ximo at\u00e9 com a rede de concession\u00e1rios autorizados (para agendamento de manuten\u00e7\u00f5es, por exemplo).<\/p>&nbsp;&nbsp;\n<p><strong>Frota-piloto<\/strong><\/p>\n<p>Clientes brasileiros j\u00e1 rodam equipados com a RIO Box (equipamento que conecta o ve\u00edculo \u00e0s solu\u00e7\u00f5es em \u201cnuvem\u201d) para testar a novidade. Dados dos ve\u00edculos poder\u00e3o ser visualizados em tempo real no estande do RIO (hall 12, C21) no sal\u00e3o internacional IAA em Hannover, na Alemanha, de 20 a 27 de setembro.<\/p>&nbsp;&nbsp;\n<p>Tamb\u00e9m na feira, todos os ve\u00edculos expostos pela Volkswagen Caminh\u00f5es e \u00d4nibus est\u00e3o equipados com a RIO Box. Nos modelos exibidos com propulsores movidos a eletricidade, os pilares da TRATON representados pelas palavras Clean (Limpo) e Connected (conectado) encontram-se unidos pela primeira vez em produtos com tecnologia de ponta destinados a mercados emergentes. As solu\u00e7\u00f5es RIO chegam \u00e0 Am\u00e9rica Latina apenas dois anos ap\u00f3s a novidade ser apresentada na Europa, justamente na pen\u00faltima edi\u00e7\u00e3o da IAA em 2016, em Hannover.<\/p>&nbsp;&nbsp;\n<p><strong>Sobre o RIO<\/strong><\/p>\n<p>RIO \u00e9 uma plataforma de log\u00edstica aberta e baseada em \u201cnuvem\u201d que trar\u00e1 um grande avan\u00e7o no ecossistema global de transporte e log\u00edstica da Am\u00e9rica Latina. Combina informa\u00e7\u00f5es sobre caminh\u00f5es, reboques, motoristas e pedidos com dados sobre tr\u00e1fego, clima e navega\u00e7\u00e3o, gerando recomenda\u00e7\u00f5es valiosas e sob medida em tempo real.<\/p>&nbsp;&nbsp;\n<p>A novidade: integrando toda a cadeia de suprimentos em um ambiente de conectividade. Oferecendo todos os benef\u00edcios da digitaliza\u00e7\u00e3o para grandes e pequenas empresas no setor de log\u00edstica. E o melhor: RIO \u00e9 desenvolvido pelo Grupo TRATON, e constru\u00eddo com base em parcerias de longo prazo com experi\u00eancia no setor.<\/p>&nbsp;&nbsp;\n<p>V\u00cdDEO E MAIS IMAGENS PARA DOWNLOAD EM: WWW.VWTBPRESS.COM.<\/p>&nbsp;&nbsp;\n<p><a href=\"http:\/\/www.vwco.com.br\/uploads\/ckeditor\/5ba3bb36133e4.jpeg\"><img decoding=\"async\" src=\"data:image\/gif;base64,R0lGODlhAQABAIAAAAAAAP\/\/\/ywAAAAAAQABAAACAUwAOw==\" fifu-lazy=\"1\" fifu-data-sizes=\"auto\" fifu-data-srcset=\"https:\/\/i2.wp.com\/www.vwco.com.br\/uploads\/ckeditor\/5ba3bb36133e4.jpeg?ssl=1&w=75&resize=75&ssl=1 75w, https:\/\/i2.wp.com\/www.vwco.com.br\/uploads\/ckeditor\/5ba3bb36133e4.jpeg?ssl=1&w=100&resize=100&ssl=1 100w, https:\/\/i2.wp.com\/www.vwco.com.br\/uploads\/ckeditor\/5ba3bb36133e4.jpeg?ssl=1&w=150&resize=150&ssl=1 150w, https:\/\/i2.wp.com\/www.vwco.com.br\/uploads\/ckeditor\/5ba3bb36133e4.jpeg?ssl=1&w=240&resize=240&ssl=1 240w, https:\/\/i2.wp.com\/www.vwco.com.br\/uploads\/ckeditor\/5ba3bb36133e4.jpeg?ssl=1&w=320&resize=320&ssl=1 320w, https:\/\/i2.wp.com\/www.vwco.com.br\/uploads\/ckeditor\/5ba3bb36133e4.jpeg?ssl=1&w=500&resize=500&ssl=1 500w, https:\/\/i2.wp.com\/www.vwco.com.br\/uploads\/ckeditor\/5ba3bb36133e4.jpeg?ssl=1&w=640&resize=640&ssl=1 640w, https:\/\/i2.wp.com\/www.vwco.com.br\/uploads\/ckeditor\/5ba3bb36133e4.jpeg?ssl=1&w=800&resize=800&ssl=1 800w, https:\/\/i2.wp.com\/www.vwco.com.br\/uploads\/ckeditor\/5ba3bb36133e4.jpeg?ssl=1&w=1024&resize=1024&ssl=1 1024w, https:\/\/i2.wp.com\/www.vwco.com.br\/uploads\/ckeditor\/5ba3bb36133e4.jpeg?ssl=1&w=1280&resize=1280&ssl=1 1280w, https:\/\/i2.wp.com\/www.vwco.com.br\/uploads\/ckeditor\/5ba3bb36133e4.jpeg?ssl=1&w=1600&resize=1600&ssl=1 1600w\" alt fifu-data-src=\"https:\/\/i2.wp.com\/www.vwco.com.br\/uploads\/ckeditor\/5ba3bb36133e4.jpeg?ssl=1\"><\/a><\/p>\n<p><a href=\"http:\/\/www.vwco.com.br\/uploads\/ckeditor\/5ba3bb50e668d.jpeg\"><img decoding=\"async\" src=\"data:image\/gif;base64,R0lGODlhAQABAIAAAAAAAP\/\/\/ywAAAAAAQABAAACAUwAOw==\" fifu-lazy=\"1\" fifu-data-sizes=\"auto\" fifu-data-srcset=\"https:\/\/i0.wp.com\/www.vwco.com.br\/uploads\/ckeditor\/5ba3bb50e668d.jpeg?ssl=1&w=75&resize=75&ssl=1 75w, https:\/\/i0.wp.com\/www.vwco.com.br\/uploads\/ckeditor\/5ba3bb50e668d.jpeg?ssl=1&w=100&resize=100&ssl=1 100w, https:\/\/i0.wp.com\/www.vwco.com.br\/uploads\/ckeditor\/5ba3bb50e668d.jpeg?ssl=1&w=150&resize=150&ssl=1 150w, https:\/\/i0.wp.com\/www.vwco.com.br\/uploads\/ckeditor\/5ba3bb50e668d.jpeg?ssl=1&w=240&resize=240&ssl=1 240w, https:\/\/i0.wp.com\/www.vwco.com.br\/uploads\/ckeditor\/5ba3bb50e668d.jpeg?ssl=1&w=320&resize=320&ssl=1 320w, https:\/\/i0.wp.com\/www.vwco.com.br\/uploads\/ckeditor\/5ba3bb50e668d.jpeg?ssl=1&w=500&resize=500&ssl=1 500w, https:\/\/i0.wp.com\/www.vwco.com.br\/uploads\/ckeditor\/5ba3bb50e668d.jpeg?ssl=1&w=640&resize=640&ssl=1 640w, https:\/\/i0.wp.com\/www.vwco.com.br\/uploads\/ckeditor\/5ba3bb50e668d.jpeg?ssl=1&w=800&resize=800&ssl=1 800w, https:\/\/i0.wp.com\/www.vwco.com.br\/uploads\/ckeditor\/5ba3bb50e668d.jpeg?ssl=1&w=1024&resize=1024&ssl=1 1024w, https:\/\/i0.wp.com\/www.vwco.com.br\/uploads\/ckeditor\/5ba3bb50e668d.jpeg?ssl=1&w=1280&resize=1280&ssl=1 1280w, https:\/\/i0.wp.com\/www.vwco.com.br\/uploads\/ckeditor\/5ba3bb50e668d.jpeg?ssl=1&w=1600&resize=1600&ssl=1 1600w\" alt fifu-data-src=\"https:\/\/i0.wp.com\/www.vwco.com.br\/uploads\/ckeditor\/5ba3bb50e668d.jpeg?ssl=1\"><\/a>&nbsp;<a href=\"http:\/\/www.vwco.com.br\/uploads\/ckeditor\/5ba3bb6ec1d80.jpeg\"><img decoding=\"async\" src=\"data:image\/gif;base64,R0lGODlhAQABAIAAAAAAAP\/\/\/ywAAAAAAQABAAACAUwAOw==\" fifu-lazy=\"1\" fifu-data-sizes=\"auto\" fifu-data-srcset=\"https:\/\/i2.wp.com\/www.vwco.com.br\/uploads\/ckeditor\/5ba3bb6ec1d80.jpeg?ssl=1&w=75&resize=75&ssl=1 75w, https:\/\/i2.wp.com\/www.vwco.com.br\/uploads\/ckeditor\/5ba3bb6ec1d80.jpeg?ssl=1&w=100&resize=100&ssl=1 100w, https:\/\/i2.wp.com\/www.vwco.com.br\/uploads\/ckeditor\/5ba3bb6ec1d80.jpeg?ssl=1&w=150&resize=150&ssl=1 150w, https:\/\/i2.wp.com\/www.vwco.com.br\/uploads\/ckeditor\/5ba3bb6ec1d80.jpeg?ssl=1&w=240&resize=240&ssl=1 240w, https:\/\/i2.wp.com\/www.vwco.com.br\/uploads\/ckeditor\/5ba3bb6ec1d80.jpeg?ssl=1&w=320&resize=320&ssl=1 320w, https:\/\/i2.wp.com\/www.vwco.com.br\/uploads\/ckeditor\/5ba3bb6ec1d80.jpeg?ssl=1&w=500&resize=500&ssl=1 500w, https:\/\/i2.wp.com\/www.vwco.com.br\/uploads\/ckeditor\/5ba3bb6ec1d80.jpeg?ssl=1&w=640&resize=640&ssl=1 640w, https:\/\/i2.wp.com\/www.vwco.com.br\/uploads\/ckeditor\/5ba3bb6ec1d80.jpeg?ssl=1&w=800&resize=800&ssl=1 800w, https:\/\/i2.wp.com\/www.vwco.com.br\/uploads\/ckeditor\/5ba3bb6ec1d80.jpeg?ssl=1&w=1024&resize=1024&ssl=1 1024w, https:\/\/i2.wp.com\/www.vwco.com.br\/uploads\/ckeditor\/5ba3bb6ec1d80.jpeg?ssl=1&w=1280&resize=1280&ssl=1 1280w, https:\/\/i2.wp.com\/www.vwco.com.br\/uploads\/ckeditor\/5ba3bb6ec1d80.jpeg?ssl=1&w=1600&resize=1600&ssl=1 1600w\" alt fifu-data-src=\"https:\/\/i2.wp.com\/www.vwco.com.br\/uploads\/ckeditor\/5ba3bb6ec1d80.jpeg?ssl=1\"><\/a>&nbsp;<\/p>\n","protected":false},"excerpt":{"rendered":"<p>Marca de conectividade da TRATON chega ao Brasil j\u00e1 em 2019 Sempre em linha com&#8230;<\/p>\n","protected":false},"author":1,"featured_media":0,"comment_status":"open","ping_status":"open","sticky":false,"template":"","format":"standard","meta":{"fifu_image_url":"","fifu_image_alt":"","footnotes":""},"categories":[727],"tags":[],"class_list":["post-76110","post","type-post","status-publish","format-standard","hentry","category-noticias","wpcat-727-id"],"_links":{"self":[{"href":"https:\/\/verde-amarelo.net\/verdeamarelo\/wp-json\/wp\/v2\/posts\/76110","targetHints":{"allow":["GET"]}}],"collection":[{"href":"https:\/\/verde-amarelo.net\/verdeamarelo\/wp-json\/wp\/v2\/posts"}],"about":[{"href":"https:\/\/verde-amarelo.net\/verdeamarelo\/wp-json\/wp\/v2\/types\/post"}],"author":[{"embeddable":true,"href":"https:\/\/verde-amarelo.net\/verdeamarelo\/wp-json\/wp\/v2\/users\/1"}],"replies":[{"embeddable":true,"href":"https:\/\/verde-amarelo.net\/verdeamarelo\/wp-json\/wp\/v2\/comments?post=76110"}],"version-history":[{"count":0,"href":"https:\/\/verde-amarelo.net\/verdeamarelo\/wp-json\/wp\/v2\/posts\/76110\/revisions"}],"wp:attachment":[{"href":"https:\/\/verde-amarelo.net\/verdeamarelo\/wp-json\/wp\/v2\/media?parent=76110"}],"wp:term":[{"taxonomy":"category","embeddable":true,"href":"https:\/\/verde-amarelo.net\/verdeamarelo\/wp-json\/wp\/v2\/categories?post=76110"},{"taxonomy":"post_tag","embeddable":true,"href":"https:\/\/verde-amarelo.net\/verdeamarelo\/wp-json\/wp\/v2\/tags?post=76110"}],"curies":[{"name":"wp","href":"https:\/\/api.w.org\/{rel}","templated":true}]}}