{"id":76113,"date":"2018-09-17T19:13:56","date_gmt":"2018-09-17T22:13:56","guid":{"rendered":"https:\/\/verde-amarelo.net\/verdeamarelo\/2018\/09\/volkswagen-esta-avancando-com-os-preparativos-para-um-potencial-ipo-do-grupo-traton\/"},"modified":"2018-09-17T19:13:56","modified_gmt":"2018-09-17T22:13:56","slug":"volkswagen-esta-avancando-com-os-preparativos-para-um-potencial-ipo-do-grupo-traton","status":"publish","type":"post","link":"https:\/\/verde-amarelo.net\/verdeamarelo\/2018\/09\/volkswagen-esta-avancando-com-os-preparativos-para-um-potencial-ipo-do-grupo-traton\/","title":{"rendered":"Volkswagen est\u00e1 avan\u00e7ando com os preparativos para um potencial IPO do GRUPO TRATON"},"content":{"rendered":"<ul>\n<li>Um potencial IPO poderia fortalecer ainda mais a flexibilidade financeira do GRUPO TRATON e formar a base para um crescimento acelerado<\/li>\n<li>O GRUPO TRATON prev\u00ea que a transforma\u00e7\u00e3o da estrutura societ\u00e1ria seja conclu\u00edda at\u00e9 o fim de 2018 \u2013 a altera\u00e7\u00e3o na forma jur\u00eddica de TRATON AG para Societas Europaea (SE) \u00e9 o pr\u00f3ximo marco importante<\/li>\n<li>Hans Dieter P\u00f6tsch: \u201cAgora \u00e9 o momento certo para iniciar os preparativos que definir\u00e3o o caminho para o futuro da TRATON.\u201d<\/li>\n<li>Frank Witter: \u201cComo os segmentos de ve\u00edculos de passeio e de caminh\u00f5es s\u00e3o fundamentalmente diferentes e as sinergias s\u00e3o basicamente limitadas \u00e0s aquisi\u00e7\u00f5es, a separa\u00e7\u00e3o das duas \u00e1reas faz total sentido.\u201d<\/li>\n<li>Andreas Renschler: \u201cEstamos felizes com a decis\u00e3o tomada hoje pelo Conselho Administrativo (Supervisory Board) da Volkswagen AG. A TRATON dar\u00e1 os pr\u00f3ximos passos na velocidade m\u00e1xima.\u201d<\/li>\n<\/ul>\n<p><strong>Wolfsburg, 17 de setembro de 2018<\/strong> \u2013 A Volkswagen est\u00e1 avan\u00e7ando com os preparativos para um potencial IPO (Initial Public Offering ou OPI, na tradu\u00e7\u00e3o para Oferta P\u00fablica Inicial) do TRATON GROUP. Os pr\u00f3ximos passos para alcan\u00e7ar este objetivo foram decididos pelo Conselho Administrativo da Volkswagen AG na reuni\u00e3o de hoje. Agora, o GRUPO TRATON vai fortalecer a equipe, se preparando para um potencial IPO com especialistas externos. Para isso, os bancos de investimentos e os consultores jur\u00eddicos ser\u00e3o designados no devido momento.<\/p>&nbsp;&nbsp;\n<p>Durante os \u00faltimos meses, a TRATON alcan\u00e7ou grande progresso em dire\u00e7\u00e3o \u00e0 transforma\u00e7\u00e3o da estrutura societ\u00e1ria, que deve ser conclu\u00edda at\u00e9 o fim de 2018. Por exemplo, as estruturas e os processos internos foram alinhados \u00e0s exig\u00eancias dos mercados de capitais. Atrav\u00e9s do potencial IPO, a TRATON aumentaria ainda mais sua independ\u00eancia e sua flexibilidade financeira, promoveria um crescimento sustent\u00e1vel e avan\u00e7aria em sua estrat\u00e9gia de Campe\u00e3o Global.<\/p>&nbsp;&nbsp;\n<p>O Conselho Administrativo da Volkswagen AG tamb\u00e9m aprovou hoje a altera\u00e7\u00e3o da forma jur\u00eddica de TRATON AG para uma Societas Europaea (SE). A forma jur\u00eddica \u201cSE\u201d destaca o car\u00e1ter internacional da TRATON, e ajudar\u00e1 o Grupo a expandir sua plataforma global. O cadastro da TRATON SE na junta comercial est\u00e1 previsto para o fim de 2018.<\/p>&nbsp;&nbsp;\n<p>Hans Dieter P\u00f6tsch, Presidente dos Conselhos Administrativos da Volkswagen AG e da TRATON, disse: \u201cToda a equipe TRATON vem fazendo um trabalho fant\u00e1stico nos \u00faltimos anos. Junto o Grupo cresceu mais r\u00e1pido do que o esperado, realizou sinergias, celebrou diversas parcerias estrat\u00e9gicas e construiu uma organiza\u00e7\u00e3o completamente nova. Agora \u00e9 o momento certo para iniciar os preparos que definir\u00e3o o caminho para o futuro da TRATON\u201d.<\/p>&nbsp;&nbsp;\n<p>Frank Witter, membro do Board da Volkswagen AG respons\u00e1vel pelas \u00e1reas de Finan\u00e7as e TI, comentou: \u201cComo os segmentos de ve\u00edculos de passeio e de caminh\u00f5es s\u00e3o fundamentalmente diferentes e as sinergias s\u00e3o basicamente limitadas \u00e0s aquisi\u00e7\u00f5es, a separa\u00e7\u00e3o das duas \u00e1reas faz total sentido. N\u00f3s decidimos dar o pr\u00f3ximo passo para preparar o Grupo para um potencial IPO. No entanto, a decis\u00e3o final ser\u00e1 tomada com base no ambiente do mercado e no momento preciso\u201d.<\/p>&nbsp;&nbsp;\n<p>Andreas Renschler, CEO da TRATON AG e membro da Diretoria da Volkswagen AG respons\u00e1vel pela \u00e1rea de Ve\u00edculos Comerciais, disse: \u201cEsperamos concluir a transforma\u00e7\u00e3o da estrutura societ\u00e1ria at\u00e9 o fim de 2018. Estamos felizes com a decis\u00e3o tomada hoje pelo Conselho de Administra\u00e7\u00e3o da Volkswagen AG. A TRATON dar\u00e1 os pr\u00f3ximos passos na velocidade m\u00e1xima\u201d.<\/p>&nbsp;&nbsp;\n<p>Contato:<br \/><strong>Dr. Marc Langendorf<\/strong><br \/>Chefe do Departamento de Comunica\u00e7\u00f5es Corporativas Globais da Volkswagen AG<\/p>\n<p>Tel.: +49-53 61-9-231 55<\/p>\n<p><a href=\"mailto:marc.langendorf@volkswagen.de\">marc.langendorf@volkswagen.de<\/a><br \/><a href=\"http:\/\/www.volkswagen-media-services.com\">www.volkswagen-media-services.com<\/a><\/p>\n<p><strong>Julia Kroeber-Riel<\/strong><br \/>Chefe de Comunica\u00e7\u00f5es &amp; Assuntos Governamentais do Grupo TRATON AG<\/p>\n<p>T +49 152 58870900<\/p>\n<p><a href=\"mailto:julia.kroeber-riel@traton.com\">julia.kroeber-riel@traton.com<\/a><br \/><a href=\"http:\/\/www.traton.com\">www.traton.com<\/a><\/p>\n<p><strong>Sobre o Grupo Volkswagen:<\/strong><br \/>O Grupo Volkswagen, que possui sua sede em Wolfsburg, \u00e9 um das maiores fabricantes de autom\u00f3veis do mundo e o maior fabricante de carros na Europa. O Grupo conta com doze marcas de sete pa\u00edses europeus: Volkswagen Autom\u00f3veis, Audi, SEAT, \u0160KODA, Bentley, Bugatti, Lamborghini, Porsche, Ducati, Volkswagen Ve\u00edculos Comerciais, Scania e MAN. Cada marca possui sua pr\u00f3pria identidade e opera como uma entidade independente no mercado. O portf\u00f3lio de produtos varia de motocicletas a carros de pequeno porte e ve\u00edculos de luxo. No segmento de ve\u00edculos comerciais, os produtos incluem op\u00e7\u00f5es de picapes, \u00f4nibus e caminh\u00f5es de grande porte. O Grupo opera 120 plantas de produ\u00e7\u00e3o em 20 pa\u00edses europeus e mais 11 pa\u00edses distribu\u00eddos entre Am\u00e9ricas, \u00c1sia e \u00c1frica. A cada dia \u00fatil, cerca de 642.292 funcion\u00e1rios em todo o mundo produzem aproximadamente 44.170 ve\u00edculos e prestam servi\u00e7os relacionados aos ve\u00edculos ou em outras \u00e1reas de neg\u00f3cios. Os ve\u00edculos do Grupo Volkswagen est\u00e3o dispon\u00edveis para vendas em 153 pa\u00edses. Com o programa \u201cTOGETHER \u2013 Strategy 2025\u201d, o Grupo Volkswagen est\u00e1 estabelecendo as bases para o maior processo de mudan\u00e7as em sua hist\u00f3ria: o realinhamento de um dos melhores fabricantes de carros para se tornar um fornecedor l\u00edder mundial de mobilidade sustent\u00e1vel.<\/p>&nbsp;&nbsp;\n<p><strong>Sobre a TRATON:<\/strong><br \/>A TRATON AG, antiga Volkswagen Truck&amp;Bus AG, \u00e9 uma subsidi\u00e1ria integral da Volkswagen AG e uma fabricante l\u00edder mundial de ve\u00edculos comerciais com suas marcas MAN, Scania, Volkswagen Caminh\u00f5es e \u00d4nibus e RIO. Em 2017, s\u00f3 as marcas do GRUPO TRATON venderam cerca de 205.000 ve\u00edculos no total. Sua oferta inclui ve\u00edculos comerciais de pequeno porte, caminh\u00f5es e \u00f4nibus que s\u00e3o produzidos em 31 f\u00e1bricas, distribu\u00eddas por 17 pa\u00edses. Em 31 de dezembro de 2017, a empresa contava com cerca de 81.000 funcion\u00e1rios em todo o mundo contando suas marcas de ve\u00edculos comerciais. O objetivo do Grupo \u00e9 transformar o sistema de transportes por meio de seus produtos e servi\u00e7os, atuando como uma parceira para seus clientes.<\/p>&nbsp;&nbsp;\n<p><a href=\"http:\/\/www.vwco.com.br\/uploads\/ckeditor\/5b9ffd5ff2b35.jpeg\"><img decoding=\"async\" src=\"data:image\/gif;base64,R0lGODlhAQABAIAAAAAAAP\/\/\/ywAAAAAAQABAAACAUwAOw==\" fifu-lazy=\"1\" fifu-data-sizes=\"auto\" fifu-data-srcset=\"https:\/\/i0.wp.com\/www.vwco.com.br\/uploads\/ckeditor\/5b9ffd5ff2b35.jpeg?ssl=1&w=75&resize=75&ssl=1 75w, https:\/\/i0.wp.com\/www.vwco.com.br\/uploads\/ckeditor\/5b9ffd5ff2b35.jpeg?ssl=1&w=100&resize=100&ssl=1 100w, https:\/\/i0.wp.com\/www.vwco.com.br\/uploads\/ckeditor\/5b9ffd5ff2b35.jpeg?ssl=1&w=150&resize=150&ssl=1 150w, https:\/\/i0.wp.com\/www.vwco.com.br\/uploads\/ckeditor\/5b9ffd5ff2b35.jpeg?ssl=1&w=240&resize=240&ssl=1 240w, https:\/\/i0.wp.com\/www.vwco.com.br\/uploads\/ckeditor\/5b9ffd5ff2b35.jpeg?ssl=1&w=320&resize=320&ssl=1 320w, https:\/\/i0.wp.com\/www.vwco.com.br\/uploads\/ckeditor\/5b9ffd5ff2b35.jpeg?ssl=1&w=500&resize=500&ssl=1 500w, https:\/\/i0.wp.com\/www.vwco.com.br\/uploads\/ckeditor\/5b9ffd5ff2b35.jpeg?ssl=1&w=640&resize=640&ssl=1 640w, https:\/\/i0.wp.com\/www.vwco.com.br\/uploads\/ckeditor\/5b9ffd5ff2b35.jpeg?ssl=1&w=800&resize=800&ssl=1 800w, https:\/\/i0.wp.com\/www.vwco.com.br\/uploads\/ckeditor\/5b9ffd5ff2b35.jpeg?ssl=1&w=1024&resize=1024&ssl=1 1024w, https:\/\/i0.wp.com\/www.vwco.com.br\/uploads\/ckeditor\/5b9ffd5ff2b35.jpeg?ssl=1&w=1280&resize=1280&ssl=1 1280w, https:\/\/i0.wp.com\/www.vwco.com.br\/uploads\/ckeditor\/5b9ffd5ff2b35.jpeg?ssl=1&w=1600&resize=1600&ssl=1 1600w\" alt fifu-data-src=\"https:\/\/i0.wp.com\/www.vwco.com.br\/uploads\/ckeditor\/5b9ffd5ff2b35.jpeg?ssl=1\"><\/a><\/p>\n","protected":false},"excerpt":{"rendered":"<p>Um potencial IPO poderia fortalecer ainda mais a flexibilidade financeira do GRUPO TRATON e formar&#8230;<\/p>\n","protected":false},"author":1,"featured_media":0,"comment_status":"open","ping_status":"open","sticky":false,"template":"","format":"standard","meta":{"fifu_image_url":"","fifu_image_alt":"","footnotes":""},"categories":[727],"tags":[],"class_list":["post-76113","post","type-post","status-publish","format-standard","hentry","category-noticias","wpcat-727-id"],"_links":{"self":[{"href":"https:\/\/verde-amarelo.net\/verdeamarelo\/wp-json\/wp\/v2\/posts\/76113","targetHints":{"allow":["GET"]}}],"collection":[{"href":"https:\/\/verde-amarelo.net\/verdeamarelo\/wp-json\/wp\/v2\/posts"}],"about":[{"href":"https:\/\/verde-amarelo.net\/verdeamarelo\/wp-json\/wp\/v2\/types\/post"}],"author":[{"embeddable":true,"href":"https:\/\/verde-amarelo.net\/verdeamarelo\/wp-json\/wp\/v2\/users\/1"}],"replies":[{"embeddable":true,"href":"https:\/\/verde-amarelo.net\/verdeamarelo\/wp-json\/wp\/v2\/comments?post=76113"}],"version-history":[{"count":0,"href":"https:\/\/verde-amarelo.net\/verdeamarelo\/wp-json\/wp\/v2\/posts\/76113\/revisions"}],"wp:attachment":[{"href":"https:\/\/verde-amarelo.net\/verdeamarelo\/wp-json\/wp\/v2\/media?parent=76113"}],"wp:term":[{"taxonomy":"category","embeddable":true,"href":"https:\/\/verde-amarelo.net\/verdeamarelo\/wp-json\/wp\/v2\/categories?post=76113"},{"taxonomy":"post_tag","embeddable":true,"href":"https:\/\/verde-amarelo.net\/verdeamarelo\/wp-json\/wp\/v2\/tags?post=76113"}],"curies":[{"name":"wp","href":"https:\/\/api.w.org\/{rel}","templated":true}]}}