{"id":76114,"date":"2018-09-14T18:47:04","date_gmt":"2018-09-14T21:47:04","guid":{"rendered":"https:\/\/verde-amarelo.net\/verdeamarelo\/2018\/09\/revenda-volkswagen-caminhoes-e-onibus-investe-em-energia-solar\/"},"modified":"2018-09-14T18:47:04","modified_gmt":"2018-09-14T21:47:04","slug":"revenda-volkswagen-caminhoes-e-onibus-investe-em-energia-solar","status":"publish","type":"post","link":"https:\/\/verde-amarelo.net\/verdeamarelo\/2018\/09\/revenda-volkswagen-caminhoes-e-onibus-investe-em-energia-solar\/","title":{"rendered":"Revenda Volkswagen Caminh\u00f5es e \u00d4nibus investe em energia solar"},"content":{"rendered":"<p><em>Com investimento de R$ 212 mil, geradores instalados na Volkswagen Autopatos, em Minas Gerais, proveem energia suficiente para abastecer, em m\u00e9dia, 30 resid\u00eancias por m\u00eas<\/em><\/p>\n<p>A concession\u00e1ria de caminh\u00f5es e \u00f4nibus Volkswagen Autopatos aposta na gera\u00e7\u00e3o de energia solar para o abastecimento el\u00e9trico da casa em Patos de Minas, Minas Gerais. Com investimento de R$ 212 mil, as placas fotovoltaicas instaladas recebem a energia solar e depois transformam essa luz em energia el\u00e9trica.<\/p>&nbsp;&nbsp;\n<p>Isso \u00e9 poss\u00edvel gra\u00e7as ao sistema de compensa\u00e7\u00e3o de energia, existente no Brasil desde 2012, por meio da Resolu\u00e7\u00e3o Normativa 482, da Aneel. Assim, nos momentos de maior incid\u00eancia solar, a luz captada abastece a unidade e seu excedente \u00e9 destinado a outros pontos, gerando uma esp\u00e9cie de cr\u00e9dito com a distribuidora de energia. Com isso, em momentos de aus\u00eancia de luz solar, o abastecimento de energia pode ser realizado de forma convencional, com energia proveniente das hidrel\u00e9tricas, utilizando como pagamento o cr\u00e9dito de energia excedente nos per\u00edodos de incid\u00eancia solar.<\/p>&nbsp;&nbsp;\n<p>\u201cA Autopatos preocupa-se, desde seu nascimento, com o meio ambiente. Al\u00e9m do mais recente investimento realizado em energia fotovoltaica, damos a correta destina\u00e7\u00e3o a componentes utilizados, como o \u00f3leo lubrificante oriundo das trocas realizadas nos caminh\u00f5es, e tamb\u00e9m aos itens sujos de \u00f3leo utilizados na oficina. Temos caixa separadoras de \u00f3leo em toda a empresa\u201d, comenta Guilherme Avellar, supervisor de Vendas da Autopatos Caminh\u00f5es.&nbsp;&nbsp;&nbsp;<\/p>\n<p>\u201cA VW Caminh\u00f5es e \u00d4nibus \u00e9 pioneira na oferta de um caminh\u00e3o el\u00e9trico brasileiro e todas as suas engrenagens est\u00e3o envolvidas no constante aprimoramento tecnol\u00f3gico, todos atentos \u00e0s necessidades dos clientes e \u00e0 sustentabilidade\u201d, comenta Jo\u00e3o Herrmann, gerente de Marketing da VW Caminh\u00f5es e \u00d4nibus.<\/p>&nbsp;&nbsp;\n<p><a href=\"http:\/\/www.vwco.com.br\/uploads\/ckeditor\/5b9c02ed34b22.jpeg\"><img decoding=\"async\" src=\"data:image\/gif;base64,R0lGODlhAQABAIAAAAAAAP\/\/\/ywAAAAAAQABAAACAUwAOw==\" fifu-lazy=\"1\" fifu-data-sizes=\"auto\" fifu-data-srcset=\"https:\/\/i3.wp.com\/www.vwco.com.br\/uploads\/ckeditor\/5b9c02ed34b22.jpeg?ssl=1&w=75&resize=75&ssl=1 75w, https:\/\/i3.wp.com\/www.vwco.com.br\/uploads\/ckeditor\/5b9c02ed34b22.jpeg?ssl=1&w=100&resize=100&ssl=1 100w, https:\/\/i3.wp.com\/www.vwco.com.br\/uploads\/ckeditor\/5b9c02ed34b22.jpeg?ssl=1&w=150&resize=150&ssl=1 150w, https:\/\/i3.wp.com\/www.vwco.com.br\/uploads\/ckeditor\/5b9c02ed34b22.jpeg?ssl=1&w=240&resize=240&ssl=1 240w, https:\/\/i3.wp.com\/www.vwco.com.br\/uploads\/ckeditor\/5b9c02ed34b22.jpeg?ssl=1&w=320&resize=320&ssl=1 320w, https:\/\/i3.wp.com\/www.vwco.com.br\/uploads\/ckeditor\/5b9c02ed34b22.jpeg?ssl=1&w=500&resize=500&ssl=1 500w, https:\/\/i3.wp.com\/www.vwco.com.br\/uploads\/ckeditor\/5b9c02ed34b22.jpeg?ssl=1&w=640&resize=640&ssl=1 640w, https:\/\/i3.wp.com\/www.vwco.com.br\/uploads\/ckeditor\/5b9c02ed34b22.jpeg?ssl=1&w=800&resize=800&ssl=1 800w, https:\/\/i3.wp.com\/www.vwco.com.br\/uploads\/ckeditor\/5b9c02ed34b22.jpeg?ssl=1&w=1024&resize=1024&ssl=1 1024w, https:\/\/i3.wp.com\/www.vwco.com.br\/uploads\/ckeditor\/5b9c02ed34b22.jpeg?ssl=1&w=1280&resize=1280&ssl=1 1280w, https:\/\/i3.wp.com\/www.vwco.com.br\/uploads\/ckeditor\/5b9c02ed34b22.jpeg?ssl=1&w=1600&resize=1600&ssl=1 1600w\" alt fifu-data-src=\"https:\/\/i3.wp.com\/www.vwco.com.br\/uploads\/ckeditor\/5b9c02ed34b22.jpeg?ssl=1\"><\/a><\/p>\n<p><a href=\"http:\/\/www.vwco.com.br\/uploads\/ckeditor\/5b9c03780b88f.jpeg\"><img decoding=\"async\" src=\"data:image\/gif;base64,R0lGODlhAQABAIAAAAAAAP\/\/\/ywAAAAAAQABAAACAUwAOw==\" fifu-lazy=\"1\" fifu-data-sizes=\"auto\" fifu-data-srcset=\"https:\/\/i0.wp.com\/www.vwco.com.br\/uploads\/ckeditor\/5b9c03780b88f.jpeg?ssl=1&w=75&resize=75&ssl=1 75w, https:\/\/i0.wp.com\/www.vwco.com.br\/uploads\/ckeditor\/5b9c03780b88f.jpeg?ssl=1&w=100&resize=100&ssl=1 100w, https:\/\/i0.wp.com\/www.vwco.com.br\/uploads\/ckeditor\/5b9c03780b88f.jpeg?ssl=1&w=150&resize=150&ssl=1 150w, https:\/\/i0.wp.com\/www.vwco.com.br\/uploads\/ckeditor\/5b9c03780b88f.jpeg?ssl=1&w=240&resize=240&ssl=1 240w, https:\/\/i0.wp.com\/www.vwco.com.br\/uploads\/ckeditor\/5b9c03780b88f.jpeg?ssl=1&w=320&resize=320&ssl=1 320w, https:\/\/i0.wp.com\/www.vwco.com.br\/uploads\/ckeditor\/5b9c03780b88f.jpeg?ssl=1&w=500&resize=500&ssl=1 500w, https:\/\/i0.wp.com\/www.vwco.com.br\/uploads\/ckeditor\/5b9c03780b88f.jpeg?ssl=1&w=640&resize=640&ssl=1 640w, https:\/\/i0.wp.com\/www.vwco.com.br\/uploads\/ckeditor\/5b9c03780b88f.jpeg?ssl=1&w=800&resize=800&ssl=1 800w, https:\/\/i0.wp.com\/www.vwco.com.br\/uploads\/ckeditor\/5b9c03780b88f.jpeg?ssl=1&w=1024&resize=1024&ssl=1 1024w, https:\/\/i0.wp.com\/www.vwco.com.br\/uploads\/ckeditor\/5b9c03780b88f.jpeg?ssl=1&w=1280&resize=1280&ssl=1 1280w, https:\/\/i0.wp.com\/www.vwco.com.br\/uploads\/ckeditor\/5b9c03780b88f.jpeg?ssl=1&w=1600&resize=1600&ssl=1 1600w\" alt fifu-data-src=\"https:\/\/i0.wp.com\/www.vwco.com.br\/uploads\/ckeditor\/5b9c03780b88f.jpeg?ssl=1\"><\/a>&nbsp; <a href=\"http:\/\/www.vwco.com.br\/uploads\/ckeditor\/5b9c03c94905c.jpeg\"><img decoding=\"async\" src=\"data:image\/gif;base64,R0lGODlhAQABAIAAAAAAAP\/\/\/ywAAAAAAQABAAACAUwAOw==\" fifu-lazy=\"1\" fifu-data-sizes=\"auto\" fifu-data-srcset=\"https:\/\/i0.wp.com\/www.vwco.com.br\/uploads\/ckeditor\/5b9c03c94905c.jpeg?ssl=1&w=75&resize=75&ssl=1 75w, https:\/\/i0.wp.com\/www.vwco.com.br\/uploads\/ckeditor\/5b9c03c94905c.jpeg?ssl=1&w=100&resize=100&ssl=1 100w, https:\/\/i0.wp.com\/www.vwco.com.br\/uploads\/ckeditor\/5b9c03c94905c.jpeg?ssl=1&w=150&resize=150&ssl=1 150w, https:\/\/i0.wp.com\/www.vwco.com.br\/uploads\/ckeditor\/5b9c03c94905c.jpeg?ssl=1&w=240&resize=240&ssl=1 240w, https:\/\/i0.wp.com\/www.vwco.com.br\/uploads\/ckeditor\/5b9c03c94905c.jpeg?ssl=1&w=320&resize=320&ssl=1 320w, https:\/\/i0.wp.com\/www.vwco.com.br\/uploads\/ckeditor\/5b9c03c94905c.jpeg?ssl=1&w=500&resize=500&ssl=1 500w, https:\/\/i0.wp.com\/www.vwco.com.br\/uploads\/ckeditor\/5b9c03c94905c.jpeg?ssl=1&w=640&resize=640&ssl=1 640w, https:\/\/i0.wp.com\/www.vwco.com.br\/uploads\/ckeditor\/5b9c03c94905c.jpeg?ssl=1&w=800&resize=800&ssl=1 800w, https:\/\/i0.wp.com\/www.vwco.com.br\/uploads\/ckeditor\/5b9c03c94905c.jpeg?ssl=1&w=1024&resize=1024&ssl=1 1024w, https:\/\/i0.wp.com\/www.vwco.com.br\/uploads\/ckeditor\/5b9c03c94905c.jpeg?ssl=1&w=1280&resize=1280&ssl=1 1280w, https:\/\/i0.wp.com\/www.vwco.com.br\/uploads\/ckeditor\/5b9c03c94905c.jpeg?ssl=1&w=1600&resize=1600&ssl=1 1600w\" alt fifu-data-src=\"https:\/\/i0.wp.com\/www.vwco.com.br\/uploads\/ckeditor\/5b9c03c94905c.jpeg?ssl=1\"><\/a><\/p>\n","protected":false},"excerpt":{"rendered":"<p>Com investimento de R$ 212 mil, geradores instalados na Volkswagen Autopatos, em Minas Gerais, proveem&#8230;<\/p>\n","protected":false},"author":1,"featured_media":0,"comment_status":"open","ping_status":"open","sticky":false,"template":"","format":"standard","meta":{"fifu_image_url":"","fifu_image_alt":"","footnotes":""},"categories":[727],"tags":[],"class_list":["post-76114","post","type-post","status-publish","format-standard","hentry","category-noticias","wpcat-727-id"],"_links":{"self":[{"href":"https:\/\/verde-amarelo.net\/verdeamarelo\/wp-json\/wp\/v2\/posts\/76114","targetHints":{"allow":["GET"]}}],"collection":[{"href":"https:\/\/verde-amarelo.net\/verdeamarelo\/wp-json\/wp\/v2\/posts"}],"about":[{"href":"https:\/\/verde-amarelo.net\/verdeamarelo\/wp-json\/wp\/v2\/types\/post"}],"author":[{"embeddable":true,"href":"https:\/\/verde-amarelo.net\/verdeamarelo\/wp-json\/wp\/v2\/users\/1"}],"replies":[{"embeddable":true,"href":"https:\/\/verde-amarelo.net\/verdeamarelo\/wp-json\/wp\/v2\/comments?post=76114"}],"version-history":[{"count":0,"href":"https:\/\/verde-amarelo.net\/verdeamarelo\/wp-json\/wp\/v2\/posts\/76114\/revisions"}],"wp:attachment":[{"href":"https:\/\/verde-amarelo.net\/verdeamarelo\/wp-json\/wp\/v2\/media?parent=76114"}],"wp:term":[{"taxonomy":"category","embeddable":true,"href":"https:\/\/verde-amarelo.net\/verdeamarelo\/wp-json\/wp\/v2\/categories?post=76114"},{"taxonomy":"post_tag","embeddable":true,"href":"https:\/\/verde-amarelo.net\/verdeamarelo\/wp-json\/wp\/v2\/tags?post=76114"}],"curies":[{"name":"wp","href":"https:\/\/api.w.org\/{rel}","templated":true}]}}