{"id":76116,"date":"2018-09-06T20:00:41","date_gmt":"2018-09-06T23:00:41","guid":{"rendered":"https:\/\/verde-amarelo.net\/verdeamarelo\/2018\/09\/vw-delivery-express-assume-a-vice-lideranca-de-vendas-no-segmento-em-agosto\/"},"modified":"2018-09-06T20:00:41","modified_gmt":"2018-09-06T23:00:41","slug":"vw-delivery-express-assume-a-vice-lideranca-de-vendas-no-segmento-em-agosto","status":"publish","type":"post","link":"https:\/\/verde-amarelo.net\/verdeamarelo\/2018\/09\/vw-delivery-express-assume-a-vice-lideranca-de-vendas-no-segmento-em-agosto\/","title":{"rendered":"VW Delivery Express assume a vice-lideran\u00e7a de vendas no segmento em agosto"},"content":{"rendered":"<p>O VW Delivery Express conquistou em agosto a vice-lideran\u00e7a nas vendas em seu segmento, que engloba modelos de chassi cabine de 2.8 toneladas at\u00e9 3.5 toneladas. O total de emplacamentos alcan\u00e7ou 289 unidades. Em apenas tr\u00eas meses ap\u00f3s sua estreia nas concession\u00e1rias, o VW Delivery Express disparou no ranking nacional de emplacamentos e, no acumulado do ano, j\u00e1 \u00e9 o quarto mais vendido do ano em sua fatia de mercado, com 433 licenciamentos.<\/p>&nbsp;&nbsp;\n<p>O caminh\u00e3o que todo motorista pode dirigir celebra o ingresso da marca Volkswagen Caminh\u00f5es e \u00d4nibus no segmento de 3,5 toneladas, um dos mais disputados no Brasil e na Am\u00e9rica Latina. Sob medida para entregas urbanas, o Delivery Express destaca-se por oferecer agilidade em manobras r\u00e1pidas e, ao mesmo tempo, robustez a toda prova, com a vantagem de poder ser guiado por motoristas com carteira de habilita\u00e7\u00e3o categoria B, al\u00e9m de trafegar em \u00e1reas onde a circula\u00e7\u00e3o de caminh\u00f5es \u00e9 restrita, caracter\u00edstica dos grandes centros urbanos.<\/p>&nbsp;&nbsp;\n<p>Nos trechos intermunicipais o Delivery Express poder\u00e1 ser tamb\u00e9m um grande aliado do operador: o rodado simples na traseira traz o benef\u00edcio da cobran\u00e7a de ped\u00e1gio no valor de um autom\u00f3vel.<\/p>&nbsp;&nbsp;\n<p>\u201cO Delivery Express foi muito bem recebido na rede de concession\u00e1rias, havia uma grande expectativa dos clientes pela chegada desse modelo, que combina o conforto do carro de passeio \u00e0 robustez dos ve\u00edculos de trabalho, numa sincronia que chega para fazer hist\u00f3ria no transporte de cargas\u201d, afirma Ricardo Alouche, vice-presidente de Vendas, Marketing e P\u00f3s-Vendas da VW Caminh\u00f5es e \u00d4nibus.<\/p>&nbsp;&nbsp;\n<p>Para agilizar sua entrada em opera\u00e7\u00e3o, o Delivery Express pode sair com implemento de f\u00e1brica. O cliente pode escolher entre carga seca ou ba\u00fa, com todas as garantias desses equipamentos preservadas por seu fabricante, a Randon. Al\u00e9m disso, os caminh\u00f5es passam a dispor da instala\u00e7\u00e3o da c\u00e2mera de r\u00e9 pelo parceiro exclusivo da marca, o BMB.<\/p>&nbsp;&nbsp;\n<p>Os implementos tiveram um projeto exclusivamente desenvolvido pela Randon para os caminh\u00f5es VW e contam com um ano de garantia total. Quanto \u00e0 cabine, a Volkswagen Caminh\u00f5es e \u00d4nibus oferece seis anos contra corros\u00e3o. E os diferenciais n\u00e3o param por a\u00ed. Os novos ve\u00edculos tamb\u00e9m podem sair de f\u00e1brica com r\u00e1dio e autofalantes instalados pelo centro de modifica\u00e7\u00f5es&nbsp; BMB.<\/p>&nbsp;&nbsp;\n<p>Considerando os modelos normais de produ\u00e7\u00e3o \u2014 ou seja, com o entre-eixo de 3.600 mm \u2014, o implemento para carga seca tem 4,3 metros de comprimento; 2,2 m de largura e 0,4 m de altura. Essa configura\u00e7\u00e3o \u00e9 ideal para o transporte de materiais de constru\u00e7\u00e3o, hortifr\u00fatis ou mesmo produtos envazados. J\u00e1 como ba\u00fa, as dimens\u00f5es ficam em 4,3 m de comprimento; largura de 2,2 m; e altura de 2,2 m, tamanho adequado para carregar eletrodom\u00e9sticos, flores, pe\u00e7as ou qualquer outra aplica\u00e7\u00e3o de distribui\u00e7\u00e3o urbana.<\/p>&nbsp;&nbsp;\n<p><a href=\"https:\/\/www.vwco.com.br\/uploads\/ckeditor\/5b9167d4b3fbd.jpeg\"><img decoding=\"async\" src=\"data:image\/gif;base64,R0lGODlhAQABAIAAAAAAAP\/\/\/ywAAAAAAQABAAACAUwAOw==\" fifu-lazy=\"1\" fifu-data-sizes=\"auto\" fifu-data-srcset=\"https:\/\/i2.wp.com\/www.vwco.com.br\/uploads\/ckeditor\/5b9167d4b3fbd.jpeg?ssl=1&w=75&resize=75&ssl=1 75w, https:\/\/i2.wp.com\/www.vwco.com.br\/uploads\/ckeditor\/5b9167d4b3fbd.jpeg?ssl=1&w=100&resize=100&ssl=1 100w, https:\/\/i2.wp.com\/www.vwco.com.br\/uploads\/ckeditor\/5b9167d4b3fbd.jpeg?ssl=1&w=150&resize=150&ssl=1 150w, https:\/\/i2.wp.com\/www.vwco.com.br\/uploads\/ckeditor\/5b9167d4b3fbd.jpeg?ssl=1&w=240&resize=240&ssl=1 240w, https:\/\/i2.wp.com\/www.vwco.com.br\/uploads\/ckeditor\/5b9167d4b3fbd.jpeg?ssl=1&w=320&resize=320&ssl=1 320w, https:\/\/i2.wp.com\/www.vwco.com.br\/uploads\/ckeditor\/5b9167d4b3fbd.jpeg?ssl=1&w=500&resize=500&ssl=1 500w, https:\/\/i2.wp.com\/www.vwco.com.br\/uploads\/ckeditor\/5b9167d4b3fbd.jpeg?ssl=1&w=640&resize=640&ssl=1 640w, https:\/\/i2.wp.com\/www.vwco.com.br\/uploads\/ckeditor\/5b9167d4b3fbd.jpeg?ssl=1&w=800&resize=800&ssl=1 800w, https:\/\/i2.wp.com\/www.vwco.com.br\/uploads\/ckeditor\/5b9167d4b3fbd.jpeg?ssl=1&w=1024&resize=1024&ssl=1 1024w, https:\/\/i2.wp.com\/www.vwco.com.br\/uploads\/ckeditor\/5b9167d4b3fbd.jpeg?ssl=1&w=1280&resize=1280&ssl=1 1280w, https:\/\/i2.wp.com\/www.vwco.com.br\/uploads\/ckeditor\/5b9167d4b3fbd.jpeg?ssl=1&w=1600&resize=1600&ssl=1 1600w\" alt fifu-data-src=\"https:\/\/i2.wp.com\/www.vwco.com.br\/uploads\/ckeditor\/5b9167d4b3fbd.jpeg?ssl=1\"><\/a><\/p>\n<p><a href=\"https:\/\/www.vwco.com.br\/uploads\/ckeditor\/5b9167f42f58b.jpeg\"><img decoding=\"async\" src=\"data:image\/gif;base64,R0lGODlhAQABAIAAAAAAAP\/\/\/ywAAAAAAQABAAACAUwAOw==\" fifu-lazy=\"1\" fifu-data-sizes=\"auto\" fifu-data-srcset=\"https:\/\/i1.wp.com\/www.vwco.com.br\/uploads\/ckeditor\/5b9167f42f58b.jpeg?ssl=1&w=75&resize=75&ssl=1 75w, https:\/\/i1.wp.com\/www.vwco.com.br\/uploads\/ckeditor\/5b9167f42f58b.jpeg?ssl=1&w=100&resize=100&ssl=1 100w, https:\/\/i1.wp.com\/www.vwco.com.br\/uploads\/ckeditor\/5b9167f42f58b.jpeg?ssl=1&w=150&resize=150&ssl=1 150w, https:\/\/i1.wp.com\/www.vwco.com.br\/uploads\/ckeditor\/5b9167f42f58b.jpeg?ssl=1&w=240&resize=240&ssl=1 240w, https:\/\/i1.wp.com\/www.vwco.com.br\/uploads\/ckeditor\/5b9167f42f58b.jpeg?ssl=1&w=320&resize=320&ssl=1 320w, https:\/\/i1.wp.com\/www.vwco.com.br\/uploads\/ckeditor\/5b9167f42f58b.jpeg?ssl=1&w=500&resize=500&ssl=1 500w, https:\/\/i1.wp.com\/www.vwco.com.br\/uploads\/ckeditor\/5b9167f42f58b.jpeg?ssl=1&w=640&resize=640&ssl=1 640w, https:\/\/i1.wp.com\/www.vwco.com.br\/uploads\/ckeditor\/5b9167f42f58b.jpeg?ssl=1&w=800&resize=800&ssl=1 800w, https:\/\/i1.wp.com\/www.vwco.com.br\/uploads\/ckeditor\/5b9167f42f58b.jpeg?ssl=1&w=1024&resize=1024&ssl=1 1024w, https:\/\/i1.wp.com\/www.vwco.com.br\/uploads\/ckeditor\/5b9167f42f58b.jpeg?ssl=1&w=1280&resize=1280&ssl=1 1280w, https:\/\/i1.wp.com\/www.vwco.com.br\/uploads\/ckeditor\/5b9167f42f58b.jpeg?ssl=1&w=1600&resize=1600&ssl=1 1600w\" alt fifu-data-src=\"https:\/\/i1.wp.com\/www.vwco.com.br\/uploads\/ckeditor\/5b9167f42f58b.jpeg?ssl=1\"><\/a><\/p>\n<p><a href=\"https:\/\/www.vwco.com.br\/uploads\/ckeditor\/5b91682ec8a6c.jpeg\"><img decoding=\"async\" src=\"data:image\/gif;base64,R0lGODlhAQABAIAAAAAAAP\/\/\/ywAAAAAAQABAAACAUwAOw==\" fifu-lazy=\"1\" fifu-data-sizes=\"auto\" fifu-data-srcset=\"https:\/\/i1.wp.com\/www.vwco.com.br\/uploads\/ckeditor\/5b91682ec8a6c.jpeg?ssl=1&w=75&resize=75&ssl=1 75w, https:\/\/i1.wp.com\/www.vwco.com.br\/uploads\/ckeditor\/5b91682ec8a6c.jpeg?ssl=1&w=100&resize=100&ssl=1 100w, https:\/\/i1.wp.com\/www.vwco.com.br\/uploads\/ckeditor\/5b91682ec8a6c.jpeg?ssl=1&w=150&resize=150&ssl=1 150w, https:\/\/i1.wp.com\/www.vwco.com.br\/uploads\/ckeditor\/5b91682ec8a6c.jpeg?ssl=1&w=240&resize=240&ssl=1 240w, https:\/\/i1.wp.com\/www.vwco.com.br\/uploads\/ckeditor\/5b91682ec8a6c.jpeg?ssl=1&w=320&resize=320&ssl=1 320w, https:\/\/i1.wp.com\/www.vwco.com.br\/uploads\/ckeditor\/5b91682ec8a6c.jpeg?ssl=1&w=500&resize=500&ssl=1 500w, https:\/\/i1.wp.com\/www.vwco.com.br\/uploads\/ckeditor\/5b91682ec8a6c.jpeg?ssl=1&w=640&resize=640&ssl=1 640w, https:\/\/i1.wp.com\/www.vwco.com.br\/uploads\/ckeditor\/5b91682ec8a6c.jpeg?ssl=1&w=800&resize=800&ssl=1 800w, https:\/\/i1.wp.com\/www.vwco.com.br\/uploads\/ckeditor\/5b91682ec8a6c.jpeg?ssl=1&w=1024&resize=1024&ssl=1 1024w, https:\/\/i1.wp.com\/www.vwco.com.br\/uploads\/ckeditor\/5b91682ec8a6c.jpeg?ssl=1&w=1280&resize=1280&ssl=1 1280w, https:\/\/i1.wp.com\/www.vwco.com.br\/uploads\/ckeditor\/5b91682ec8a6c.jpeg?ssl=1&w=1600&resize=1600&ssl=1 1600w\" alt fifu-data-src=\"https:\/\/i1.wp.com\/www.vwco.com.br\/uploads\/ckeditor\/5b91682ec8a6c.jpeg?ssl=1\"><\/a><\/p>\n","protected":false},"excerpt":{"rendered":"<p>O VW Delivery Express conquistou em agosto a vice-lideran\u00e7a nas vendas em seu segmento, que&#8230;<\/p>\n","protected":false},"author":1,"featured_media":0,"comment_status":"open","ping_status":"open","sticky":false,"template":"","format":"standard","meta":{"fifu_image_url":"","fifu_image_alt":"","footnotes":""},"categories":[727],"tags":[],"class_list":["post-76116","post","type-post","status-publish","format-standard","hentry","category-noticias","wpcat-727-id"],"_links":{"self":[{"href":"https:\/\/verde-amarelo.net\/verdeamarelo\/wp-json\/wp\/v2\/posts\/76116","targetHints":{"allow":["GET"]}}],"collection":[{"href":"https:\/\/verde-amarelo.net\/verdeamarelo\/wp-json\/wp\/v2\/posts"}],"about":[{"href":"https:\/\/verde-amarelo.net\/verdeamarelo\/wp-json\/wp\/v2\/types\/post"}],"author":[{"embeddable":true,"href":"https:\/\/verde-amarelo.net\/verdeamarelo\/wp-json\/wp\/v2\/users\/1"}],"replies":[{"embeddable":true,"href":"https:\/\/verde-amarelo.net\/verdeamarelo\/wp-json\/wp\/v2\/comments?post=76116"}],"version-history":[{"count":0,"href":"https:\/\/verde-amarelo.net\/verdeamarelo\/wp-json\/wp\/v2\/posts\/76116\/revisions"}],"wp:attachment":[{"href":"https:\/\/verde-amarelo.net\/verdeamarelo\/wp-json\/wp\/v2\/media?parent=76116"}],"wp:term":[{"taxonomy":"category","embeddable":true,"href":"https:\/\/verde-amarelo.net\/verdeamarelo\/wp-json\/wp\/v2\/categories?post=76116"},{"taxonomy":"post_tag","embeddable":true,"href":"https:\/\/verde-amarelo.net\/verdeamarelo\/wp-json\/wp\/v2\/tags?post=76116"}],"curies":[{"name":"wp","href":"https:\/\/api.w.org\/{rel}","templated":true}]}}