{"id":76118,"date":"2018-08-31T17:58:28","date_gmt":"2018-08-31T20:58:28","guid":{"rendered":"https:\/\/verde-amarelo.net\/verdeamarelo\/2018\/08\/entrevista-andreas-renschler-ceo-do-grupo-traton\/"},"modified":"2018-08-31T17:58:28","modified_gmt":"2018-08-31T20:58:28","slug":"entrevista-andreas-renschler-ceo-do-grupo-traton","status":"publish","type":"post","link":"https:\/\/verde-amarelo.net\/verdeamarelo\/2018\/08\/entrevista-andreas-renschler-ceo-do-grupo-traton\/","title":{"rendered":"Entrevista: Andreas Renschler, CEO do Grupo TRATON"},"content":{"rendered":"<p><strong>Sr. Renschler, o que havia de errado com o nome Volkswagen Truck &amp; Bus? O senhor n\u00e3o gostava dele?<\/strong><\/p>\n<p>(Risos) N\u00e3o havia nada de errado com o nome. Mas ele j\u00e1 n\u00e3o era mais o nome certo para o Grupo.<\/p>&nbsp;&nbsp;\n<p><strong>Ent\u00e3o, quais foram os motivos? O que os levou a renomear a empresa?<\/strong><\/p>\n<p>Bem, os motivos foram v\u00e1rios. Em primeiro lugar: chegou a hora de um novo tipo de empresa na ind\u00fastria do transporte. Nosso objetivo \u00e9 nada menos do que transformar a forma como conduzimos os nossos neg\u00f3cios \u2013 e isso trar\u00e1 benef\u00edcios aos nossos clientes. N\u00f3s vamos adotar um novo modelo baseado no esp\u00edrito de parceria e transpar\u00eancia. Esta \u00e9 a chave para a\u00e7\u00f5es r\u00e1pidas em nosso meio, que tamb\u00e9m muda rapidamente.<\/p>&nbsp;&nbsp;\n<p>J\u00e1 iniciamos essa abordagem fortalecendo e intensificando as nossas parcerias globais. Por exemplo, com a Navistar na Am\u00e9rica do Norte, a Hino e a Sinotruk na \u00c1sia, e a Volkswagen Commercial Vehicles, que agora faz parte do grupo de volume da Volkswagen. Assim sendo, precisamos de um nome exclusivo para que possamos nos comportar de forma autoconfiante e independente na fase global.<\/p>&nbsp;&nbsp;\n<p>O novo nome \u201cTRATON\u201d \u00e9 o pr\u00f3ximo marco em nosso caminho para aumentar a independ\u00eancia \u2013 e um importante passo em dire\u00e7\u00e3o \u00e0 transforma\u00e7\u00e3o da estrutura societ\u00e1ria. Definitivamente, a TRATON promover\u00e1 nossa visibilidade como um Grupo l\u00edder em solu\u00e7\u00f5es de transporte inovadoras. Ela aumentar\u00e1 a nossa atratividade para novos talentos e mercados de capitais. E, obviamente, tamb\u00e9m facilitar\u00e1 a distin\u00e7\u00e3o entre n\u00f3s e a Volkswagen AG.<\/p>&nbsp;&nbsp;\n<p>O efeito interno tamb\u00e9m \u00e9 muito importante: o nome fortalecer\u00e1 a identidade conjunta do Grupo, bem como as nossas especificidades! A TRATON reflete o DNA de uma empresa que foi criada para e nascida em uma nova era dos transportes.<\/p>&nbsp;&nbsp;\n<p><strong>Supomos que mais op\u00e7\u00f5es foram consideradas. Por que voc\u00eas escolheram o nome TRATON?<\/strong><\/p>\n<p>Na verdade, n\u00f3s discutimos muitas op\u00e7\u00f5es! Nossa equipe de cria\u00e7\u00e3o explorou centenas de nomes. Da mitologia ocidental a nomes compostos, acr\u00f4nimos e folclore escandinavo. Acredite, n\u00e3o deixamos nenhuma op\u00e7\u00e3o a ser explorada durante a nossa busca para encontrar o melhor nome para nossa nova empresa. E tamb\u00e9m devemos considerar que o nome precisava estar dispon\u00edvel. Com &#8220;TRATON\u201d, n\u00f3s encontramos um nome que refletia os termos que s\u00e3o importantes para n\u00f3s e que definem a nossa identidade.<\/p>&nbsp;&nbsp;\n<p><strong>E quais s\u00e3o estes termos refletidos pelo nome TRATON?<\/strong><\/p>\n<p>Voc\u00ea consegue, literalmente, encontr\u00e1-los no nome. As primeiras tr\u00eas letras d\u00e3o dicas sobre o segmento de transportes no qual operamos. Elas invocam nossa vis\u00e3o de transformar e reinventar n\u00e3o apenas a n\u00f3s mesmos, mas tamb\u00e9m todo o sistema de transportes. E, claro, elas tamb\u00e9m mostram nosso respeito \u00e0 tradi\u00e7\u00e3o de mais de um s\u00e9culo de nossas marcas. Uma tradi\u00e7\u00e3o de criar solu\u00e7\u00f5es inovadoras para o movimento das pessoas e dos produtos.<\/p>&nbsp;&nbsp;\n<p>As \u00faltimas tr\u00eas letras explicam a grande responsabilidade que temos de movimentar uma tonelagem massiva em todo o mundo. Definitivamente, o \u201con\u201d no final demonstra nossa atitude de estarmos sempre \u201con\u201d. O tempo todo, em todo o mundo, n\u00f3s permitimos que nossos clientes e parceiros estejam sempre ligados em nossos produtos inovadores. Para resumir: o nome que n\u00f3s criamos \u00e9 poderoso e \u00fanico. E a TRATON nos guiar\u00e1 em dire\u00e7\u00e3o a um futuro fascinante. (Sorrindo) Eu sugiro fortemente que todos assistam ao filme da marca TRATON em nosso site!<\/p>\n<p><strong>Com essas mensagens poderosas: um dia veremos um caminh\u00e3o da TRATON nas estradas?<\/strong><\/p>\n<p>Definitivamente n\u00e3o! Nossas marcas v\u00e3o manter suas pr\u00f3prias identidades, das quais nos orgulhamos muito! Isso \u00e9 muito importante para n\u00f3s. Para nossos clientes, a mudan\u00e7a de nome n\u00e3o acarretar\u00e1 outras mudan\u00e7as. Nossas marcas continuar\u00e3o oferecendo solu\u00e7\u00f5es fortes para atender \u00e0 demanda de seus clientes. Mais \u00e0 frente, n\u00f3s teremos um posicionamento ainda mais claro com este novo e forte guarda-chuva que abrigar\u00e1 nossas marcas no mercado: MAN, SCANIA, Volkswagen Caminh\u00f5es e \u00d4nibus, e RIO.<\/p>&nbsp;&nbsp;\n<p><strong>Ent\u00e3o, se a identidade das marcas \u00e9 t\u00e3o importante, qual ser\u00e1 a fun\u00e7\u00e3o da TRATON?<\/strong><\/p>\n<p>Voc\u00ea precisa pensar em um panorama mais amplo. A fun\u00e7\u00e3o do Grupo \u00e9 fazer exatamente isso. O transporte chegou a uma nova era. Tudo est\u00e1 fluindo gra\u00e7as ao crescimento constante do transporte de bens de consumo, da digitaliza\u00e7\u00e3o e da conectividade. E por outro lado, vemos normas de emiss\u00f5es e todos os outros tipos de leis se tornando cada vez mais rigorosos. N\u00f3s fomos criados para e nascemos em uma nova era: combinando a agilidade e o esp\u00edrito de uma start-up com a vasta experi\u00eancia de nossas grandes e tradicionais marcas. Com esta jun\u00e7\u00e3o \u00fanica, estamos perfeitamente posicionados para oferecer as melhores solu\u00e7\u00f5es \u2013 e assim, reinventar o transporte para as gera\u00e7\u00f5es futuras. Esta \u00e9 a fun\u00e7\u00e3o da TRATON!<\/p>\n<p><strong>Seu principal objetivo \u00e9 criar uma Campe\u00e3 Global da ind\u00fastria. \u00c9 mais f\u00e1cil atingir esse objetivo como TRATON do que como Volkswagen Truck &amp; Bus?<\/strong><\/p>\n<p>A TRATON ajusta o foco na nossa estrat\u00e9gia Global Champion (Campe\u00e3 Global, em Portugu\u00eas). Ela nos tornar\u00e1 melhores para que possamos melhorar o transportes. Nosso objetivo \u00e9 claro: queremos nos tornar Campe\u00f5es Globais na ind\u00fastria do transporte. N\u00e3o se esque\u00e7a: o nosso Grupo foi formado para atingir este objetivo. E estamos progredindo bem!<\/p>\n<p>Desde a nossa funda\u00e7\u00e3o, n\u00f3s crescemos juntos mais r\u00e1pido do que o esperado. Agora, estamos indo a toda velocidade em dire\u00e7\u00e3o \u00e0 transforma\u00e7\u00e3o da estrutura societ\u00e1ria. A nova identidade aumentar\u00e1 ainda mais a nossa independ\u00eancia, nos dar\u00e1 mais visibilidade e permitir\u00e1 a flexibilidade necess\u00e1ria para financiar nosso crescimento no futuro. Nosso Grupo cont\u00e9m um potencial gigantesco que n\u00f3s desenvolveremos completamente \u2013 este \u00e9 s\u00f3 o come\u00e7o!&nbsp;&nbsp;&nbsp;<\/p>\n<p><a href=\"https:\/\/www.vwco.com.br\/uploads\/ckeditor\/5b8981d94705b.jpeg\"><img decoding=\"async\" src=\"data:image\/gif;base64,R0lGODlhAQABAIAAAAAAAP\/\/\/ywAAAAAAQABAAACAUwAOw==\" fifu-lazy=\"1\" fifu-data-sizes=\"auto\" fifu-data-srcset=\"https:\/\/i0.wp.com\/www.vwco.com.br\/uploads\/ckeditor\/5b8981d94705b.jpeg?ssl=1&w=75&resize=75&ssl=1 75w, https:\/\/i0.wp.com\/www.vwco.com.br\/uploads\/ckeditor\/5b8981d94705b.jpeg?ssl=1&w=100&resize=100&ssl=1 100w, https:\/\/i0.wp.com\/www.vwco.com.br\/uploads\/ckeditor\/5b8981d94705b.jpeg?ssl=1&w=150&resize=150&ssl=1 150w, https:\/\/i0.wp.com\/www.vwco.com.br\/uploads\/ckeditor\/5b8981d94705b.jpeg?ssl=1&w=240&resize=240&ssl=1 240w, https:\/\/i0.wp.com\/www.vwco.com.br\/uploads\/ckeditor\/5b8981d94705b.jpeg?ssl=1&w=320&resize=320&ssl=1 320w, https:\/\/i0.wp.com\/www.vwco.com.br\/uploads\/ckeditor\/5b8981d94705b.jpeg?ssl=1&w=500&resize=500&ssl=1 500w, https:\/\/i0.wp.com\/www.vwco.com.br\/uploads\/ckeditor\/5b8981d94705b.jpeg?ssl=1&w=640&resize=640&ssl=1 640w, https:\/\/i0.wp.com\/www.vwco.com.br\/uploads\/ckeditor\/5b8981d94705b.jpeg?ssl=1&w=800&resize=800&ssl=1 800w, https:\/\/i0.wp.com\/www.vwco.com.br\/uploads\/ckeditor\/5b8981d94705b.jpeg?ssl=1&w=1024&resize=1024&ssl=1 1024w, https:\/\/i0.wp.com\/www.vwco.com.br\/uploads\/ckeditor\/5b8981d94705b.jpeg?ssl=1&w=1280&resize=1280&ssl=1 1280w, https:\/\/i0.wp.com\/www.vwco.com.br\/uploads\/ckeditor\/5b8981d94705b.jpeg?ssl=1&w=1600&resize=1600&ssl=1 1600w\" alt fifu-data-src=\"https:\/\/i0.wp.com\/www.vwco.com.br\/uploads\/ckeditor\/5b8981d94705b.jpeg?ssl=1\"><\/a>&nbsp;<\/p>\n<p><a href=\"https:\/\/www.vwco.com.br\/uploads\/ckeditor\/5b8981f9ca0f1.jpeg\"><img decoding=\"async\" src=\"data:image\/gif;base64,R0lGODlhAQABAIAAAAAAAP\/\/\/ywAAAAAAQABAAACAUwAOw==\" fifu-lazy=\"1\" fifu-data-sizes=\"auto\" fifu-data-srcset=\"https:\/\/i1.wp.com\/www.vwco.com.br\/uploads\/ckeditor\/5b8981f9ca0f1.jpeg?ssl=1&w=75&resize=75&ssl=1 75w, https:\/\/i1.wp.com\/www.vwco.com.br\/uploads\/ckeditor\/5b8981f9ca0f1.jpeg?ssl=1&w=100&resize=100&ssl=1 100w, https:\/\/i1.wp.com\/www.vwco.com.br\/uploads\/ckeditor\/5b8981f9ca0f1.jpeg?ssl=1&w=150&resize=150&ssl=1 150w, https:\/\/i1.wp.com\/www.vwco.com.br\/uploads\/ckeditor\/5b8981f9ca0f1.jpeg?ssl=1&w=240&resize=240&ssl=1 240w, https:\/\/i1.wp.com\/www.vwco.com.br\/uploads\/ckeditor\/5b8981f9ca0f1.jpeg?ssl=1&w=320&resize=320&ssl=1 320w, https:\/\/i1.wp.com\/www.vwco.com.br\/uploads\/ckeditor\/5b8981f9ca0f1.jpeg?ssl=1&w=500&resize=500&ssl=1 500w, https:\/\/i1.wp.com\/www.vwco.com.br\/uploads\/ckeditor\/5b8981f9ca0f1.jpeg?ssl=1&w=640&resize=640&ssl=1 640w, https:\/\/i1.wp.com\/www.vwco.com.br\/uploads\/ckeditor\/5b8981f9ca0f1.jpeg?ssl=1&w=800&resize=800&ssl=1 800w, https:\/\/i1.wp.com\/www.vwco.com.br\/uploads\/ckeditor\/5b8981f9ca0f1.jpeg?ssl=1&w=1024&resize=1024&ssl=1 1024w, https:\/\/i1.wp.com\/www.vwco.com.br\/uploads\/ckeditor\/5b8981f9ca0f1.jpeg?ssl=1&w=1280&resize=1280&ssl=1 1280w, https:\/\/i1.wp.com\/www.vwco.com.br\/uploads\/ckeditor\/5b8981f9ca0f1.jpeg?ssl=1&w=1600&resize=1600&ssl=1 1600w\" alt fifu-data-src=\"https:\/\/i1.wp.com\/www.vwco.com.br\/uploads\/ckeditor\/5b8981f9ca0f1.jpeg?ssl=1\"><\/a>&nbsp;<\/p>\n","protected":false},"excerpt":{"rendered":"<p>Sr. Renschler, o que havia de errado com o nome Volkswagen Truck &amp; Bus? O&#8230;<\/p>\n","protected":false},"author":1,"featured_media":0,"comment_status":"open","ping_status":"open","sticky":false,"template":"","format":"standard","meta":{"fifu_image_url":"","fifu_image_alt":"","footnotes":""},"categories":[727],"tags":[],"class_list":["post-76118","post","type-post","status-publish","format-standard","hentry","category-noticias","wpcat-727-id"],"_links":{"self":[{"href":"https:\/\/verde-amarelo.net\/verdeamarelo\/wp-json\/wp\/v2\/posts\/76118","targetHints":{"allow":["GET"]}}],"collection":[{"href":"https:\/\/verde-amarelo.net\/verdeamarelo\/wp-json\/wp\/v2\/posts"}],"about":[{"href":"https:\/\/verde-amarelo.net\/verdeamarelo\/wp-json\/wp\/v2\/types\/post"}],"author":[{"embeddable":true,"href":"https:\/\/verde-amarelo.net\/verdeamarelo\/wp-json\/wp\/v2\/users\/1"}],"replies":[{"embeddable":true,"href":"https:\/\/verde-amarelo.net\/verdeamarelo\/wp-json\/wp\/v2\/comments?post=76118"}],"version-history":[{"count":0,"href":"https:\/\/verde-amarelo.net\/verdeamarelo\/wp-json\/wp\/v2\/posts\/76118\/revisions"}],"wp:attachment":[{"href":"https:\/\/verde-amarelo.net\/verdeamarelo\/wp-json\/wp\/v2\/media?parent=76118"}],"wp:term":[{"taxonomy":"category","embeddable":true,"href":"https:\/\/verde-amarelo.net\/verdeamarelo\/wp-json\/wp\/v2\/categories?post=76118"},{"taxonomy":"post_tag","embeddable":true,"href":"https:\/\/verde-amarelo.net\/verdeamarelo\/wp-json\/wp\/v2\/tags?post=76118"}],"curies":[{"name":"wp","href":"https:\/\/api.w.org\/{rel}","templated":true}]}}