{"id":76119,"date":"2018-08-30T09:00:36","date_gmt":"2018-08-30T12:00:36","guid":{"rendered":"https:\/\/verde-amarelo.net\/verdeamarelo\/2018\/08\/transformando-o-transporte-a-volkswagen-truck-bus-agora-e-o-grupo-traton\/"},"modified":"2018-08-30T09:00:36","modified_gmt":"2018-08-30T12:00:36","slug":"transformando-o-transporte-a-volkswagen-truck-bus-agora-e-o-grupo-traton","status":"publish","type":"post","link":"https:\/\/verde-amarelo.net\/verdeamarelo\/2018\/08\/transformando-o-transporte-a-volkswagen-truck-bus-agora-e-o-grupo-traton\/","title":{"rendered":"Transformando o transporte: a Volkswagen Truck &amp; Bus agora \u00e9 o GRUPO TRATON"},"content":{"rendered":"<p><span class=\"publish-date\">30-08-2018<\/span><\/p>\n<div readability=\"114\">\n<ul>\n<li><em>A altera\u00e7\u00e3o no nome oficial ser\u00e1 um marco importante no caminho para que o Grupo se torne um Campe\u00e3o Global<\/em><\/li>\n<li><em>Renschler: \u201cA TRATON \u00e9 uma empresa jovem, com o jeito \u00fanico de uma start-up e a vasta experi\u00eancia de suas marcas tradicionais. Essa combina\u00e7\u00e3o tem o que precisamos para reinventar o transporte para as futuras gera\u00e7\u00f5es.\u201d<\/em><\/li>\n<li><em>As fortes marcas MAN, Scania, Volkswagen Caminh\u00f5es e \u00d4nibus e Rio manter\u00e3o suas pr\u00f3prias identidades<\/em><\/li>\n<li><em>O GRUPO TRATON permite que as marcas criem uma colabora\u00e7\u00e3o para beneficiar seus clientes<\/em><\/li>\n<\/ul>\n<p><strong>Munique, 30 de agosto de 2018<\/strong> \u2013 A partir de hoje, um dos maiores grupos de transportes do mundo tem uma nova identidade de marca: a Volkswagen Truck &amp; Bus AG se torna a TRATON AG.<\/p>&nbsp;&nbsp;\n<p>Andreas Renschler, CEO da TRATON AG e membro da Diretoria da Volkswagen AG, disse: \u201cA TRATON \u00e9 uma empresa jovem, com o jeito \u00fanico de uma start-up e a vasta experi\u00eancia de suas marcas tradicionais. Essa combina\u00e7\u00e3o tem o que precisamos para reinventar o transporte para as futuras gera\u00e7\u00f5es. A partir de hoje, come\u00e7aremos a difundir o esp\u00edrito da TRATON por todas as nossas marcas, instala\u00e7\u00f5es e cargos. \u00c9 impressionante ver a for\u00e7a de nossos la\u00e7os: a TRATON vive atrav\u00e9s de suas marcas e vice-versa. Juntos, n\u00f3s somos o GRUPO TRATON, e nos dedicamos a levar o transporte ao pr\u00f3ximo n\u00edvel\u201d.<\/p>&nbsp;&nbsp;\n<p>O Grupo, fundado em 2015 como Volkswagen Truck &amp; Bus GmbH, consiste nas marcas MAN, Scania, Volkswagen Caminh\u00f5es e \u00d4nibus e RIO. A TRATON, como uma nova identidade para a marca guarda-chuva, promover\u00e1 a independ\u00eancia de todo o Grupo para que ele se torne um Campe\u00e3o Global \u2014 ou seja, o player mais lucrativo, inovador e com a maior presen\u00e7a mundial na ind\u00fastria de transportes.<\/p>&nbsp;&nbsp;\n<p>\u201cNosso Grupo \u00e9 composto por marcas fortes e \u00fanicas, mas a TRATON nos fortalece ainda mais. Sob o mesmo teto, podemos juntar for\u00e7as e combinar nossa capacidade de inova\u00e7\u00e3o. A TRATON conecta as marcas e incentiva nossa colabora\u00e7\u00e3o. Com a TRATON, estamos criando a funda\u00e7\u00e3o para um novo ecossistema de transporte e log\u00edstica\u201d, disse Henrik Henriksson, CEO da Scania e membro do Conselho Administrativo da TRATON AG.<\/p>&nbsp;&nbsp;\n<p>Durante os primeiros anos, o Grupo j\u00e1 conquistou progressos expressivos, se concentrando em sua estrat\u00e9gia para ser campe\u00e3o global. O Grupo aumentou a presen\u00e7a global de suas marcas com parcerias estrat\u00e9gicas, e realizou sinergias combinando for\u00e7as em compras e P&amp;D.<\/p>&nbsp;&nbsp;\n<p>\u201cComo Grupo, n\u00f3s crescemos juntos mais r\u00e1pido do que o esperado. Agora, estamos cada vez mais potencializando a combina\u00e7\u00e3o de nossas for\u00e7as e compartilhando experi\u00eancia entre as marcas. A TRATON, nova identidade do Grupo, reflete nosso DNA e nossa mentalidade aberta para que possamos aprender uns com os outros e descobrir novos caminhos. Ela representa esta abordagem conjunta e vai promov\u00ea-la ainda mais\u201d, diz Joachim Drees, CEO da MAN e membro do Conselho Administrativo do GRUPO TRATON.<\/p>&nbsp;&nbsp;\n<p>Com a ado\u00e7\u00e3o desse novo nome, a partir de hoje, o Grupo iniciar\u00e1 uma &#8220;campanha de dentro para fora\u201d, com eventos paralelos para os colaboradores sendo realizados em Munique, Braunschweig, S\u00e3o Paulo e S\u00f6dert\u00e4lje. A ideia fundamental \u00e9 difundir o esp\u00edrito da TRATON por toda a organiza\u00e7\u00e3o, em diferentes levas, e escrever, juntos, a hist\u00f3ria da TRATON. A abordagem segue uma filosofia de rede: os embaixadores indicados fazem parte da nova gera\u00e7\u00e3o da TRATON e criam uma comunidade. Eles usar\u00e3o o momento atual e motivar\u00e3o outras equipes dentro do GRUPO TRATON a se conectarem entre as marcas, hierarquias e fun\u00e7\u00f5es. Uma plataforma interna, com conte\u00fados multim\u00eddia e conversas nas \u00e1reas, ser\u00e1 respons\u00e1vel por manter esse movimento.<\/p>&nbsp;&nbsp;\n<p>Antonio Roberto Cortes, CEO da Volkswagen Caminh\u00f5es e \u00d4nibus e membro do Conselho Administrativo do GRUPO TRATON: \u201cA TRATON confere \u00e0s nossas marcas um novo potencial de identifica\u00e7\u00e3o. Ela ajudar\u00e1 a distinguir o Grupo das outras marcas Volkswagen. Desde que come\u00e7amos a trabalhar juntos, todos os membros da nossa equipe estavam ansiosos para levar as coisas ao pr\u00f3ximo n\u00edvel atrav\u00e9s da colabora\u00e7\u00e3o e ajudar nossos clientes a vencer a corrida. Essa ideia tem um nome: TRATON\u201d.<\/p>&nbsp;&nbsp;\n<p>O novo nome e a nova m\u00e1xima \u201ctransformando o transporte\u201d refletem o que a empresa almeja e como est\u00e1 agindo:<\/p>\n<p>\u2022&nbsp;<strong>TRAnsforma\u00e7\u00e3o<\/strong> do ecossistema dos transportes \u00e9 a nossa miss\u00e3o \u2013 para o benef\u00edcio de todos.<br \/>\u2022&nbsp;<strong>TRAnsporte<\/strong> \u00e9 a nossa paix\u00e3o. E a dos nossos clientes tamb\u00e9m.<br \/>\u2022&nbsp;<strong>TONelagem<\/strong> \u00e9 o que os nossos clientes est\u00e3o movimentando por todo o mundo, todos os dias.<br \/>\u2022&nbsp;<strong>TRAdi\u00e7\u00e3o<\/strong> das nossas marcas fortes \u00e9 a nossa base.<br \/>\u2022&nbsp;Estar sempre <strong>\u201cON\u201d<\/strong> \u00e9 o principal objetivo dos nossos clientes, e a nossa atitude para tornar tudo poss\u00edvel para eles.<\/p>&nbsp;&nbsp;\n<p>O filme da TRATON, bem como seu logotipo e fotos, podem ser acessados no link: https:\/\/vwtb.com\/en\/newsroom\/news\/newname.html<\/p>\n<p><a href=\"https:\/\/www.vwco.com.br\/uploads\/ckeditor\/5b86ff6f58a49.jpeg\"><img decoding=\"async\" src=\"data:image\/gif;base64,R0lGODlhAQABAIAAAAAAAP\/\/\/ywAAAAAAQABAAACAUwAOw==\" fifu-lazy=\"1\" fifu-data-sizes=\"auto\" fifu-data-srcset=\"https:\/\/i3.wp.com\/www.vwco.com.br\/uploads\/ckeditor\/5b86ff6f58a49.jpeg?ssl=1&w=75&resize=75&ssl=1 75w, https:\/\/i3.wp.com\/www.vwco.com.br\/uploads\/ckeditor\/5b86ff6f58a49.jpeg?ssl=1&w=100&resize=100&ssl=1 100w, https:\/\/i3.wp.com\/www.vwco.com.br\/uploads\/ckeditor\/5b86ff6f58a49.jpeg?ssl=1&w=150&resize=150&ssl=1 150w, https:\/\/i3.wp.com\/www.vwco.com.br\/uploads\/ckeditor\/5b86ff6f58a49.jpeg?ssl=1&w=240&resize=240&ssl=1 240w, https:\/\/i3.wp.com\/www.vwco.com.br\/uploads\/ckeditor\/5b86ff6f58a49.jpeg?ssl=1&w=320&resize=320&ssl=1 320w, https:\/\/i3.wp.com\/www.vwco.com.br\/uploads\/ckeditor\/5b86ff6f58a49.jpeg?ssl=1&w=500&resize=500&ssl=1 500w, https:\/\/i3.wp.com\/www.vwco.com.br\/uploads\/ckeditor\/5b86ff6f58a49.jpeg?ssl=1&w=640&resize=640&ssl=1 640w, https:\/\/i3.wp.com\/www.vwco.com.br\/uploads\/ckeditor\/5b86ff6f58a49.jpeg?ssl=1&w=800&resize=800&ssl=1 800w, https:\/\/i3.wp.com\/www.vwco.com.br\/uploads\/ckeditor\/5b86ff6f58a49.jpeg?ssl=1&w=1024&resize=1024&ssl=1 1024w, https:\/\/i3.wp.com\/www.vwco.com.br\/uploads\/ckeditor\/5b86ff6f58a49.jpeg?ssl=1&w=1280&resize=1280&ssl=1 1280w, https:\/\/i3.wp.com\/www.vwco.com.br\/uploads\/ckeditor\/5b86ff6f58a49.jpeg?ssl=1&w=1600&resize=1600&ssl=1 1600w\" alt fifu-data-src=\"https:\/\/i3.wp.com\/www.vwco.com.br\/uploads\/ckeditor\/5b86ff6f58a49.jpeg?ssl=1\"><\/a>&nbsp;<a href=\"https:\/\/www.vwco.com.br\/uploads\/ckeditor\/5b86ff8d2e1c3.jpeg\"><img decoding=\"async\" src=\"data:image\/gif;base64,R0lGODlhAQABAIAAAAAAAP\/\/\/ywAAAAAAQABAAACAUwAOw==\" fifu-lazy=\"1\" fifu-data-sizes=\"auto\" fifu-data-srcset=\"https:\/\/i1.wp.com\/www.vwco.com.br\/uploads\/ckeditor\/5b86ff8d2e1c3.jpeg?ssl=1&w=75&resize=75&ssl=1 75w, https:\/\/i1.wp.com\/www.vwco.com.br\/uploads\/ckeditor\/5b86ff8d2e1c3.jpeg?ssl=1&w=100&resize=100&ssl=1 100w, https:\/\/i1.wp.com\/www.vwco.com.br\/uploads\/ckeditor\/5b86ff8d2e1c3.jpeg?ssl=1&w=150&resize=150&ssl=1 150w, https:\/\/i1.wp.com\/www.vwco.com.br\/uploads\/ckeditor\/5b86ff8d2e1c3.jpeg?ssl=1&w=240&resize=240&ssl=1 240w, https:\/\/i1.wp.com\/www.vwco.com.br\/uploads\/ckeditor\/5b86ff8d2e1c3.jpeg?ssl=1&w=320&resize=320&ssl=1 320w, https:\/\/i1.wp.com\/www.vwco.com.br\/uploads\/ckeditor\/5b86ff8d2e1c3.jpeg?ssl=1&w=500&resize=500&ssl=1 500w, https:\/\/i1.wp.com\/www.vwco.com.br\/uploads\/ckeditor\/5b86ff8d2e1c3.jpeg?ssl=1&w=640&resize=640&ssl=1 640w, https:\/\/i1.wp.com\/www.vwco.com.br\/uploads\/ckeditor\/5b86ff8d2e1c3.jpeg?ssl=1&w=800&resize=800&ssl=1 800w, https:\/\/i1.wp.com\/www.vwco.com.br\/uploads\/ckeditor\/5b86ff8d2e1c3.jpeg?ssl=1&w=1024&resize=1024&ssl=1 1024w, https:\/\/i1.wp.com\/www.vwco.com.br\/uploads\/ckeditor\/5b86ff8d2e1c3.jpeg?ssl=1&w=1280&resize=1280&ssl=1 1280w, https:\/\/i1.wp.com\/www.vwco.com.br\/uploads\/ckeditor\/5b86ff8d2e1c3.jpeg?ssl=1&w=1600&resize=1600&ssl=1 1600w\" alt fifu-data-src=\"https:\/\/i1.wp.com\/www.vwco.com.br\/uploads\/ckeditor\/5b86ff8d2e1c3.jpeg?ssl=1\"><\/a><\/p>\n<p><a href=\"https:\/\/www.vwco.com.br\/uploads\/ckeditor\/5b86ffaa2ab91.jpeg\"><img decoding=\"async\" src=\"data:image\/gif;base64,R0lGODlhAQABAIAAAAAAAP\/\/\/ywAAAAAAQABAAACAUwAOw==\" fifu-lazy=\"1\" fifu-data-sizes=\"auto\" fifu-data-srcset=\"https:\/\/i1.wp.com\/www.vwco.com.br\/uploads\/ckeditor\/5b86ffaa2ab91.jpeg?ssl=1&w=75&resize=75&ssl=1 75w, https:\/\/i1.wp.com\/www.vwco.com.br\/uploads\/ckeditor\/5b86ffaa2ab91.jpeg?ssl=1&w=100&resize=100&ssl=1 100w, https:\/\/i1.wp.com\/www.vwco.com.br\/uploads\/ckeditor\/5b86ffaa2ab91.jpeg?ssl=1&w=150&resize=150&ssl=1 150w, https:\/\/i1.wp.com\/www.vwco.com.br\/uploads\/ckeditor\/5b86ffaa2ab91.jpeg?ssl=1&w=240&resize=240&ssl=1 240w, https:\/\/i1.wp.com\/www.vwco.com.br\/uploads\/ckeditor\/5b86ffaa2ab91.jpeg?ssl=1&w=320&resize=320&ssl=1 320w, https:\/\/i1.wp.com\/www.vwco.com.br\/uploads\/ckeditor\/5b86ffaa2ab91.jpeg?ssl=1&w=500&resize=500&ssl=1 500w, https:\/\/i1.wp.com\/www.vwco.com.br\/uploads\/ckeditor\/5b86ffaa2ab91.jpeg?ssl=1&w=640&resize=640&ssl=1 640w, https:\/\/i1.wp.com\/www.vwco.com.br\/uploads\/ckeditor\/5b86ffaa2ab91.jpeg?ssl=1&w=800&resize=800&ssl=1 800w, https:\/\/i1.wp.com\/www.vwco.com.br\/uploads\/ckeditor\/5b86ffaa2ab91.jpeg?ssl=1&w=1024&resize=1024&ssl=1 1024w, https:\/\/i1.wp.com\/www.vwco.com.br\/uploads\/ckeditor\/5b86ffaa2ab91.jpeg?ssl=1&w=1280&resize=1280&ssl=1 1280w, https:\/\/i1.wp.com\/www.vwco.com.br\/uploads\/ckeditor\/5b86ffaa2ab91.jpeg?ssl=1&w=1600&resize=1600&ssl=1 1600w\" alt fifu-data-src=\"https:\/\/i1.wp.com\/www.vwco.com.br\/uploads\/ckeditor\/5b86ffaa2ab91.jpeg?ssl=1\"><\/a><br \/>Contato:<\/p>\n<p><img decoding=\"async\" src=\"data:image\/gif;base64,R0lGODlhAQABAIAAAAAAAP\/\/\/ywAAAAAAQABAAACAUwAOw==\" fifu-lazy=\"1\" fifu-data-sizes=\"auto\" fifu-data-srcset=\"https:\/\/i3.wp.com\/www.vwco.com.br\/uploads\/ckeditor\/5b87000721365.jpeg?ssl=1&w=75&resize=75&ssl=1 75w, https:\/\/i3.wp.com\/www.vwco.com.br\/uploads\/ckeditor\/5b87000721365.jpeg?ssl=1&w=100&resize=100&ssl=1 100w, https:\/\/i3.wp.com\/www.vwco.com.br\/uploads\/ckeditor\/5b87000721365.jpeg?ssl=1&w=150&resize=150&ssl=1 150w, https:\/\/i3.wp.com\/www.vwco.com.br\/uploads\/ckeditor\/5b87000721365.jpeg?ssl=1&w=240&resize=240&ssl=1 240w, https:\/\/i3.wp.com\/www.vwco.com.br\/uploads\/ckeditor\/5b87000721365.jpeg?ssl=1&w=320&resize=320&ssl=1 320w, https:\/\/i3.wp.com\/www.vwco.com.br\/uploads\/ckeditor\/5b87000721365.jpeg?ssl=1&w=500&resize=500&ssl=1 500w, https:\/\/i3.wp.com\/www.vwco.com.br\/uploads\/ckeditor\/5b87000721365.jpeg?ssl=1&w=640&resize=640&ssl=1 640w, https:\/\/i3.wp.com\/www.vwco.com.br\/uploads\/ckeditor\/5b87000721365.jpeg?ssl=1&w=800&resize=800&ssl=1 800w, https:\/\/i3.wp.com\/www.vwco.com.br\/uploads\/ckeditor\/5b87000721365.jpeg?ssl=1&w=1024&resize=1024&ssl=1 1024w, https:\/\/i3.wp.com\/www.vwco.com.br\/uploads\/ckeditor\/5b87000721365.jpeg?ssl=1&w=1280&resize=1280&ssl=1 1280w, https:\/\/i3.wp.com\/www.vwco.com.br\/uploads\/ckeditor\/5b87000721365.jpeg?ssl=1&w=1600&resize=1600&ssl=1 1600w\" alt fifu-data-src=\"https:\/\/i3.wp.com\/www.vwco.com.br\/uploads\/ckeditor\/5b87000721365.jpeg?ssl=1\"><\/p>\n<p>Julia Kroeber-Riel<br \/>Chefe de Comunica\u00e7\u00f5es &amp; Assuntos Governamentais do Grupo<\/p>\n<p>TRATON AG<br \/>Dachauer Str. 641<br \/>80995 Munique<\/p>\n<p>T +49 152 58870900<br \/>julia.kroeber-riel@traton.com<\/p>\n<p><img decoding=\"async\" src=\"data:image\/gif;base64,R0lGODlhAQABAIAAAAAAAP\/\/\/ywAAAAAAQABAAACAUwAOw==\" fifu-lazy=\"1\" fifu-data-sizes=\"auto\" fifu-data-srcset=\"https:\/\/i3.wp.com\/www.vwco.com.br\/uploads\/ckeditor\/5b87001c48078.jpeg?ssl=1&w=75&resize=75&ssl=1 75w, https:\/\/i3.wp.com\/www.vwco.com.br\/uploads\/ckeditor\/5b87001c48078.jpeg?ssl=1&w=100&resize=100&ssl=1 100w, https:\/\/i3.wp.com\/www.vwco.com.br\/uploads\/ckeditor\/5b87001c48078.jpeg?ssl=1&w=150&resize=150&ssl=1 150w, https:\/\/i3.wp.com\/www.vwco.com.br\/uploads\/ckeditor\/5b87001c48078.jpeg?ssl=1&w=240&resize=240&ssl=1 240w, https:\/\/i3.wp.com\/www.vwco.com.br\/uploads\/ckeditor\/5b87001c48078.jpeg?ssl=1&w=320&resize=320&ssl=1 320w, https:\/\/i3.wp.com\/www.vwco.com.br\/uploads\/ckeditor\/5b87001c48078.jpeg?ssl=1&w=500&resize=500&ssl=1 500w, https:\/\/i3.wp.com\/www.vwco.com.br\/uploads\/ckeditor\/5b87001c48078.jpeg?ssl=1&w=640&resize=640&ssl=1 640w, https:\/\/i3.wp.com\/www.vwco.com.br\/uploads\/ckeditor\/5b87001c48078.jpeg?ssl=1&w=800&resize=800&ssl=1 800w, https:\/\/i3.wp.com\/www.vwco.com.br\/uploads\/ckeditor\/5b87001c48078.jpeg?ssl=1&w=1024&resize=1024&ssl=1 1024w, https:\/\/i3.wp.com\/www.vwco.com.br\/uploads\/ckeditor\/5b87001c48078.jpeg?ssl=1&w=1280&resize=1280&ssl=1 1280w, https:\/\/i3.wp.com\/www.vwco.com.br\/uploads\/ckeditor\/5b87001c48078.jpeg?ssl=1&w=1600&resize=1600&ssl=1 1600w\" alt fifu-data-src=\"https:\/\/i3.wp.com\/www.vwco.com.br\/uploads\/ckeditor\/5b87001c48078.jpeg?ssl=1\"><\/p>\n<p>Sebastian Rausch<br \/>Rela\u00e7\u00f5es com a M\u00eddia Financeira<\/p>\n<p>TRATON AG<br \/>Dachauer Str. 641<br \/>80995 Munique<\/p>\n<p>T +49 174 9403059&nbsp;&nbsp;<br \/>sebastian.rausch@traton.com<br \/>www.traton.com<\/p>\n<\/p><\/div>\n","protected":false},"excerpt":{"rendered":"<p>30-08-2018 A altera\u00e7\u00e3o no nome oficial ser\u00e1 um marco importante no caminho para que o&#8230;<\/p>\n","protected":false},"author":1,"featured_media":0,"comment_status":"open","ping_status":"open","sticky":false,"template":"","format":"standard","meta":{"fifu_image_url":"","fifu_image_alt":"","footnotes":""},"categories":[727],"tags":[],"class_list":["post-76119","post","type-post","status-publish","format-standard","hentry","category-noticias","wpcat-727-id"],"_links":{"self":[{"href":"https:\/\/verde-amarelo.net\/verdeamarelo\/wp-json\/wp\/v2\/posts\/76119","targetHints":{"allow":["GET"]}}],"collection":[{"href":"https:\/\/verde-amarelo.net\/verdeamarelo\/wp-json\/wp\/v2\/posts"}],"about":[{"href":"https:\/\/verde-amarelo.net\/verdeamarelo\/wp-json\/wp\/v2\/types\/post"}],"author":[{"embeddable":true,"href":"https:\/\/verde-amarelo.net\/verdeamarelo\/wp-json\/wp\/v2\/users\/1"}],"replies":[{"embeddable":true,"href":"https:\/\/verde-amarelo.net\/verdeamarelo\/wp-json\/wp\/v2\/comments?post=76119"}],"version-history":[{"count":0,"href":"https:\/\/verde-amarelo.net\/verdeamarelo\/wp-json\/wp\/v2\/posts\/76119\/revisions"}],"wp:attachment":[{"href":"https:\/\/verde-amarelo.net\/verdeamarelo\/wp-json\/wp\/v2\/media?parent=76119"}],"wp:term":[{"taxonomy":"category","embeddable":true,"href":"https:\/\/verde-amarelo.net\/verdeamarelo\/wp-json\/wp\/v2\/categories?post=76119"},{"taxonomy":"post_tag","embeddable":true,"href":"https:\/\/verde-amarelo.net\/verdeamarelo\/wp-json\/wp\/v2\/tags?post=76119"}],"curies":[{"name":"wp","href":"https:\/\/api.w.org\/{rel}","templated":true}]}}