{"id":76122,"date":"2018-08-20T14:26:36","date_gmt":"2018-08-20T17:26:36","guid":{"rendered":"https:\/\/verde-amarelo.net\/verdeamarelo\/2018\/08\/cervejaria-ambev-tera-mais-de-1-3-da-frota-parceira-composta-por-caminhoes-eletricos-ate-2023\/"},"modified":"2018-08-20T14:26:36","modified_gmt":"2018-08-20T17:26:36","slug":"cervejaria-ambev-tera-mais-de-1-3-da-frota-parceira-composta-por-caminhoes-eletricos-ate-2023","status":"publish","type":"post","link":"https:\/\/verde-amarelo.net\/verdeamarelo\/2018\/08\/cervejaria-ambev-tera-mais-de-1-3-da-frota-parceira-composta-por-caminhoes-eletricos-ate-2023\/","title":{"rendered":"Cervejaria Ambev ter\u00e1 mais de 1\/3 da frota parceira composta por caminh\u00f5es el\u00e9tricos at\u00e9 2023"},"content":{"rendered":"<p>Parceria com a Volkswagen Caminh\u00f5es e \u00d4nibus envolve 1.600 ve\u00edculos movidos a energia limpa; \u00e9 o maior an\u00fancio do tipo j\u00e1 feito no mundo<\/p>\n<p>A Cervejaria Ambev, dona de marcas como Skol, Brahma, Antarctica e Guaran\u00e1, anunciou que, at\u00e9 2023, ir\u00e1 passar a utilizar 1.600 caminh\u00f5es el\u00e9tricos da Volkswagen Caminh\u00f5es e \u00d4nibus no transporte de bebidas. Com a parceria, cerca de 35% da frota que atende a cervejaria ser\u00e1 composta por ve\u00edculos movidos a energia limpa, deixando de emitir mais de 30,4 mil toneladas de carbono em sua cadeia log\u00edstica por ano. A negocia\u00e7\u00e3o \u00e9 a maior da VWCO no ano para o segmento de cargas.<\/p>&nbsp;&nbsp;\n<p>O primeiro caminh\u00e3o a integrar essa frota ser\u00e1 o VW e-Delivery e chegar\u00e1 \u00e0s ruas ainda este ano, inaugurando assim a primeira fase de testes para determinar a tecnologia mais adequada para atender as opera\u00e7\u00f5es da Cervejaria Ambev. O modelo ser\u00e1 recarregado com 100% de energia el\u00e9trica comprada de fontes limpas, como e\u00f3lica e solar.<br \/>A parceria \u00e9 um marco na hist\u00f3ria das duas empresas: esse \u00e9 o maior an\u00fancio do tipo j\u00e1 feito no mundo. O trabalho em conjunto representa um passo importante em dire\u00e7\u00e3o a um futuro cada vez menos dependente de combust\u00edveis f\u00f3sseis e tem por objetivo reduzir ainda mais as emiss\u00f5es de gases de efeito estufa na frota que atende a Cervejaria Ambev. Entre 2014 e 2017, a companhia j\u00e1 reduziu esse \u00edndice em 33,9%.<\/p>&nbsp;&nbsp;\n<p>\u201cO nosso sonho \u00e9 unir as pessoas por um mundo melhor. Por isso, estamos sempre buscando parceiros engajados nas mesmas causas, como a Volkswagen Caminh\u00f5es e \u00d4nibus, para prover novas tecnologias e processos que tenham um impacto positivo no meio ambiente. Temos certeza que esse projeto contribuir\u00e1 muito para a constru\u00e7\u00e3o do legado sustent\u00e1vel que queremos deixar para as pr\u00f3ximas gera\u00e7\u00f5es\u201d afirma Guilherme Gaia, diretor de log\u00edstica e suprimentos da Cervejaria Ambev.<\/p>&nbsp;&nbsp;\n<p>Esse \u00e9 o primeiro caminh\u00e3o leve 100% el\u00e9trico da Am\u00e9rica Latina com zero emiss\u00e3o de CO2. A solu\u00e7\u00e3o est\u00e1 alinhada \u00e0 pol\u00edtica de desenvolvimento e promo\u00e7\u00e3o de tecnologias limpas do Grupo VW Truck &amp; Bus, do qual a VW Caminh\u00f5es e \u00d4nibus faz parte.<\/p>&nbsp;&nbsp;\n<p>\u201cNosso centro mundial de desenvolvimento da Volkswagen Caminh\u00f5es e \u00d4nibus, localizado no Brasil, investigou e aplicou as melhores solu\u00e7\u00f5es mundiais e locais dispon\u00edveis para atender \u00e0s necessidades de nossos clientes em ve\u00edculos de baixas emiss\u00f5es em pa\u00edses emergentes. Gra\u00e7as \u00e0 nossa parceria com a Cervejaria Ambev, que j\u00e1 dura mais de vinte anos, fomos os primeiros a desenvolver ve\u00edculos vocacionais para distribui\u00e7\u00e3o de bebidas. E agora, mais uma vez, sa\u00edmos juntos na frente, ingressando na era el\u00e9trica\u201d, destaca Roberto Cortes, presidente e CEO da VW Caminh\u00f5es e \u00d4nibus, fabricante das marcas Volkswagen Caminh\u00f5es e \u00d4nibus e MAN.<\/p>&nbsp;&nbsp;\n<p>Desenvolvidos no Brasil, os ve\u00edculos trazem solu\u00e7\u00f5es de \u00faltima gera\u00e7\u00e3o para log\u00edstica verde, como sistemas inteligentes para ajustar a demanda da bateria conforme a opera\u00e7\u00e3o e para recuperar a energia da frenagem. Os caminh\u00f5es podem chegar a uma autonomia de at\u00e9 200 quil\u00f4metros, de acordo com a aplica\u00e7\u00e3o e a configura\u00e7\u00e3o do ve\u00edculo. O n\u00edvel de ru\u00eddo \u00e9 extremamente baixo quando comparado aos modelos tradicionais, melhorando o conforto do motorista e seus ajudantes na opera\u00e7\u00e3o.<\/p>&nbsp;&nbsp;\n<p>A sustentabilidade socioambiental \u00e9 um pilar central do neg\u00f3cio da Cervejaria Ambev. Nos \u00faltimos cinco anos, a companhia destinou mais de R$ 1 bilh\u00e3o para projetos voltados a esse fim em sua opera\u00e7\u00e3o. O montante contribuiu para a supera\u00e7\u00e3o de seis das sete metas anunciadas em 2013 para serem atingidas em 2017. Agora, a cervejaria anunciou mais um passo importante nesse trabalho, com novos compromissos, que tem previs\u00e3o de atingimento at\u00e9 2025. As metas, definidas pela AB InBev globalmente, s\u00e3o divididas em quatro pilares, sendo que um deles se refere especificamente \u00e0 redu\u00e7\u00e3o das emiss\u00f5es de carbono em suas opera\u00e7\u00f5es e \u00e0 compra de eletricidade de fontes renov\u00e1veis:<\/p>\n<ul>\n<li>?&nbsp;A\u00e7\u00f5es Clim\u00e1ticas: 100% da eletricidade comprada pela Cervejaria Ambev deve ser advinda de fontes renov\u00e1veis. Al\u00e9m disso, a cervejaria vai reduzir em 25% as emiss\u00f5es de carbono ao longo da nossa cadeia de valor.<\/li>\n<li>?&nbsp;Embalagem Circular: 100% dos produtos da Cervejaria Ambev devem estar em embalagens retorn\u00e1veis ou que sejam majoritariamente feitas de conte\u00fado reciclado.<\/li>\n<li>?&nbsp;Gest\u00e3o de \u00c1gua: melhorar de forma mensur\u00e1vel a disponibilidade e a qualidade da \u00e1gua para 100% das comunidades em \u00e1reas de alto estresse h\u00eddrico com as quais a cervejaria se relaciona.<\/li>\n<li>?&nbsp;Agricultura Inteligente: 100% dos agricultores parceiros da cervejaria devem estar treinados, conectados e com estrutura financeira para desenvolver um plantio cada vez mais sustent\u00e1vel.<\/li>\n<\/ul>\n<p><strong>Sobre a Cervejaria Ambev<\/strong><br \/>Unir as pessoas por um mundo melhor. Esse \u00e9 o sonho da Ambev, empresa brasileira, com sede em S\u00e3o Paulo, e presente em 18 pa\u00edses. No Brasil, somos mais de 32 mil pessoas que dividem a mesma paix\u00e3o por produzir cerveja e trabalhamos juntos para garantir momentos de celebra\u00e7\u00e3o e divers\u00e3o.<\/p>&nbsp;&nbsp;\n<p>A Ambev \u00e9 uma cervejaria inovadora e temos o consumidor no centro de nossas decis\u00f5es e iniciativas. Nosso portf\u00f3lio conta com cervejas, refrigerantes, ch\u00e1s, isot\u00f4nicos, energ\u00e9ticos e sucos, de marcas reconhecidas como Skol, Brahma, Antarctica, Budweiser, Stella Artois, W\u00e4ls, Colorado, Guaran\u00e1 Antarctica, Fusion, do bem e AMA, a \u00e1gua mineral que destina 100% de seu lucro para projetos que levam acesso \u00e0 \u00e1gua pot\u00e1vel para fam\u00edlias do semi\u00e1rido brasileiro.<\/p>&nbsp;&nbsp;\n<p>Somente nos \u00faltimos cinco anos, investimos R$ 17,5 bilh\u00f5es no pa\u00eds e deixamos um legado al\u00e9m dos investimentos com nossa ampla plataforma de sustentabilidade. Esse compromisso inclui metas claras, divulgadas publicamente, e se traduz em quatro pilares: consumo inteligente, \u00e1gua, res\u00edduo zero e desenvolvimento. Esse trabalho \u00e9 feito com uma rede de parceiros, pois acreditamos que a constru\u00e7\u00e3o de um mundo melhor se torna mais rica quando feita em conjunto.<\/p>&nbsp;&nbsp;\n<p><strong>Sobre a VW Caminh\u00f5es e \u00d4nibus<\/strong><br \/>Fabricante dos ve\u00edculos comerciais Volkswagen e MAN, a VW Caminh\u00f5es e \u00d4nibus \u00e9 uma das maiores montadoras de caminh\u00f5es e \u00f4nibus da Am\u00e9rica Latina. Inovadora, a VW Caminh\u00f5es e \u00d4nibus produzir\u00e1 o VW e-Delivery junto com seus parceiros no Cons\u00f3rcio Modular, na f\u00e1brica instalada em Resende (RJ).<\/p>&nbsp;&nbsp;\n<p>Desde 1981, quando iniciou suas opera\u00e7\u00f5es, chegar ao topo do mercado, respeitando e satisfazendo as necessidades dos clientes, sempre foi o foco da montadora. E \u00e9 exatamente isso que oferece a seus clientes: produtos sob medida e um excelente servi\u00e7o de p\u00f3s-vendas.<\/p>&nbsp;&nbsp;\n<p>Sua produ\u00e7\u00e3o j\u00e1 ultrapassou o marco de 800 mil ve\u00edculos, com mais de 100 mil unidades exportadas para mais de 30 pa\u00edses. A empresa tamb\u00e9m \u00e9 refer\u00eancia em inova\u00e7\u00f5es tecnol\u00f3gicas. Desde 2003, a montadora conduz estudos com combust\u00edveis renov\u00e1veis e alternativos, mesmo antes de obriga\u00e7\u00f5es legais.<\/p>&nbsp;&nbsp;\n<p>A VW Caminh\u00f5es e \u00d4nibus \u00e9 pioneira na utiliza\u00e7\u00e3o de biodiesel e no desenvolvimento no Brasil de caminh\u00e3o dotado com sistema h\u00edbrido diesel-hidr\u00e1ulico. A empresa busca sempre solu\u00e7\u00f5es que reduzam o impacto ambiental e ajudem a preservar o meio ambiente.<\/p>&nbsp;&nbsp;\n<p>H\u00e1 mais de 35 anos, a fabricante mant\u00e9m seu compromisso de desenvolver ve\u00edculos que superem as exig\u00eancias dos clientes \u2013 onde quer que eles rodem, seja pelas estradas brasileiras, latino-americanas ou africanas.<\/p>&nbsp;&nbsp;\n<p><a href=\"https:\/\/www.vwco.com.br\/uploads\/ckeditor\/5b7ad17c23ea2.jpeg\"><img decoding=\"async\" src=\"data:image\/gif;base64,R0lGODlhAQABAIAAAAAAAP\/\/\/ywAAAAAAQABAAACAUwAOw==\" fifu-lazy=\"1\" fifu-data-sizes=\"auto\" fifu-data-srcset=\"https:\/\/i1.wp.com\/www.vwco.com.br\/uploads\/ckeditor\/5b7ad17c23ea2.jpeg?ssl=1&w=75&resize=75&ssl=1 75w, https:\/\/i1.wp.com\/www.vwco.com.br\/uploads\/ckeditor\/5b7ad17c23ea2.jpeg?ssl=1&w=100&resize=100&ssl=1 100w, https:\/\/i1.wp.com\/www.vwco.com.br\/uploads\/ckeditor\/5b7ad17c23ea2.jpeg?ssl=1&w=150&resize=150&ssl=1 150w, https:\/\/i1.wp.com\/www.vwco.com.br\/uploads\/ckeditor\/5b7ad17c23ea2.jpeg?ssl=1&w=240&resize=240&ssl=1 240w, https:\/\/i1.wp.com\/www.vwco.com.br\/uploads\/ckeditor\/5b7ad17c23ea2.jpeg?ssl=1&w=320&resize=320&ssl=1 320w, https:\/\/i1.wp.com\/www.vwco.com.br\/uploads\/ckeditor\/5b7ad17c23ea2.jpeg?ssl=1&w=500&resize=500&ssl=1 500w, https:\/\/i1.wp.com\/www.vwco.com.br\/uploads\/ckeditor\/5b7ad17c23ea2.jpeg?ssl=1&w=640&resize=640&ssl=1 640w, https:\/\/i1.wp.com\/www.vwco.com.br\/uploads\/ckeditor\/5b7ad17c23ea2.jpeg?ssl=1&w=800&resize=800&ssl=1 800w, https:\/\/i1.wp.com\/www.vwco.com.br\/uploads\/ckeditor\/5b7ad17c23ea2.jpeg?ssl=1&w=1024&resize=1024&ssl=1 1024w, https:\/\/i1.wp.com\/www.vwco.com.br\/uploads\/ckeditor\/5b7ad17c23ea2.jpeg?ssl=1&w=1280&resize=1280&ssl=1 1280w, https:\/\/i1.wp.com\/www.vwco.com.br\/uploads\/ckeditor\/5b7ad17c23ea2.jpeg?ssl=1&w=1600&resize=1600&ssl=1 1600w\" alt fifu-data-src=\"https:\/\/i1.wp.com\/www.vwco.com.br\/uploads\/ckeditor\/5b7ad17c23ea2.jpeg?ssl=1\"><\/a>&nbsp;<\/p>\n<p><a href=\"https:\/\/www.vwco.com.br\/uploads\/ckeditor\/5b7ad194447f8.jpeg\"><img decoding=\"async\" src=\"data:image\/gif;base64,R0lGODlhAQABAIAAAAAAAP\/\/\/ywAAAAAAQABAAACAUwAOw==\" fifu-lazy=\"1\" fifu-data-sizes=\"auto\" fifu-data-srcset=\"https:\/\/i1.wp.com\/www.vwco.com.br\/uploads\/ckeditor\/5b7ad194447f8.jpeg?ssl=1&w=75&resize=75&ssl=1 75w, https:\/\/i1.wp.com\/www.vwco.com.br\/uploads\/ckeditor\/5b7ad194447f8.jpeg?ssl=1&w=100&resize=100&ssl=1 100w, https:\/\/i1.wp.com\/www.vwco.com.br\/uploads\/ckeditor\/5b7ad194447f8.jpeg?ssl=1&w=150&resize=150&ssl=1 150w, https:\/\/i1.wp.com\/www.vwco.com.br\/uploads\/ckeditor\/5b7ad194447f8.jpeg?ssl=1&w=240&resize=240&ssl=1 240w, https:\/\/i1.wp.com\/www.vwco.com.br\/uploads\/ckeditor\/5b7ad194447f8.jpeg?ssl=1&w=320&resize=320&ssl=1 320w, https:\/\/i1.wp.com\/www.vwco.com.br\/uploads\/ckeditor\/5b7ad194447f8.jpeg?ssl=1&w=500&resize=500&ssl=1 500w, https:\/\/i1.wp.com\/www.vwco.com.br\/uploads\/ckeditor\/5b7ad194447f8.jpeg?ssl=1&w=640&resize=640&ssl=1 640w, https:\/\/i1.wp.com\/www.vwco.com.br\/uploads\/ckeditor\/5b7ad194447f8.jpeg?ssl=1&w=800&resize=800&ssl=1 800w, https:\/\/i1.wp.com\/www.vwco.com.br\/uploads\/ckeditor\/5b7ad194447f8.jpeg?ssl=1&w=1024&resize=1024&ssl=1 1024w, https:\/\/i1.wp.com\/www.vwco.com.br\/uploads\/ckeditor\/5b7ad194447f8.jpeg?ssl=1&w=1280&resize=1280&ssl=1 1280w, https:\/\/i1.wp.com\/www.vwco.com.br\/uploads\/ckeditor\/5b7ad194447f8.jpeg?ssl=1&w=1600&resize=1600&ssl=1 1600w\" alt fifu-data-src=\"https:\/\/i1.wp.com\/www.vwco.com.br\/uploads\/ckeditor\/5b7ad194447f8.jpeg?ssl=1\"><\/a><\/p>\n<p><a href=\"https:\/\/www.vwco.com.br\/uploads\/ckeditor\/5b7ad1bc89bdb.jpeg\"><img decoding=\"async\" src=\"data:image\/gif;base64,R0lGODlhAQABAIAAAAAAAP\/\/\/ywAAAAAAQABAAACAUwAOw==\" fifu-lazy=\"1\" fifu-data-sizes=\"auto\" fifu-data-srcset=\"https:\/\/i3.wp.com\/www.vwco.com.br\/uploads\/ckeditor\/5b7ad1bc89bdb.jpeg?ssl=1&w=75&resize=75&ssl=1 75w, https:\/\/i3.wp.com\/www.vwco.com.br\/uploads\/ckeditor\/5b7ad1bc89bdb.jpeg?ssl=1&w=100&resize=100&ssl=1 100w, https:\/\/i3.wp.com\/www.vwco.com.br\/uploads\/ckeditor\/5b7ad1bc89bdb.jpeg?ssl=1&w=150&resize=150&ssl=1 150w, https:\/\/i3.wp.com\/www.vwco.com.br\/uploads\/ckeditor\/5b7ad1bc89bdb.jpeg?ssl=1&w=240&resize=240&ssl=1 240w, https:\/\/i3.wp.com\/www.vwco.com.br\/uploads\/ckeditor\/5b7ad1bc89bdb.jpeg?ssl=1&w=320&resize=320&ssl=1 320w, https:\/\/i3.wp.com\/www.vwco.com.br\/uploads\/ckeditor\/5b7ad1bc89bdb.jpeg?ssl=1&w=500&resize=500&ssl=1 500w, https:\/\/i3.wp.com\/www.vwco.com.br\/uploads\/ckeditor\/5b7ad1bc89bdb.jpeg?ssl=1&w=640&resize=640&ssl=1 640w, https:\/\/i3.wp.com\/www.vwco.com.br\/uploads\/ckeditor\/5b7ad1bc89bdb.jpeg?ssl=1&w=800&resize=800&ssl=1 800w, https:\/\/i3.wp.com\/www.vwco.com.br\/uploads\/ckeditor\/5b7ad1bc89bdb.jpeg?ssl=1&w=1024&resize=1024&ssl=1 1024w, https:\/\/i3.wp.com\/www.vwco.com.br\/uploads\/ckeditor\/5b7ad1bc89bdb.jpeg?ssl=1&w=1280&resize=1280&ssl=1 1280w, https:\/\/i3.wp.com\/www.vwco.com.br\/uploads\/ckeditor\/5b7ad1bc89bdb.jpeg?ssl=1&w=1600&resize=1600&ssl=1 1600w\" alt fifu-data-src=\"https:\/\/i3.wp.com\/www.vwco.com.br\/uploads\/ckeditor\/5b7ad1bc89bdb.jpeg?ssl=1\"><\/a><\/p>\n","protected":false},"excerpt":{"rendered":"<p>Parceria com a Volkswagen Caminh\u00f5es e \u00d4nibus envolve 1.600 ve\u00edculos movidos a energia limpa; \u00e9&#8230;<\/p>\n","protected":false},"author":1,"featured_media":0,"comment_status":"open","ping_status":"open","sticky":false,"template":"","format":"standard","meta":{"fifu_image_url":"","fifu_image_alt":"","footnotes":""},"categories":[727],"tags":[],"class_list":["post-76122","post","type-post","status-publish","format-standard","hentry","category-noticias","wpcat-727-id"],"_links":{"self":[{"href":"https:\/\/verde-amarelo.net\/verdeamarelo\/wp-json\/wp\/v2\/posts\/76122","targetHints":{"allow":["GET"]}}],"collection":[{"href":"https:\/\/verde-amarelo.net\/verdeamarelo\/wp-json\/wp\/v2\/posts"}],"about":[{"href":"https:\/\/verde-amarelo.net\/verdeamarelo\/wp-json\/wp\/v2\/types\/post"}],"author":[{"embeddable":true,"href":"https:\/\/verde-amarelo.net\/verdeamarelo\/wp-json\/wp\/v2\/users\/1"}],"replies":[{"embeddable":true,"href":"https:\/\/verde-amarelo.net\/verdeamarelo\/wp-json\/wp\/v2\/comments?post=76122"}],"version-history":[{"count":0,"href":"https:\/\/verde-amarelo.net\/verdeamarelo\/wp-json\/wp\/v2\/posts\/76122\/revisions"}],"wp:attachment":[{"href":"https:\/\/verde-amarelo.net\/verdeamarelo\/wp-json\/wp\/v2\/media?parent=76122"}],"wp:term":[{"taxonomy":"category","embeddable":true,"href":"https:\/\/verde-amarelo.net\/verdeamarelo\/wp-json\/wp\/v2\/categories?post=76122"},{"taxonomy":"post_tag","embeddable":true,"href":"https:\/\/verde-amarelo.net\/verdeamarelo\/wp-json\/wp\/v2\/tags?post=76122"}],"curies":[{"name":"wp","href":"https:\/\/api.w.org\/{rel}","templated":true}]}}