{"id":76124,"date":"2018-08-08T17:48:45","date_gmt":"2018-08-08T20:48:45","guid":{"rendered":"https:\/\/verde-amarelo.net\/verdeamarelo\/2018\/08\/novo-delivery-sai-com-implemento-de-fabrica\/"},"modified":"2018-08-08T17:48:45","modified_gmt":"2018-08-08T20:48:45","slug":"novo-delivery-sai-com-implemento-de-fabrica","status":"publish","type":"post","link":"https:\/\/verde-amarelo.net\/verdeamarelo\/2018\/08\/novo-delivery-sai-com-implemento-de-fabrica\/","title":{"rendered":"Novo Delivery sai com implemento de f\u00e1brica"},"content":{"rendered":"<p><em>Op\u00e7\u00e3o est\u00e1 dispon\u00edvel nos modelos Express e 4.150<\/em><\/p>\n<p>Os novos Delivery Express e 4.150 chegam ao mercado com mais uma enorme facilidade: para agilizar sua entrada em opera\u00e7\u00e3o, os modelos podem sair com implemento de f\u00e1brica. O cliente pode escolher entre carga seca ou ba\u00fa, com todas as garantias desses equipamentos preservadas por seu fabricante, a Randon. Al\u00e9m disso, os caminh\u00f5es passam a dispor da instala\u00e7\u00e3o da c\u00e2mera de r\u00e9 como opcional pelo parceiro exclusivo da marca, o BMB.<\/p>&nbsp;&nbsp;\n<p>\u201cEssa \u00e9 uma parceria in\u00e9dita que fechamos com a Randon para garantir outros diferenciais aos modelos mais leves da Volkswagen Caminh\u00f5es. Todo o processo \u00e9 feito ao lado de nossa f\u00e1brica, e os clientes se beneficiam de uma entrega do produto mais r\u00e1pida, sem se preocupar com a instala\u00e7\u00e3o da carroceria e com um custo do ve\u00edculo completo mais competitivo\u201d, explica Ricardo Yada, supervisor de Marketing de Produto da Volkswagen Caminh\u00f5es e \u00d4nibus.<\/p>&nbsp;&nbsp;\n<p>Os implementos tiveram um projeto exclusivamente desenvolvido pela Randon para os caminh\u00f5es VW e contam com um ano de garantia total. Quanto \u00e0 cabine, a Volkswagen Caminh\u00f5es e \u00d4nibus oferece seis anos contra corros\u00e3o. E os diferenciais n\u00e3o param por a\u00ed. Os novos ve\u00edculos tamb\u00e9m podem sair de f\u00e1brica com c\u00e2mera de r\u00e9, r\u00e1dio e autofalantes instalados pelo centro de modifica\u00e7\u00f5es&nbsp; BMB.<\/p>&nbsp;&nbsp;\n<p>Considerando os modelos normais de produ\u00e7\u00e3o \u2014 ou seja, com o entre-eixo de 3.600 mm \u2014, o implemento para carga seca tem 4,3 metros de comprimento; 2,2 m de largura e 0,4 m de altura. Essa configura\u00e7\u00e3o \u00e9 ideal para o transporte de materiais de constru\u00e7\u00e3o, hortifr\u00fatis ou mesmo produtos envazados. J\u00e1 como ba\u00fa, as dimens\u00f5es ficam em 4,3 m de comprimento; largura de 2,2 m; e altura de 2,2 m, tamanho adequado para carregar eletrodom\u00e9sticos, flores, pe\u00e7as ou qualquer outra aplica\u00e7\u00e3o de distribui\u00e7\u00e3o urbana.<\/p>&nbsp;&nbsp;\n<p><strong>Caminh\u00e3o por fora, carro por dentro<\/strong><br \/>A nova fam\u00edlia Delivery j\u00e1 encanta os clientes no Brasil e tamb\u00e9m Am\u00e9rica Latina afora. Dispon\u00edvel no mercado desde junho, o Delivery Express mostra a que veio. Assim como os demais modelos da linha, tem atributos de sobra para manter as expectativas e a prefer\u00eancia em alto patamar ao entregar desempenho e robustez de caminh\u00e3o com conforto de carro.<\/p>&nbsp;&nbsp;\n<p>O Express proporciona ainda algumas vantagens adicionais por se enquadrar como caminhonete: pode ser dirigido por motoristas com carteira de habilita\u00e7\u00e3o categoria B e trafegar em \u00e1reas onde a circula\u00e7\u00e3o de caminh\u00f5es \u00e9 restrita. Seu rodado simples permite pagar ped\u00e1gio no valor de um autom\u00f3vel. E o modelo tamb\u00e9m n\u00e3o precisa passar nas pra\u00e7as de fiscaliza\u00e7\u00e3o por balan\u00e7a, mesmo quando carregado.<\/p>&nbsp;&nbsp;\n<p><a href=\"https:\/\/www.vwco.com.br\/uploads\/ckeditor\/5b6b2d0e494b5.jpeg\"><img decoding=\"async\" src=\"data:image\/gif;base64,R0lGODlhAQABAIAAAAAAAP\/\/\/ywAAAAAAQABAAACAUwAOw==\" fifu-lazy=\"1\" fifu-data-sizes=\"auto\" fifu-data-srcset=\"https:\/\/i0.wp.com\/www.vwco.com.br\/uploads\/ckeditor\/5b6b2d0e494b5.jpeg?ssl=1&w=75&resize=75&ssl=1 75w, https:\/\/i0.wp.com\/www.vwco.com.br\/uploads\/ckeditor\/5b6b2d0e494b5.jpeg?ssl=1&w=100&resize=100&ssl=1 100w, https:\/\/i0.wp.com\/www.vwco.com.br\/uploads\/ckeditor\/5b6b2d0e494b5.jpeg?ssl=1&w=150&resize=150&ssl=1 150w, https:\/\/i0.wp.com\/www.vwco.com.br\/uploads\/ckeditor\/5b6b2d0e494b5.jpeg?ssl=1&w=240&resize=240&ssl=1 240w, https:\/\/i0.wp.com\/www.vwco.com.br\/uploads\/ckeditor\/5b6b2d0e494b5.jpeg?ssl=1&w=320&resize=320&ssl=1 320w, https:\/\/i0.wp.com\/www.vwco.com.br\/uploads\/ckeditor\/5b6b2d0e494b5.jpeg?ssl=1&w=500&resize=500&ssl=1 500w, https:\/\/i0.wp.com\/www.vwco.com.br\/uploads\/ckeditor\/5b6b2d0e494b5.jpeg?ssl=1&w=640&resize=640&ssl=1 640w, https:\/\/i0.wp.com\/www.vwco.com.br\/uploads\/ckeditor\/5b6b2d0e494b5.jpeg?ssl=1&w=800&resize=800&ssl=1 800w, https:\/\/i0.wp.com\/www.vwco.com.br\/uploads\/ckeditor\/5b6b2d0e494b5.jpeg?ssl=1&w=1024&resize=1024&ssl=1 1024w, https:\/\/i0.wp.com\/www.vwco.com.br\/uploads\/ckeditor\/5b6b2d0e494b5.jpeg?ssl=1&w=1280&resize=1280&ssl=1 1280w, https:\/\/i0.wp.com\/www.vwco.com.br\/uploads\/ckeditor\/5b6b2d0e494b5.jpeg?ssl=1&w=1600&resize=1600&ssl=1 1600w\" alt fifu-data-src=\"https:\/\/i0.wp.com\/www.vwco.com.br\/uploads\/ckeditor\/5b6b2d0e494b5.jpeg?ssl=1\"><\/a><\/p>\n<p><a href=\"https:\/\/www.vwco.com.br\/uploads\/ckeditor\/5b6b2d371fa1b.jpeg\"><img decoding=\"async\" src=\"data:image\/gif;base64,R0lGODlhAQABAIAAAAAAAP\/\/\/ywAAAAAAQABAAACAUwAOw==\" fifu-lazy=\"1\" fifu-data-sizes=\"auto\" fifu-data-srcset=\"https:\/\/i1.wp.com\/www.vwco.com.br\/uploads\/ckeditor\/5b6b2d371fa1b.jpeg?ssl=1&w=75&resize=75&ssl=1 75w, https:\/\/i1.wp.com\/www.vwco.com.br\/uploads\/ckeditor\/5b6b2d371fa1b.jpeg?ssl=1&w=100&resize=100&ssl=1 100w, https:\/\/i1.wp.com\/www.vwco.com.br\/uploads\/ckeditor\/5b6b2d371fa1b.jpeg?ssl=1&w=150&resize=150&ssl=1 150w, https:\/\/i1.wp.com\/www.vwco.com.br\/uploads\/ckeditor\/5b6b2d371fa1b.jpeg?ssl=1&w=240&resize=240&ssl=1 240w, https:\/\/i1.wp.com\/www.vwco.com.br\/uploads\/ckeditor\/5b6b2d371fa1b.jpeg?ssl=1&w=320&resize=320&ssl=1 320w, https:\/\/i1.wp.com\/www.vwco.com.br\/uploads\/ckeditor\/5b6b2d371fa1b.jpeg?ssl=1&w=500&resize=500&ssl=1 500w, https:\/\/i1.wp.com\/www.vwco.com.br\/uploads\/ckeditor\/5b6b2d371fa1b.jpeg?ssl=1&w=640&resize=640&ssl=1 640w, https:\/\/i1.wp.com\/www.vwco.com.br\/uploads\/ckeditor\/5b6b2d371fa1b.jpeg?ssl=1&w=800&resize=800&ssl=1 800w, https:\/\/i1.wp.com\/www.vwco.com.br\/uploads\/ckeditor\/5b6b2d371fa1b.jpeg?ssl=1&w=1024&resize=1024&ssl=1 1024w, https:\/\/i1.wp.com\/www.vwco.com.br\/uploads\/ckeditor\/5b6b2d371fa1b.jpeg?ssl=1&w=1280&resize=1280&ssl=1 1280w, https:\/\/i1.wp.com\/www.vwco.com.br\/uploads\/ckeditor\/5b6b2d371fa1b.jpeg?ssl=1&w=1600&resize=1600&ssl=1 1600w\" alt fifu-data-src=\"https:\/\/i1.wp.com\/www.vwco.com.br\/uploads\/ckeditor\/5b6b2d371fa1b.jpeg?ssl=1\"><\/a><\/p>\n","protected":false},"excerpt":{"rendered":"<p>Op\u00e7\u00e3o est\u00e1 dispon\u00edvel nos modelos Express e 4.150 Os novos Delivery Express e 4.150 chegam&#8230;<\/p>\n","protected":false},"author":1,"featured_media":0,"comment_status":"open","ping_status":"open","sticky":false,"template":"","format":"standard","meta":{"fifu_image_url":"","fifu_image_alt":"","footnotes":""},"categories":[727],"tags":[],"class_list":["post-76124","post","type-post","status-publish","format-standard","hentry","category-noticias","wpcat-727-id"],"_links":{"self":[{"href":"https:\/\/verde-amarelo.net\/verdeamarelo\/wp-json\/wp\/v2\/posts\/76124","targetHints":{"allow":["GET"]}}],"collection":[{"href":"https:\/\/verde-amarelo.net\/verdeamarelo\/wp-json\/wp\/v2\/posts"}],"about":[{"href":"https:\/\/verde-amarelo.net\/verdeamarelo\/wp-json\/wp\/v2\/types\/post"}],"author":[{"embeddable":true,"href":"https:\/\/verde-amarelo.net\/verdeamarelo\/wp-json\/wp\/v2\/users\/1"}],"replies":[{"embeddable":true,"href":"https:\/\/verde-amarelo.net\/verdeamarelo\/wp-json\/wp\/v2\/comments?post=76124"}],"version-history":[{"count":0,"href":"https:\/\/verde-amarelo.net\/verdeamarelo\/wp-json\/wp\/v2\/posts\/76124\/revisions"}],"wp:attachment":[{"href":"https:\/\/verde-amarelo.net\/verdeamarelo\/wp-json\/wp\/v2\/media?parent=76124"}],"wp:term":[{"taxonomy":"category","embeddable":true,"href":"https:\/\/verde-amarelo.net\/verdeamarelo\/wp-json\/wp\/v2\/categories?post=76124"},{"taxonomy":"post_tag","embeddable":true,"href":"https:\/\/verde-amarelo.net\/verdeamarelo\/wp-json\/wp\/v2\/tags?post=76124"}],"curies":[{"name":"wp","href":"https:\/\/api.w.org\/{rel}","templated":true}]}}