{"id":76127,"date":"2018-07-31T14:07:52","date_gmt":"2018-07-31T17:07:52","guid":{"rendered":"https:\/\/verde-amarelo.net\/verdeamarelo\/2018\/07\/volkswagen-comemora-recorde-historico-de-exportacoes-de-onibus\/"},"modified":"2018-07-31T14:07:52","modified_gmt":"2018-07-31T17:07:52","slug":"volkswagen-comemora-recorde-historico-de-exportacoes-de-onibus","status":"publish","type":"post","link":"https:\/\/verde-amarelo.net\/verdeamarelo\/2018\/07\/volkswagen-comemora-recorde-historico-de-exportacoes-de-onibus\/","title":{"rendered":"Volkswagen comemora recorde hist\u00f3rico de exporta\u00e7\u00f5es de \u00f4nibus"},"content":{"rendered":"<p><em>Vendas da linha Volksbus registram alta de 70% no acumulado em rela\u00e7\u00e3o ao mesmo per\u00edodo do ano passado;<br \/>Volume de quase 2 mil \u00f4nibus garantiu recorde na participa\u00e7\u00e3o dentre as fabricantes brasileiras exportadoras, com fatia de 27,6<\/em>%<\/p>\n<p>A robustez dos \u00f4nibus Volkswagen ganha cada vez mais as ruas e estradas do mundo: no primeiro semestre deste ano os embarques da linha Volksbus representaram quase 2 mil chassis, o maior volume da hist\u00f3ria da empresa no per\u00edodo, com alta de 70% na compara\u00e7\u00e3o com o mesmo per\u00edodo de 2017, momento j\u00e1 favor\u00e1vel aos neg\u00f3cios de \u00f4nibus da marca.&nbsp; O resultado \u00e9 ainda mais positivo face aos embarques totais da <a href=\"https:\/\/www.magazinevoce.com.br\/magazineezu\/ferramentas\/l\/fs\/\">ind\u00fastria brasileira<\/a> de chassis, que acumula queda de 4,6% no per\u00edodo.<\/p>&nbsp;&nbsp;\n<p>\u201cEm 25 anos de sucesso, a marca Volksbus acumula mais de 150 mil chassis produzidos, e 30 mil deles j\u00e1 rodam por mais de 30 pa\u00edses. Nosso Centro Mundial de Desenvolvimento sediado em Resende (RJ) hoje nos permite oferecer 17 diferentes modelos, sempre com a melhor rela\u00e7\u00e3o custo-benef\u00edcio\u201d, afirma Roberto Cortes, presidente e CEO da Volkswagen Caminh\u00f5es e \u00d4nibus.<\/p>&nbsp;&nbsp;\n<p>Gra\u00e7as ao envio de 1.802 unidades no per\u00edodo, a montadora alcan\u00e7ou ainda seu recorde em participa\u00e7\u00e3o de mercado: 27,6% de todos os \u00f4nibus produzidos no Brasil e vendidos no exterior ostentam a logomarca Volkswagen na dianteira. Nas Am\u00e9ricas, o sucesso \u00e9 de ponta a ponta: ao Norte, o M\u00e9xico \u00e9 o principal mercado da empresa, com dois recentes neg\u00f3cios de peso com 750 unidades Volksbus e MAN a serem entregues nos pr\u00f3ximos meses.<\/p>&nbsp;&nbsp;\n<p>Na Am\u00e9rica do Sul, o Peru \u00e9 outro destaque: com mais de 400 embarques, o pa\u00eds tornou-se um dos principais mercados internacionais do Volksbus. A \u00c1frica tamb\u00e9m ampliou suas compras de \u00f4nibus VW este ano. Juntos, Angola, Mo\u00e7ambique, \u00c1frica do Sul e Nig\u00e9ria receberam mais de 600 Volksbus.<\/p>&nbsp;&nbsp;\n<p><strong>M\u00e9xico: chassis MAN e VW crescem com grandes neg\u00f3cios<\/strong><br \/>Ap\u00f3s o recente an\u00fancio de 600 chassis de \u00f4nibus MAN vendidos ao Grupo IAMSA no M\u00e9xico, o grupo ADO adquiriu 150 unidades dos Volksbus 15.190 FEB e 15.190 OD, mantendo-se como a maior frota de chassis Volkswagen no M\u00e9xico. No total, a empresa tem mais de 500 ve\u00edculos da marca operando em diferentes linhas de transporte urbano e interurbano de passageiros.<\/p>&nbsp;&nbsp;\n<p>Desse lote, 131 unidades ser\u00e3o do Volksbus 9.150 e os outros 19 chasiss, do 15.190. Uma vantagem para a opera\u00e7\u00e3o do cliente \u00e9 a motoriza\u00e7\u00e3o com o MAN D08, com sistema EGR que n\u00e3o requer adi\u00e7\u00e3o de Arla 32. Ambos os modelos estar\u00e3o equipados com carroceria Ayco.<\/p>&nbsp;&nbsp;\n<p>Para assegurar que as unidades operem com maior efici\u00eancia, a montadora oferece capacita\u00e7\u00e3o cont\u00ednua para certificar os t\u00e9cnicos da ADO. Al\u00e9m disso, a rede de concession\u00e1rias est\u00e1 preparada para fornecer todas as pe\u00e7as e garantias necess\u00e1rias.<\/p>&nbsp;&nbsp;\n<p>A compra reitera a confian\u00e7a que o Grupo ADO deposita na Volkswagen Caminh\u00f5es e \u00d4nibus. Com os ve\u00edculos, a frotista vai rodar nos estados do sul e do sudeste do M\u00e9xico com suas diferentes linhas: R\u00e1pidos, TRT, Sur, TRV, Oriente, entre outras.<\/p>&nbsp;&nbsp;\n<p>\u201cNo primeiro semestre deste ano, crescemos em 12% nossas exporta\u00e7\u00f5es de \u00f4nibus Volkswagen ao M\u00e9xico, e mantemos produ\u00e7\u00e3o local na cidade de Quer\u00e9taro. S\u00e3o provas da grande aceita\u00e7\u00e3o de nossos chassis no mercado, que j\u00e1 lideramos com Volksbus no segmento de \u00f4nibus leves e com MAN no nicho de \u00f4nibus double decker\u201d, comemora Roberto Cortes.<\/p>&nbsp;&nbsp;\n<p><strong>Am\u00e9rica do Sul consolida resultados<\/strong><br \/>Na Am\u00e9rica do Sul, o Peru celebra o posto de um dos maiores mercados para os Volksbus neste ano, com mais de 400 embarques, majoritariamente dos modelos 17.230 OD, que conquistaram os clientes do transporte urbano de passageiros de Lima, capital daquele pa\u00eds, gra\u00e7as \u00e0 robustez, alto desempenho e tecnologia de p\u00f3s-tratamento de emiss\u00f5es EGR, que dispensa o uso do Arla 32. O 17.210 tamb\u00e9m faz sucesso: equipado localmente com motor a g\u00e1s, promove ganhos ambientais.<\/p>&nbsp;&nbsp;\n<p>A fam\u00edlia Volksbus foi tamb\u00e9m a primeira a estrear a tecnologia Euro 5 no pa\u00eds. Gra\u00e7as \u00e0 boa recep\u00e7\u00e3o dos modelos, o volume das unidades somadas j\u00e1 \u00e9 o maior dos \u00faltimos cinco anos.<\/p>&nbsp;&nbsp;\n<p>Os \u00f4nibus Volkswagen tamb\u00e9m fazem sucesso nas ruas e estradas argentinas: gra\u00e7as ao sucesso dos Volksbus 17.230 OD V-Tronic Full Air, 15.190 OD V-Tronic e 18.280 OT Low Entry, a MAN Latin America alcan\u00e7ou recorde de 580 chassis exportados em 2017. Outro destaque naquele pa\u00eds \u00e9 a concession\u00e1ria Buswagen, primeira revenda do mundo com foco exclusivamente no neg\u00f3cio de \u00f4nibus da marca, localizada em Buenos Aires. A qualidade dos modelos Volksbus ainda \u00e9 atestada pelo Chile, com destaque para os micro-\u00f4nibus VW, destaque em Santiago e cidades pr\u00f3ximas.<\/p>&nbsp;&nbsp;\n<p><a href=\"https:\/\/www.vwco.com.br\/uploads\/ckeditor\/5b606d650dfd9.jpeg\"><img decoding=\"async\" src=\"data:image\/gif;base64,R0lGODlhAQABAIAAAAAAAP\/\/\/ywAAAAAAQABAAACAUwAOw==\" fifu-lazy=\"1\" fifu-data-sizes=\"auto\" fifu-data-srcset=\"https:\/\/i1.wp.com\/www.vwco.com.br\/uploads\/ckeditor\/5b606d650dfd9.jpeg?ssl=1&w=75&resize=75&ssl=1 75w, https:\/\/i1.wp.com\/www.vwco.com.br\/uploads\/ckeditor\/5b606d650dfd9.jpeg?ssl=1&w=100&resize=100&ssl=1 100w, https:\/\/i1.wp.com\/www.vwco.com.br\/uploads\/ckeditor\/5b606d650dfd9.jpeg?ssl=1&w=150&resize=150&ssl=1 150w, https:\/\/i1.wp.com\/www.vwco.com.br\/uploads\/ckeditor\/5b606d650dfd9.jpeg?ssl=1&w=240&resize=240&ssl=1 240w, https:\/\/i1.wp.com\/www.vwco.com.br\/uploads\/ckeditor\/5b606d650dfd9.jpeg?ssl=1&w=320&resize=320&ssl=1 320w, https:\/\/i1.wp.com\/www.vwco.com.br\/uploads\/ckeditor\/5b606d650dfd9.jpeg?ssl=1&w=500&resize=500&ssl=1 500w, https:\/\/i1.wp.com\/www.vwco.com.br\/uploads\/ckeditor\/5b606d650dfd9.jpeg?ssl=1&w=640&resize=640&ssl=1 640w, https:\/\/i1.wp.com\/www.vwco.com.br\/uploads\/ckeditor\/5b606d650dfd9.jpeg?ssl=1&w=800&resize=800&ssl=1 800w, https:\/\/i1.wp.com\/www.vwco.com.br\/uploads\/ckeditor\/5b606d650dfd9.jpeg?ssl=1&w=1024&resize=1024&ssl=1 1024w, https:\/\/i1.wp.com\/www.vwco.com.br\/uploads\/ckeditor\/5b606d650dfd9.jpeg?ssl=1&w=1280&resize=1280&ssl=1 1280w, https:\/\/i1.wp.com\/www.vwco.com.br\/uploads\/ckeditor\/5b606d650dfd9.jpeg?ssl=1&w=1600&resize=1600&ssl=1 1600w\" alt fifu-data-src=\"https:\/\/i1.wp.com\/www.vwco.com.br\/uploads\/ckeditor\/5b606d650dfd9.jpeg?ssl=1\"><\/a><\/p>\n<p><a href=\"https:\/\/www.vwco.com.br\/uploads\/ckeditor\/5b606d7eb374e.jpeg\"><img decoding=\"async\" src=\"data:image\/gif;base64,R0lGODlhAQABAIAAAAAAAP\/\/\/ywAAAAAAQABAAACAUwAOw==\" fifu-lazy=\"1\" fifu-data-sizes=\"auto\" fifu-data-srcset=\"https:\/\/i3.wp.com\/www.vwco.com.br\/uploads\/ckeditor\/5b606d7eb374e.jpeg?ssl=1&w=75&resize=75&ssl=1 75w, https:\/\/i3.wp.com\/www.vwco.com.br\/uploads\/ckeditor\/5b606d7eb374e.jpeg?ssl=1&w=100&resize=100&ssl=1 100w, https:\/\/i3.wp.com\/www.vwco.com.br\/uploads\/ckeditor\/5b606d7eb374e.jpeg?ssl=1&w=150&resize=150&ssl=1 150w, https:\/\/i3.wp.com\/www.vwco.com.br\/uploads\/ckeditor\/5b606d7eb374e.jpeg?ssl=1&w=240&resize=240&ssl=1 240w, https:\/\/i3.wp.com\/www.vwco.com.br\/uploads\/ckeditor\/5b606d7eb374e.jpeg?ssl=1&w=320&resize=320&ssl=1 320w, https:\/\/i3.wp.com\/www.vwco.com.br\/uploads\/ckeditor\/5b606d7eb374e.jpeg?ssl=1&w=500&resize=500&ssl=1 500w, https:\/\/i3.wp.com\/www.vwco.com.br\/uploads\/ckeditor\/5b606d7eb374e.jpeg?ssl=1&w=640&resize=640&ssl=1 640w, https:\/\/i3.wp.com\/www.vwco.com.br\/uploads\/ckeditor\/5b606d7eb374e.jpeg?ssl=1&w=800&resize=800&ssl=1 800w, https:\/\/i3.wp.com\/www.vwco.com.br\/uploads\/ckeditor\/5b606d7eb374e.jpeg?ssl=1&w=1024&resize=1024&ssl=1 1024w, https:\/\/i3.wp.com\/www.vwco.com.br\/uploads\/ckeditor\/5b606d7eb374e.jpeg?ssl=1&w=1280&resize=1280&ssl=1 1280w, https:\/\/i3.wp.com\/www.vwco.com.br\/uploads\/ckeditor\/5b606d7eb374e.jpeg?ssl=1&w=1600&resize=1600&ssl=1 1600w\" alt fifu-data-src=\"https:\/\/i3.wp.com\/www.vwco.com.br\/uploads\/ckeditor\/5b606d7eb374e.jpeg?ssl=1\"><\/a><\/p>\n<p><a href=\"https:\/\/www.vwco.com.br\/uploads\/ckeditor\/5b606dc92ab9f.jpeg\"><img decoding=\"async\" src=\"data:image\/gif;base64,R0lGODlhAQABAIAAAAAAAP\/\/\/ywAAAAAAQABAAACAUwAOw==\" fifu-lazy=\"1\" fifu-data-sizes=\"auto\" fifu-data-srcset=\"https:\/\/i3.wp.com\/www.vwco.com.br\/uploads\/ckeditor\/5b606dc92ab9f.jpeg?ssl=1&w=75&resize=75&ssl=1 75w, https:\/\/i3.wp.com\/www.vwco.com.br\/uploads\/ckeditor\/5b606dc92ab9f.jpeg?ssl=1&w=100&resize=100&ssl=1 100w, https:\/\/i3.wp.com\/www.vwco.com.br\/uploads\/ckeditor\/5b606dc92ab9f.jpeg?ssl=1&w=150&resize=150&ssl=1 150w, https:\/\/i3.wp.com\/www.vwco.com.br\/uploads\/ckeditor\/5b606dc92ab9f.jpeg?ssl=1&w=240&resize=240&ssl=1 240w, https:\/\/i3.wp.com\/www.vwco.com.br\/uploads\/ckeditor\/5b606dc92ab9f.jpeg?ssl=1&w=320&resize=320&ssl=1 320w, https:\/\/i3.wp.com\/www.vwco.com.br\/uploads\/ckeditor\/5b606dc92ab9f.jpeg?ssl=1&w=500&resize=500&ssl=1 500w, https:\/\/i3.wp.com\/www.vwco.com.br\/uploads\/ckeditor\/5b606dc92ab9f.jpeg?ssl=1&w=640&resize=640&ssl=1 640w, https:\/\/i3.wp.com\/www.vwco.com.br\/uploads\/ckeditor\/5b606dc92ab9f.jpeg?ssl=1&w=800&resize=800&ssl=1 800w, https:\/\/i3.wp.com\/www.vwco.com.br\/uploads\/ckeditor\/5b606dc92ab9f.jpeg?ssl=1&w=1024&resize=1024&ssl=1 1024w, https:\/\/i3.wp.com\/www.vwco.com.br\/uploads\/ckeditor\/5b606dc92ab9f.jpeg?ssl=1&w=1280&resize=1280&ssl=1 1280w, https:\/\/i3.wp.com\/www.vwco.com.br\/uploads\/ckeditor\/5b606dc92ab9f.jpeg?ssl=1&w=1600&resize=1600&ssl=1 1600w\" alt fifu-data-src=\"https:\/\/i3.wp.com\/www.vwco.com.br\/uploads\/ckeditor\/5b606dc92ab9f.jpeg?ssl=1\"><\/a><\/p>\n","protected":false},"excerpt":{"rendered":"<p>Vendas da linha Volksbus registram alta de 70% no acumulado em rela\u00e7\u00e3o ao mesmo per\u00edodo&#8230;<\/p>\n","protected":false},"author":1,"featured_media":0,"comment_status":"open","ping_status":"open","sticky":false,"template":"","format":"standard","meta":{"fifu_image_url":"","fifu_image_alt":"","footnotes":""},"categories":[727],"tags":[],"class_list":["post-76127","post","type-post","status-publish","format-standard","hentry","category-noticias","wpcat-727-id"],"_links":{"self":[{"href":"https:\/\/verde-amarelo.net\/verdeamarelo\/wp-json\/wp\/v2\/posts\/76127","targetHints":{"allow":["GET"]}}],"collection":[{"href":"https:\/\/verde-amarelo.net\/verdeamarelo\/wp-json\/wp\/v2\/posts"}],"about":[{"href":"https:\/\/verde-amarelo.net\/verdeamarelo\/wp-json\/wp\/v2\/types\/post"}],"author":[{"embeddable":true,"href":"https:\/\/verde-amarelo.net\/verdeamarelo\/wp-json\/wp\/v2\/users\/1"}],"replies":[{"embeddable":true,"href":"https:\/\/verde-amarelo.net\/verdeamarelo\/wp-json\/wp\/v2\/comments?post=76127"}],"version-history":[{"count":0,"href":"https:\/\/verde-amarelo.net\/verdeamarelo\/wp-json\/wp\/v2\/posts\/76127\/revisions"}],"wp:attachment":[{"href":"https:\/\/verde-amarelo.net\/verdeamarelo\/wp-json\/wp\/v2\/media?parent=76127"}],"wp:term":[{"taxonomy":"category","embeddable":true,"href":"https:\/\/verde-amarelo.net\/verdeamarelo\/wp-json\/wp\/v2\/categories?post=76127"},{"taxonomy":"post_tag","embeddable":true,"href":"https:\/\/verde-amarelo.net\/verdeamarelo\/wp-json\/wp\/v2\/tags?post=76127"}],"curies":[{"name":"wp","href":"https:\/\/api.w.org\/{rel}","templated":true}]}}