{"id":76129,"date":"2018-07-12T18:05:47","date_gmt":"2018-07-12T21:05:47","guid":{"rendered":"https:\/\/verde-amarelo.net\/verdeamarelo\/2018\/07\/pensou-em-onibus-pensou-em-volksbus-afirma-cliente-do-nordeste\/"},"modified":"2018-07-12T18:05:47","modified_gmt":"2018-07-12T21:05:47","slug":"pensou-em-onibus-pensou-em-volksbus-afirma-cliente-do-nordeste","status":"publish","type":"post","link":"https:\/\/verde-amarelo.net\/verdeamarelo\/2018\/07\/pensou-em-onibus-pensou-em-volksbus-afirma-cliente-do-nordeste\/","title":{"rendered":"\u201cPensou em \u00f4nibus, pensou em Volksbus\u201d, afirma cliente do Nordeste"},"content":{"rendered":"<p><em>\u00d4nibus Volkswagen representam a totalidade da frota de transporte urbano da empresa, que acaba de adquirir mais dez novos Volksbus 17.230 OD<\/em><\/p>\n<p>Pensou em \u00f4nibus, pensou em Volksbus. Este \u00e9 o lema do empres\u00e1rio Adolfo Jos\u00e9 da Silva, propriet\u00e1rio da Coletivo, empresa de transporte de passageiros sediada em Caruaru, munic\u00edpio de Pernambuco, no Nordeste do Brasil. Com ve\u00edculos destinados ao transporte urbano e tamb\u00e9m alguns para rodovi\u00e1rio e fretamento, a empresa soma 160 \u00f4nibus, todos da marca Volkswagen.<\/p>&nbsp;&nbsp;\n<p>Para o empres\u00e1rio, \u00e9 f\u00e1cil justificar a prefer\u00eancia que dura mais de dez anos. &#8220;Os Volksbus rodam em trechos de dif\u00edcil acesso, com aplica\u00e7\u00e3o severa na m\u00e9dia de 5 mil quil\u00f4metros por m\u00eas. Tem asfalto e tamb\u00e9m estradas de terra,&nbsp; al\u00e9m de muita poeira. E mesmo assim, apresentam \u00f3timo desempenho&#8221;, destaca.<\/p>&nbsp;&nbsp;\n<p>N\u00e3o foi \u00e0 toa que Adolfo decidiu expandir sua frota com a aquisi\u00e7\u00e3o de mais dez novos modelos Volksbus 17.230 OD. &#8220;\u00c9 um modelo bastante robusto, que cumpre o que promete. E a decis\u00e3o de investir vem, h\u00e1 v\u00e1rios anos, junto da parceria com a concession\u00e1ria Mandacaru Motor, que nos atende com excel\u00eancia&#8221;, comenta.<\/p>&nbsp;&nbsp;\n<p>&#8220;O Brasil \u00e9 um pa\u00eds continental, que experimenta as mais variadas situa\u00e7\u00f5es de rodagem. Sem d\u00favida \u00e9 gratificante verificar o excelente desempenho dos nossos produtos, unindo a robustez dos ve\u00edculos ao atendimento com excel\u00eancia no p\u00f3s-vendas&#8221;, afirma Jorge Carrer, gerente executivo de Vendas de \u00d4nibus da MAN Latin America.<\/p>&nbsp;&nbsp;\n<p>O Volksbus 17.230 \u00e9 indicado para opera\u00e7\u00f5es de transporte urbano e fretamento, adapta-se a carrocerias de at\u00e9 13,2 metros, unindo robustez e versatilidade. Com polia adicional de s\u00e9rie, facilita a instala\u00e7\u00e3o do ar-condicionado.<\/p>&nbsp;&nbsp;\n<p>O 17.230 OD ainda traz embreagem de 395 mm de di\u00e2metro e caixa de transmiss\u00e3o ZF 6S 1010 BO de seis velocidades com servo-assist\u00eancia e troca de marchas acionada por cabos, o que garante maior conforto e durabilidade de todo o conjunto. Equipado com suspens\u00e3o pneum\u00e1tica na dianteira e na traseira, o novo 17.230 ODS chega proporcionando maior conforto aos passageiros com menor custo operacional.<\/p>&nbsp;&nbsp;\n<p><strong>H\u00e1 30 anos transportando a vida do cidad\u00e3o<\/strong><br \/>A empresa de \u00f4nibus Coletivo comemora 30 anos no mercado pernambucano, atuando no segmento de transporte p\u00fablico com linhas urbanas e intermunicipais, al\u00e9m do fretamento e turismo com a loca\u00e7\u00e3o de ve\u00edculos para viagens regionais, locais tur\u00edsticos, excurs\u00f5es empresariais, passeios escolares, retiros religiosos, entre outros.<\/p>&nbsp;&nbsp;\n<p>Iniciou suas atividades no bairro Caiuc\u00e1 da capital do agreste de Pernambuco e h\u00e1 dois anos est\u00e1 localizada em uma nova sede pr\u00f3pria com 20 mil metros quadrados, na Estrada do Alto do Moura &#8211; distrito industrial de Caruaru. Hoje a Coletivo emprega mais de 500 colaboradores e conta com uma frota de 160 ve\u00edculos, todos rastreados via sat\u00e9lite em tempo real, al\u00e9m de serem regulamentados e assegurados conforme as exig\u00eancias dos \u00f3rg\u00e3os competentes.<\/p>&nbsp;&nbsp;\n<p><a href=\"https:\/\/www.vwco.com.br\/uploads\/ckeditor\/5b4798b3df4df.jpeg\"><img decoding=\"async\" src=\"data:image\/gif;base64,R0lGODlhAQABAIAAAAAAAP\/\/\/ywAAAAAAQABAAACAUwAOw==\" fifu-lazy=\"1\" fifu-data-sizes=\"auto\" fifu-data-srcset=\"https:\/\/i1.wp.com\/www.vwco.com.br\/uploads\/ckeditor\/5b4798b3df4df.jpeg?ssl=1&w=75&resize=75&ssl=1 75w, https:\/\/i1.wp.com\/www.vwco.com.br\/uploads\/ckeditor\/5b4798b3df4df.jpeg?ssl=1&w=100&resize=100&ssl=1 100w, https:\/\/i1.wp.com\/www.vwco.com.br\/uploads\/ckeditor\/5b4798b3df4df.jpeg?ssl=1&w=150&resize=150&ssl=1 150w, https:\/\/i1.wp.com\/www.vwco.com.br\/uploads\/ckeditor\/5b4798b3df4df.jpeg?ssl=1&w=240&resize=240&ssl=1 240w, https:\/\/i1.wp.com\/www.vwco.com.br\/uploads\/ckeditor\/5b4798b3df4df.jpeg?ssl=1&w=320&resize=320&ssl=1 320w, https:\/\/i1.wp.com\/www.vwco.com.br\/uploads\/ckeditor\/5b4798b3df4df.jpeg?ssl=1&w=500&resize=500&ssl=1 500w, https:\/\/i1.wp.com\/www.vwco.com.br\/uploads\/ckeditor\/5b4798b3df4df.jpeg?ssl=1&w=640&resize=640&ssl=1 640w, https:\/\/i1.wp.com\/www.vwco.com.br\/uploads\/ckeditor\/5b4798b3df4df.jpeg?ssl=1&w=800&resize=800&ssl=1 800w, https:\/\/i1.wp.com\/www.vwco.com.br\/uploads\/ckeditor\/5b4798b3df4df.jpeg?ssl=1&w=1024&resize=1024&ssl=1 1024w, https:\/\/i1.wp.com\/www.vwco.com.br\/uploads\/ckeditor\/5b4798b3df4df.jpeg?ssl=1&w=1280&resize=1280&ssl=1 1280w, https:\/\/i1.wp.com\/www.vwco.com.br\/uploads\/ckeditor\/5b4798b3df4df.jpeg?ssl=1&w=1600&resize=1600&ssl=1 1600w\" alt fifu-data-src=\"https:\/\/i1.wp.com\/www.vwco.com.br\/uploads\/ckeditor\/5b4798b3df4df.jpeg?ssl=1\"><\/a><\/p>\n<p><a href=\"https:\/\/www.vwco.com.br\/uploads\/ckeditor\/5b4798c85e77d.jpeg\"><img decoding=\"async\" src=\"data:image\/gif;base64,R0lGODlhAQABAIAAAAAAAP\/\/\/ywAAAAAAQABAAACAUwAOw==\" fifu-lazy=\"1\" fifu-data-sizes=\"auto\" fifu-data-srcset=\"https:\/\/i3.wp.com\/www.vwco.com.br\/uploads\/ckeditor\/5b4798c85e77d.jpeg?ssl=1&w=75&resize=75&ssl=1 75w, https:\/\/i3.wp.com\/www.vwco.com.br\/uploads\/ckeditor\/5b4798c85e77d.jpeg?ssl=1&w=100&resize=100&ssl=1 100w, https:\/\/i3.wp.com\/www.vwco.com.br\/uploads\/ckeditor\/5b4798c85e77d.jpeg?ssl=1&w=150&resize=150&ssl=1 150w, https:\/\/i3.wp.com\/www.vwco.com.br\/uploads\/ckeditor\/5b4798c85e77d.jpeg?ssl=1&w=240&resize=240&ssl=1 240w, https:\/\/i3.wp.com\/www.vwco.com.br\/uploads\/ckeditor\/5b4798c85e77d.jpeg?ssl=1&w=320&resize=320&ssl=1 320w, https:\/\/i3.wp.com\/www.vwco.com.br\/uploads\/ckeditor\/5b4798c85e77d.jpeg?ssl=1&w=500&resize=500&ssl=1 500w, https:\/\/i3.wp.com\/www.vwco.com.br\/uploads\/ckeditor\/5b4798c85e77d.jpeg?ssl=1&w=640&resize=640&ssl=1 640w, https:\/\/i3.wp.com\/www.vwco.com.br\/uploads\/ckeditor\/5b4798c85e77d.jpeg?ssl=1&w=800&resize=800&ssl=1 800w, https:\/\/i3.wp.com\/www.vwco.com.br\/uploads\/ckeditor\/5b4798c85e77d.jpeg?ssl=1&w=1024&resize=1024&ssl=1 1024w, https:\/\/i3.wp.com\/www.vwco.com.br\/uploads\/ckeditor\/5b4798c85e77d.jpeg?ssl=1&w=1280&resize=1280&ssl=1 1280w, https:\/\/i3.wp.com\/www.vwco.com.br\/uploads\/ckeditor\/5b4798c85e77d.jpeg?ssl=1&w=1600&resize=1600&ssl=1 1600w\" alt fifu-data-src=\"https:\/\/i3.wp.com\/www.vwco.com.br\/uploads\/ckeditor\/5b4798c85e77d.jpeg?ssl=1\"><\/a><\/p>\n<p>&nbsp;<\/p>\n","protected":false},"excerpt":{"rendered":"<p>\u00d4nibus Volkswagen representam a totalidade da frota de transporte urbano da empresa, que acaba de&#8230;<\/p>\n","protected":false},"author":1,"featured_media":0,"comment_status":"open","ping_status":"open","sticky":false,"template":"","format":"standard","meta":{"fifu_image_url":"","fifu_image_alt":"","footnotes":""},"categories":[727],"tags":[],"class_list":["post-76129","post","type-post","status-publish","format-standard","hentry","category-noticias","wpcat-727-id"],"_links":{"self":[{"href":"https:\/\/verde-amarelo.net\/verdeamarelo\/wp-json\/wp\/v2\/posts\/76129","targetHints":{"allow":["GET"]}}],"collection":[{"href":"https:\/\/verde-amarelo.net\/verdeamarelo\/wp-json\/wp\/v2\/posts"}],"about":[{"href":"https:\/\/verde-amarelo.net\/verdeamarelo\/wp-json\/wp\/v2\/types\/post"}],"author":[{"embeddable":true,"href":"https:\/\/verde-amarelo.net\/verdeamarelo\/wp-json\/wp\/v2\/users\/1"}],"replies":[{"embeddable":true,"href":"https:\/\/verde-amarelo.net\/verdeamarelo\/wp-json\/wp\/v2\/comments?post=76129"}],"version-history":[{"count":0,"href":"https:\/\/verde-amarelo.net\/verdeamarelo\/wp-json\/wp\/v2\/posts\/76129\/revisions"}],"wp:attachment":[{"href":"https:\/\/verde-amarelo.net\/verdeamarelo\/wp-json\/wp\/v2\/media?parent=76129"}],"wp:term":[{"taxonomy":"category","embeddable":true,"href":"https:\/\/verde-amarelo.net\/verdeamarelo\/wp-json\/wp\/v2\/categories?post=76129"},{"taxonomy":"post_tag","embeddable":true,"href":"https:\/\/verde-amarelo.net\/verdeamarelo\/wp-json\/wp\/v2\/tags?post=76129"}],"curies":[{"name":"wp","href":"https:\/\/api.w.org\/{rel}","templated":true}]}}