{"id":76133,"date":"2018-06-28T18:21:08","date_gmt":"2018-06-28T21:21:08","guid":{"rendered":"https:\/\/verde-amarelo.net\/verdeamarelo\/2018\/06\/premio-rei-roberto-cortes-e-profissional-de-montadora-do-ano\/"},"modified":"2018-06-28T18:21:08","modified_gmt":"2018-06-28T21:21:08","slug":"premio-rei-roberto-cortes-e-profissional-de-montadora-do-ano","status":"publish","type":"post","link":"https:\/\/verde-amarelo.net\/verdeamarelo\/2018\/06\/premio-rei-roberto-cortes-e-profissional-de-montadora-do-ano\/","title":{"rendered":"Pr\u00eamio REI: Roberto Cortes \u00e9 Profissional de Montadora do ano."},"content":{"rendered":"<div class=\"padding\" readability=\"44\">\n<p>A Volkswagen Caminh\u00f5es e \u00d4nibus ganhou nas tr\u00eas categorias em que concorreu entre as finalistas da premia\u00e7\u00e3o promovida pela revista Automotive Business: Roberto Cortes foi eleito como Profissional de Montadora do ano pelos eleitores do Pr\u00eamio REI e a montadora ganhou tamb\u00e9m os t\u00edtulos de Ve\u00edculo Comercial Leve e o de Pesados pelos lan\u00e7amentos Volkswagen Delivery Express e Constellation 32.360 V- Tronic, respectivamente.<\/p>&nbsp;&nbsp;\n<p>A confian\u00e7a inabal\u00e1vel de Roberto Cortes no mercado brasileiro como presidente e CEO da Volkswagen Caminh\u00f5es e \u00d4nibus lhe rendeu o reconhecimento. Enquanto muitos questionavam a sustentabilidade dos neg\u00f3cios no pa\u00eds, o executivo defendia mais investimentos junto \u00e0 matriz na Alemanha, e preparava o maior lan\u00e7amento da montadora na \u00faltima d\u00e9cada: a nova fam\u00edlia Delivery. Surpreendeu tamb\u00e9m com o primeiro caminh\u00e3o el\u00e9trico 100% desenvolvido no pa\u00eds.<\/p>&nbsp;&nbsp;\n<p>\u201cO ano de 2017 realmente foi especial para nossa marca. Consolidamos estrat\u00e9gias e inauguramos a era el\u00e9trica da Volkswagen Caminh\u00f5es e \u00d4nibus, dando in\u00edcio tamb\u00e9m a nosso mais recente ciclo de investimentos: no valor de R$ 1,5 bilh\u00e3o, o maior de nossa hist\u00f3ria. \u00c9 uma honra ter esse esfor\u00e7o reconhecido pelo p\u00fablico brasileiro e eleitores dessa importante premia\u00e7\u00e3o nacional\u201d, argumenta Cortes.<\/p>&nbsp;&nbsp;\n<p>Ao Delivery Express, a premia\u00e7\u00e3o conferiu o t\u00edtulo de Ve\u00edculo Comercial Leve, por representar o ingresso da marca Volkswagen Caminh\u00f5es em um novo nicho do mercado, o disputado segmento de leves. Sob medida para entregas urbanas, o modelo combina a agilidade dos autom\u00f3veis em manobras r\u00e1pidas \u00e0 robustez dos caminh\u00f5es.<\/p>&nbsp;&nbsp;\n<p>Por sua vez, o Constellation 32.360 V-Tronic foi premiado como Ve\u00edculo Comercial Pesado. O mais novo e robusto membro da fam\u00edlia de caminh\u00f5es r\u00edgidos tra\u00e7ados da empresa \u00e9 indicado para opera\u00e7\u00f5es pesadas e severas dentro dos segmentos de minera\u00e7\u00e3o, constru\u00e7\u00e3o civil e do agroneg\u00f3cio. O modelo traz diversas inova\u00e7\u00f5es para ter maior durabilidade, disponibilidade e melhor custo operacional.<\/p>&nbsp;&nbsp;\n<p><a href=\"https:\/\/www.vwco.com.br\/uploads\/ckeditor\/5b35282ef2d4e.jpeg\"><img decoding=\"async\" src=\"data:image\/gif;base64,R0lGODlhAQABAIAAAAAAAP\/\/\/ywAAAAAAQABAAACAUwAOw==\" fifu-lazy=\"1\" fifu-data-sizes=\"auto\" fifu-data-srcset=\"https:\/\/i3.wp.com\/www.vwco.com.br\/uploads\/ckeditor\/5b35282ef2d4e.jpeg?ssl=1&w=75&resize=75&ssl=1 75w, https:\/\/i3.wp.com\/www.vwco.com.br\/uploads\/ckeditor\/5b35282ef2d4e.jpeg?ssl=1&w=100&resize=100&ssl=1 100w, https:\/\/i3.wp.com\/www.vwco.com.br\/uploads\/ckeditor\/5b35282ef2d4e.jpeg?ssl=1&w=150&resize=150&ssl=1 150w, https:\/\/i3.wp.com\/www.vwco.com.br\/uploads\/ckeditor\/5b35282ef2d4e.jpeg?ssl=1&w=240&resize=240&ssl=1 240w, https:\/\/i3.wp.com\/www.vwco.com.br\/uploads\/ckeditor\/5b35282ef2d4e.jpeg?ssl=1&w=320&resize=320&ssl=1 320w, https:\/\/i3.wp.com\/www.vwco.com.br\/uploads\/ckeditor\/5b35282ef2d4e.jpeg?ssl=1&w=500&resize=500&ssl=1 500w, https:\/\/i3.wp.com\/www.vwco.com.br\/uploads\/ckeditor\/5b35282ef2d4e.jpeg?ssl=1&w=640&resize=640&ssl=1 640w, https:\/\/i3.wp.com\/www.vwco.com.br\/uploads\/ckeditor\/5b35282ef2d4e.jpeg?ssl=1&w=800&resize=800&ssl=1 800w, https:\/\/i3.wp.com\/www.vwco.com.br\/uploads\/ckeditor\/5b35282ef2d4e.jpeg?ssl=1&w=1024&resize=1024&ssl=1 1024w, https:\/\/i3.wp.com\/www.vwco.com.br\/uploads\/ckeditor\/5b35282ef2d4e.jpeg?ssl=1&w=1280&resize=1280&ssl=1 1280w, https:\/\/i3.wp.com\/www.vwco.com.br\/uploads\/ckeditor\/5b35282ef2d4e.jpeg?ssl=1&w=1600&resize=1600&ssl=1 1600w\" alt fifu-data-src=\"https:\/\/i3.wp.com\/www.vwco.com.br\/uploads\/ckeditor\/5b35282ef2d4e.jpeg?ssl=1\"><\/a>&nbsp;<a href=\"https:\/\/www.vwco.com.br\/uploads\/ckeditor\/5b352842ca4ec.jpeg\"><img decoding=\"async\" src=\"data:image\/gif;base64,R0lGODlhAQABAIAAAAAAAP\/\/\/ywAAAAAAQABAAACAUwAOw==\" fifu-lazy=\"1\" fifu-data-sizes=\"auto\" fifu-data-srcset=\"https:\/\/i3.wp.com\/www.vwco.com.br\/uploads\/ckeditor\/5b352842ca4ec.jpeg?ssl=1&w=75&resize=75&ssl=1 75w, https:\/\/i3.wp.com\/www.vwco.com.br\/uploads\/ckeditor\/5b352842ca4ec.jpeg?ssl=1&w=100&resize=100&ssl=1 100w, https:\/\/i3.wp.com\/www.vwco.com.br\/uploads\/ckeditor\/5b352842ca4ec.jpeg?ssl=1&w=150&resize=150&ssl=1 150w, https:\/\/i3.wp.com\/www.vwco.com.br\/uploads\/ckeditor\/5b352842ca4ec.jpeg?ssl=1&w=240&resize=240&ssl=1 240w, https:\/\/i3.wp.com\/www.vwco.com.br\/uploads\/ckeditor\/5b352842ca4ec.jpeg?ssl=1&w=320&resize=320&ssl=1 320w, https:\/\/i3.wp.com\/www.vwco.com.br\/uploads\/ckeditor\/5b352842ca4ec.jpeg?ssl=1&w=500&resize=500&ssl=1 500w, https:\/\/i3.wp.com\/www.vwco.com.br\/uploads\/ckeditor\/5b352842ca4ec.jpeg?ssl=1&w=640&resize=640&ssl=1 640w, https:\/\/i3.wp.com\/www.vwco.com.br\/uploads\/ckeditor\/5b352842ca4ec.jpeg?ssl=1&w=800&resize=800&ssl=1 800w, https:\/\/i3.wp.com\/www.vwco.com.br\/uploads\/ckeditor\/5b352842ca4ec.jpeg?ssl=1&w=1024&resize=1024&ssl=1 1024w, https:\/\/i3.wp.com\/www.vwco.com.br\/uploads\/ckeditor\/5b352842ca4ec.jpeg?ssl=1&w=1280&resize=1280&ssl=1 1280w, https:\/\/i3.wp.com\/www.vwco.com.br\/uploads\/ckeditor\/5b352842ca4ec.jpeg?ssl=1&w=1600&resize=1600&ssl=1 1600w\" alt fifu-data-src=\"https:\/\/i3.wp.com\/www.vwco.com.br\/uploads\/ckeditor\/5b352842ca4ec.jpeg?ssl=1\"><\/a><\/p>\n<\/div>\n","protected":false},"excerpt":{"rendered":"<p>A Volkswagen Caminh\u00f5es e \u00d4nibus ganhou nas tr\u00eas categorias em que concorreu entre as finalistas&#8230;<\/p>\n","protected":false},"author":1,"featured_media":0,"comment_status":"open","ping_status":"open","sticky":false,"template":"","format":"standard","meta":{"fifu_image_url":"","fifu_image_alt":"","footnotes":""},"categories":[727],"tags":[],"class_list":["post-76133","post","type-post","status-publish","format-standard","hentry","category-noticias","wpcat-727-id"],"_links":{"self":[{"href":"https:\/\/verde-amarelo.net\/verdeamarelo\/wp-json\/wp\/v2\/posts\/76133","targetHints":{"allow":["GET"]}}],"collection":[{"href":"https:\/\/verde-amarelo.net\/verdeamarelo\/wp-json\/wp\/v2\/posts"}],"about":[{"href":"https:\/\/verde-amarelo.net\/verdeamarelo\/wp-json\/wp\/v2\/types\/post"}],"author":[{"embeddable":true,"href":"https:\/\/verde-amarelo.net\/verdeamarelo\/wp-json\/wp\/v2\/users\/1"}],"replies":[{"embeddable":true,"href":"https:\/\/verde-amarelo.net\/verdeamarelo\/wp-json\/wp\/v2\/comments?post=76133"}],"version-history":[{"count":0,"href":"https:\/\/verde-amarelo.net\/verdeamarelo\/wp-json\/wp\/v2\/posts\/76133\/revisions"}],"wp:attachment":[{"href":"https:\/\/verde-amarelo.net\/verdeamarelo\/wp-json\/wp\/v2\/media?parent=76133"}],"wp:term":[{"taxonomy":"category","embeddable":true,"href":"https:\/\/verde-amarelo.net\/verdeamarelo\/wp-json\/wp\/v2\/categories?post=76133"},{"taxonomy":"post_tag","embeddable":true,"href":"https:\/\/verde-amarelo.net\/verdeamarelo\/wp-json\/wp\/v2\/tags?post=76133"}],"curies":[{"name":"wp","href":"https:\/\/api.w.org\/{rel}","templated":true}]}}