{"id":76135,"date":"2018-06-20T13:29:37","date_gmt":"2018-06-20T16:29:37","guid":{"rendered":"https:\/\/verde-amarelo.net\/verdeamarelo\/2018\/06\/um-novo-campeao-para-uma-nova-era-a-volkswagen-truck-bus-esta-prestes-a-se-tornar-o-grupo-traton\/"},"modified":"2018-06-20T13:29:37","modified_gmt":"2018-06-20T16:29:37","slug":"um-novo-campeao-para-uma-nova-era-a-volkswagen-truck-bus-esta-prestes-a-se-tornar-o-grupo-traton","status":"publish","type":"post","link":"https:\/\/verde-amarelo.net\/verdeamarelo\/2018\/06\/um-novo-campeao-para-uma-nova-era-a-volkswagen-truck-bus-esta-prestes-a-se-tornar-o-grupo-traton\/","title":{"rendered":"Um novo campe\u00e3o para uma nova era: a Volkswagen Truck &amp; Bus est\u00e1 prestes a se tornar o GRUPO TRATON"},"content":{"rendered":"<p>\u2022&nbsp;Grande marco em dire\u00e7\u00e3o \u00e0 transforma\u00e7\u00e3o da estrutura societ\u00e1ria<br \/>\u2022&nbsp;A TRATON reflete o DNA de uma empresa nascida em uma nova era dos transportes<br \/>\u2022&nbsp;As fortes marcas MAN, Scania, Volkswagen Caminh\u00f5es e \u00d4nibus e RIO manter\u00e3o suas identidades como marca sob o abrigo do GRUPO TRATON<br \/>\u2022&nbsp;Andreas Renschler: \u201cA TRATON nos oferece mais independ\u00eancia. Ela vai fortalecer ainda mais a identidade conjunta do nosso Grupo \u2013 bem como os aspectos que nos tornam \u00fanicos. Um novo nome tamb\u00e9m promover\u00e1 nossa visibilidade como Grupo l\u00edder em solu\u00e7\u00f5es inovadoras em transportes. Isso vai nos deixar mais atraentes para novos talentos e para mercados de capitais\u201d.<\/p>&nbsp;&nbsp;\n<p><strong>Munique, Alemanha, 20 de junho de 2018<\/strong> \u2013 Hoje, a Volkswagen Truck &amp; Bus revelou \u00e0 sua diretoria que a organiza\u00e7\u00e3o receber\u00e1 um novo nome: GRUPO TRATON. Essa nova marca \u00e9 mais um pilar na trajet\u00f3ria do Grupo para aumentar ainda mais a sua independ\u00eancia e continuar em dire\u00e7\u00e3o \u00e0 transforma\u00e7\u00e3o da estrutura societ\u00e1ria.<br \/>Andreas Renschler, CEO do Grupo Volkswagen Truck &amp; Bus e membro do Board da Volkswagen AG, disse: \u201cO novo nome, TRATON, \u00e9 um grande marco em nosso caminho para nos tornarmos Campe\u00f5es Globais da ind\u00fastria de transportes. Desde a nossa funda\u00e7\u00e3o, n\u00f3s crescemos juntos mais rapidamente do que esper\u00e1vamos. A TRATON nos oferece mais independ\u00eancia. Ela vai fortalecer ainda mais a identidade conjunta do nosso Grupo \u2013 bem como os aspectos que nos tornam \u00fanicos. Um novo nome tamb\u00e9m promover\u00e1 nossa visibilidade como o Grupo l\u00edder em solu\u00e7\u00f5es inovadoras em transportes. Isso vai nos deixar mais atraentes para novos talentos e para mercados de capitais\u201d.<\/p>&nbsp;&nbsp;\n<p>A TRATON reflete o DNA do Grupo: o que a empresa est\u00e1 buscando e como ela age. O nome pertence a uma empresa jovem, criada e nascida em uma nova era de transportes:<br \/>\u2022<em>&nbsp;A <strong>TRA<\/strong>nsforma\u00e7\u00e3o do transporte no ecossistema \u00e9 a nossa miss\u00e3o \u2013 para o benef\u00edcio de todos.<br \/>\u2022&nbsp;O <strong>TRA<\/strong>nsporte \u00e9 a nossa paix\u00e3o \u2013 e a dos nossos clientes, tamb\u00e9m.<br \/>\u2022&nbsp;<strong>TON<\/strong>elagem \u00e9 o que os nossos clientes transportam ao redor do mundo, todos os dias.<br \/>\u2022&nbsp;A <strong>TRA<\/strong>di\u00e7\u00e3o das nossas fortes marcas \u00e9 o que nos une.<br \/>\u2022&nbsp;Estar sempre \u201cON\u201d \u00e9 a principal meta dos nossos clientes, e \u00e9 a forma como n\u00f3s agimos para fazer com que tudo seja poss\u00edvel para eles.<\/em><\/p>\n<p>A TRATON compartilha dos nossos valores: determina\u00e7\u00e3o, integridade, respeito, foco no cliente e esp\u00edrito de equipe. As fortes e tradicionais marcas MAN, Scania, Volkswagen Caminh\u00f5es e \u00d4nibus e RIO manter\u00e3o suas pr\u00f3prias identidades sob o abrigo do GRUPO TRATON. A altera\u00e7\u00e3o oficial no nome deve entrar em vigor no terceiro trimestre de 2018.<\/p>&nbsp;&nbsp;\n<p>O setor de transportes est\u00e1 passando por grandes mudan\u00e7as devido aos volumes cada vez maiores de transportes, normas de emiss\u00f5es mais rigorosas e demanda crescente dos clientes por solu\u00e7\u00f5es eficientes, sustent\u00e1veis e competitivas. A TRATON combina a agilidade e o esp\u00edrito de uma startup com a vasta experi\u00eancia das marcas tradicionais. Com essa configura\u00e7\u00e3o \u00fanica, o Grupo est\u00e1 perfeitamente posicionado para reinventar o transporte para as gera\u00e7\u00f5es futuras.<\/p>&nbsp;&nbsp;\n<p>Hans-Dieter P\u00f6tsch, presidente dos Conselhos Administrativos da Volkswagen AG e da Volkswagen Truck &amp; Bus: \u201cO Conselho Administrativo apoia integralmente os ambiciosos planos da Volkswagen Truck &amp; Bus e do movimento do Grupo de buscar uma identidade inigual\u00e1vel. Isto vai fortalecer nosso neg\u00f3cio de caminh\u00f5es em dire\u00e7\u00e3o \u00e0 transforma\u00e7\u00e3o da estrutura societ\u00e1ria\u201d.<br \/>Link para o v\u00eddeo e logo: <a href=\"http:\/\/www.vwtb.com\/en\/newsroom\/news\/newsname\">https:\/\/vwtb.com\/en\/newsroom\/news\/newname<\/a><\/p>\n<p>A Volkswagen Truck &amp; Bus \u00e9 uma subsidi\u00e1ria integral da Volkswagen AG e uma fabricante l\u00edder mundial de ve\u00edculos comerciais com suas marcas MAN, Scania, Volkswagen Caminh\u00f5es e \u00d4nibus e RIO. Em 2017, as marcas pertencentes \u00e0 Volkswagen Truck &amp; Bus venderam 205.000 ve\u00edculos no total. Sua oferta inclui ve\u00edculos comerciais leves, caminh\u00f5es e \u00f4nibus, que s\u00e3o produzidos em 31 f\u00e1bricas distribu\u00eddas entre 17 pa\u00edses. Em 31 de dezembro de 2017, a empresa contava com 81.000 colaboradores em todo o mundo considerando todas as suas marcas de ve\u00edculos comerciais. O Grupo busca se realinhar ao sistema de transportes atrav\u00e9s de seus produtos, servi\u00e7os e da parceria com os seus clientes.<\/p>&nbsp;&nbsp;\n<p><a href=\"https:\/\/www.vwco.com.br\/uploads\/ckeditor\/5b2a5d37856da.jpeg\"><img decoding=\"async\" src=\"data:image\/gif;base64,R0lGODlhAQABAIAAAAAAAP\/\/\/ywAAAAAAQABAAACAUwAOw==\" fifu-lazy=\"1\" fifu-data-sizes=\"auto\" fifu-data-srcset=\"https:\/\/i3.wp.com\/www.vwco.com.br\/uploads\/ckeditor\/5b2a5d37856da.jpeg?ssl=1&w=75&resize=75&ssl=1 75w, https:\/\/i3.wp.com\/www.vwco.com.br\/uploads\/ckeditor\/5b2a5d37856da.jpeg?ssl=1&w=100&resize=100&ssl=1 100w, https:\/\/i3.wp.com\/www.vwco.com.br\/uploads\/ckeditor\/5b2a5d37856da.jpeg?ssl=1&w=150&resize=150&ssl=1 150w, https:\/\/i3.wp.com\/www.vwco.com.br\/uploads\/ckeditor\/5b2a5d37856da.jpeg?ssl=1&w=240&resize=240&ssl=1 240w, https:\/\/i3.wp.com\/www.vwco.com.br\/uploads\/ckeditor\/5b2a5d37856da.jpeg?ssl=1&w=320&resize=320&ssl=1 320w, https:\/\/i3.wp.com\/www.vwco.com.br\/uploads\/ckeditor\/5b2a5d37856da.jpeg?ssl=1&w=500&resize=500&ssl=1 500w, https:\/\/i3.wp.com\/www.vwco.com.br\/uploads\/ckeditor\/5b2a5d37856da.jpeg?ssl=1&w=640&resize=640&ssl=1 640w, https:\/\/i3.wp.com\/www.vwco.com.br\/uploads\/ckeditor\/5b2a5d37856da.jpeg?ssl=1&w=800&resize=800&ssl=1 800w, https:\/\/i3.wp.com\/www.vwco.com.br\/uploads\/ckeditor\/5b2a5d37856da.jpeg?ssl=1&w=1024&resize=1024&ssl=1 1024w, https:\/\/i3.wp.com\/www.vwco.com.br\/uploads\/ckeditor\/5b2a5d37856da.jpeg?ssl=1&w=1280&resize=1280&ssl=1 1280w, https:\/\/i3.wp.com\/www.vwco.com.br\/uploads\/ckeditor\/5b2a5d37856da.jpeg?ssl=1&w=1600&resize=1600&ssl=1 1600w\" alt fifu-data-src=\"https:\/\/i3.wp.com\/www.vwco.com.br\/uploads\/ckeditor\/5b2a5d37856da.jpeg?ssl=1\"><\/a><\/p>\n<p><a href=\"https:\/\/www.vwco.com.br\/uploads\/ckeditor\/5b2a5d618dfd0.jpeg\"><img decoding=\"async\" src=\"data:image\/gif;base64,R0lGODlhAQABAIAAAAAAAP\/\/\/ywAAAAAAQABAAACAUwAOw==\" fifu-lazy=\"1\" fifu-data-sizes=\"auto\" fifu-data-srcset=\"https:\/\/i1.wp.com\/www.vwco.com.br\/uploads\/ckeditor\/5b2a5d618dfd0.jpeg?ssl=1&w=75&resize=75&ssl=1 75w, https:\/\/i1.wp.com\/www.vwco.com.br\/uploads\/ckeditor\/5b2a5d618dfd0.jpeg?ssl=1&w=100&resize=100&ssl=1 100w, https:\/\/i1.wp.com\/www.vwco.com.br\/uploads\/ckeditor\/5b2a5d618dfd0.jpeg?ssl=1&w=150&resize=150&ssl=1 150w, https:\/\/i1.wp.com\/www.vwco.com.br\/uploads\/ckeditor\/5b2a5d618dfd0.jpeg?ssl=1&w=240&resize=240&ssl=1 240w, https:\/\/i1.wp.com\/www.vwco.com.br\/uploads\/ckeditor\/5b2a5d618dfd0.jpeg?ssl=1&w=320&resize=320&ssl=1 320w, https:\/\/i1.wp.com\/www.vwco.com.br\/uploads\/ckeditor\/5b2a5d618dfd0.jpeg?ssl=1&w=500&resize=500&ssl=1 500w, https:\/\/i1.wp.com\/www.vwco.com.br\/uploads\/ckeditor\/5b2a5d618dfd0.jpeg?ssl=1&w=640&resize=640&ssl=1 640w, https:\/\/i1.wp.com\/www.vwco.com.br\/uploads\/ckeditor\/5b2a5d618dfd0.jpeg?ssl=1&w=800&resize=800&ssl=1 800w, https:\/\/i1.wp.com\/www.vwco.com.br\/uploads\/ckeditor\/5b2a5d618dfd0.jpeg?ssl=1&w=1024&resize=1024&ssl=1 1024w, https:\/\/i1.wp.com\/www.vwco.com.br\/uploads\/ckeditor\/5b2a5d618dfd0.jpeg?ssl=1&w=1280&resize=1280&ssl=1 1280w, https:\/\/i1.wp.com\/www.vwco.com.br\/uploads\/ckeditor\/5b2a5d618dfd0.jpeg?ssl=1&w=1600&resize=1600&ssl=1 1600w\" alt fifu-data-src=\"https:\/\/i1.wp.com\/www.vwco.com.br\/uploads\/ckeditor\/5b2a5d618dfd0.jpeg?ssl=1\"><\/a><\/p>\n<p><a href=\"https:\/\/www.vwco.com.br\/uploads\/ckeditor\/5b2a5dbd6dd26.jpeg\"><img decoding=\"async\" src=\"data:image\/gif;base64,R0lGODlhAQABAIAAAAAAAP\/\/\/ywAAAAAAQABAAACAUwAOw==\" fifu-lazy=\"1\" fifu-data-sizes=\"auto\" fifu-data-srcset=\"https:\/\/i2.wp.com\/www.vwco.com.br\/uploads\/ckeditor\/5b2a5dbd6dd26.jpeg?ssl=1&w=75&resize=75&ssl=1 75w, https:\/\/i2.wp.com\/www.vwco.com.br\/uploads\/ckeditor\/5b2a5dbd6dd26.jpeg?ssl=1&w=100&resize=100&ssl=1 100w, https:\/\/i2.wp.com\/www.vwco.com.br\/uploads\/ckeditor\/5b2a5dbd6dd26.jpeg?ssl=1&w=150&resize=150&ssl=1 150w, https:\/\/i2.wp.com\/www.vwco.com.br\/uploads\/ckeditor\/5b2a5dbd6dd26.jpeg?ssl=1&w=240&resize=240&ssl=1 240w, https:\/\/i2.wp.com\/www.vwco.com.br\/uploads\/ckeditor\/5b2a5dbd6dd26.jpeg?ssl=1&w=320&resize=320&ssl=1 320w, https:\/\/i2.wp.com\/www.vwco.com.br\/uploads\/ckeditor\/5b2a5dbd6dd26.jpeg?ssl=1&w=500&resize=500&ssl=1 500w, https:\/\/i2.wp.com\/www.vwco.com.br\/uploads\/ckeditor\/5b2a5dbd6dd26.jpeg?ssl=1&w=640&resize=640&ssl=1 640w, https:\/\/i2.wp.com\/www.vwco.com.br\/uploads\/ckeditor\/5b2a5dbd6dd26.jpeg?ssl=1&w=800&resize=800&ssl=1 800w, https:\/\/i2.wp.com\/www.vwco.com.br\/uploads\/ckeditor\/5b2a5dbd6dd26.jpeg?ssl=1&w=1024&resize=1024&ssl=1 1024w, https:\/\/i2.wp.com\/www.vwco.com.br\/uploads\/ckeditor\/5b2a5dbd6dd26.jpeg?ssl=1&w=1280&resize=1280&ssl=1 1280w, https:\/\/i2.wp.com\/www.vwco.com.br\/uploads\/ckeditor\/5b2a5dbd6dd26.jpeg?ssl=1&w=1600&resize=1600&ssl=1 1600w\" alt fifu-data-src=\"https:\/\/i2.wp.com\/www.vwco.com.br\/uploads\/ckeditor\/5b2a5dbd6dd26.jpeg?ssl=1\"><\/a>&nbsp;<\/p>\n","protected":false},"excerpt":{"rendered":"<p>\u2022&nbsp;Grande marco em dire\u00e7\u00e3o \u00e0 transforma\u00e7\u00e3o da estrutura societ\u00e1ria\u2022&nbsp;A TRATON reflete o DNA de uma&#8230;<\/p>\n","protected":false},"author":1,"featured_media":0,"comment_status":"open","ping_status":"open","sticky":false,"template":"","format":"standard","meta":{"fifu_image_url":"","fifu_image_alt":"","footnotes":""},"categories":[727],"tags":[],"class_list":["post-76135","post","type-post","status-publish","format-standard","hentry","category-noticias","wpcat-727-id"],"_links":{"self":[{"href":"https:\/\/verde-amarelo.net\/verdeamarelo\/wp-json\/wp\/v2\/posts\/76135","targetHints":{"allow":["GET"]}}],"collection":[{"href":"https:\/\/verde-amarelo.net\/verdeamarelo\/wp-json\/wp\/v2\/posts"}],"about":[{"href":"https:\/\/verde-amarelo.net\/verdeamarelo\/wp-json\/wp\/v2\/types\/post"}],"author":[{"embeddable":true,"href":"https:\/\/verde-amarelo.net\/verdeamarelo\/wp-json\/wp\/v2\/users\/1"}],"replies":[{"embeddable":true,"href":"https:\/\/verde-amarelo.net\/verdeamarelo\/wp-json\/wp\/v2\/comments?post=76135"}],"version-history":[{"count":0,"href":"https:\/\/verde-amarelo.net\/verdeamarelo\/wp-json\/wp\/v2\/posts\/76135\/revisions"}],"wp:attachment":[{"href":"https:\/\/verde-amarelo.net\/verdeamarelo\/wp-json\/wp\/v2\/media?parent=76135"}],"wp:term":[{"taxonomy":"category","embeddable":true,"href":"https:\/\/verde-amarelo.net\/verdeamarelo\/wp-json\/wp\/v2\/categories?post=76135"},{"taxonomy":"post_tag","embeddable":true,"href":"https:\/\/verde-amarelo.net\/verdeamarelo\/wp-json\/wp\/v2\/tags?post=76135"}],"curies":[{"name":"wp","href":"https:\/\/api.w.org\/{rel}","templated":true}]}}