{"id":76137,"date":"2018-06-13T15:03:19","date_gmt":"2018-06-13T18:03:19","guid":{"rendered":"https:\/\/verde-amarelo.net\/verdeamarelo\/2018\/06\/man-latin-america-expande-producao-no-mexico\/"},"modified":"2018-06-13T15:03:19","modified_gmt":"2018-06-13T18:03:19","slug":"man-latin-america-expande-producao-no-mexico","status":"publish","type":"post","link":"https:\/\/verde-amarelo.net\/verdeamarelo\/2018\/06\/man-latin-america-expande-producao-no-mexico\/","title":{"rendered":"MAN Latin America expande produ\u00e7\u00e3o no M\u00e9xico"},"content":{"rendered":"<p>A f\u00e1brica mexicana da MAN Latin America vai dar in\u00edcio \u00e0 montagem de dois novos modelos a partir dos pr\u00f3ximos meses: o novo Delivery 11.180 e do Volksbus 14.190 SCD passar\u00e3o a ter produ\u00e7\u00e3o local. Somado a recentes novos neg\u00f3cios, o volume adicional vai contribuir para mais que duplicar o n\u00famero de ve\u00edculos fabricados por dia na unidade, se comparado ao ritmo de montagem h\u00e1 um ano.<\/p>&nbsp;&nbsp;\n<p>Com os investimentos realizados para receber os novos produtos e j\u00e1 se adequar \u00e0s futuras legisla\u00e7\u00f5es que entrar\u00e3o em vigor no pa\u00eds at\u00e9 2021, a produ\u00e7\u00e3o saltou de cinco modelos di\u00e1rios a mais de dez unidades. O ganho de produtividade se deu com a renova\u00e7\u00e3o do parque de m\u00e1quinas, com a aquisi\u00e7\u00e3o de novos equipamentos mais modernos, e simplifica\u00e7\u00e3o de processos gra\u00e7as \u00e0 maior sinergia na montagem dos diferentes modelos.<\/p>&nbsp;&nbsp;\n<p>\u201cContamos com uma f\u00e1brica moderna e vamos continuar a investir para ampliar ainda mais nossa opera\u00e7\u00e3o. Em breve, vamos inaugurar uma segunda linha de montagem para abrigar a produ\u00e7\u00e3o local de chassis MAN dos modelos RR3 e RR5, que hoje importamos da Alemanha. \u00c9 uma mostra da confian\u00e7a que se tem em nosso mercado e reflexo do crescimento em vendas que temos conquistado\u201d, destaca Leandro Radomile, diretor geral da opera\u00e7\u00e3o da MAN Latin America no M\u00e9xico.<\/p>&nbsp;&nbsp;\n<p>Esse aumento nas atividades tem um impacto positivo tamb\u00e9m na gera\u00e7\u00e3o de empregos: o quadro de colaboradores da f\u00e1brica vai crescer 25% para acompanhar o movimento ascendente. E suas tarefas di\u00e1rias ser\u00e3o beneficiadas com ainda mais ergonomia e conforto.<\/p>&nbsp;&nbsp;\n<p>Os padr\u00f5es de seguran\u00e7a da Volkswagen s\u00e3o outro destaque. Com a ado\u00e7\u00e3o de mais equipamentos eletr\u00f4nicos e pneum\u00e1ticos para os apertos, se garante a acuracidade durante todo o processo. E a rastreabilidade \u00e9 alta ao longo de toda a linha de montagem: todas as informa\u00e7\u00f5es s\u00e3o armazenadas em tempo real na nossa rede para assegurar o cumprimento e facilitar a checagem das especifica\u00e7\u00f5es determinadas para cada modelo.<\/p>&nbsp;&nbsp;\n<p>\u201cIsso elimina qualquer risco de falha humana e nos torna mais eficientes, permitindo concentrar nossos esfor\u00e7os nos desafios de produ\u00e7\u00e3o que vir\u00e3o para atender \u00e0 crescente demanda do mercado\u201d, explica Leonardo Martins, gerente de produ\u00e7\u00e3o da MAN Latin America no M\u00e9xico.<br \/><a href=\"https:\/\/www.vwco.com.br\/uploads\/ckeditor\/5b21324f5059f.jpeg\"><img decoding=\"async\" src=\"data:image\/gif;base64,R0lGODlhAQABAIAAAAAAAP\/\/\/ywAAAAAAQABAAACAUwAOw==\" fifu-lazy=\"1\" fifu-data-sizes=\"auto\" fifu-data-srcset=\"https:\/\/i3.wp.com\/www.vwco.com.br\/uploads\/ckeditor\/5b21324f5059f.jpeg?ssl=1&w=75&resize=75&ssl=1 75w, https:\/\/i3.wp.com\/www.vwco.com.br\/uploads\/ckeditor\/5b21324f5059f.jpeg?ssl=1&w=100&resize=100&ssl=1 100w, https:\/\/i3.wp.com\/www.vwco.com.br\/uploads\/ckeditor\/5b21324f5059f.jpeg?ssl=1&w=150&resize=150&ssl=1 150w, https:\/\/i3.wp.com\/www.vwco.com.br\/uploads\/ckeditor\/5b21324f5059f.jpeg?ssl=1&w=240&resize=240&ssl=1 240w, https:\/\/i3.wp.com\/www.vwco.com.br\/uploads\/ckeditor\/5b21324f5059f.jpeg?ssl=1&w=320&resize=320&ssl=1 320w, https:\/\/i3.wp.com\/www.vwco.com.br\/uploads\/ckeditor\/5b21324f5059f.jpeg?ssl=1&w=500&resize=500&ssl=1 500w, https:\/\/i3.wp.com\/www.vwco.com.br\/uploads\/ckeditor\/5b21324f5059f.jpeg?ssl=1&w=640&resize=640&ssl=1 640w, https:\/\/i3.wp.com\/www.vwco.com.br\/uploads\/ckeditor\/5b21324f5059f.jpeg?ssl=1&w=800&resize=800&ssl=1 800w, https:\/\/i3.wp.com\/www.vwco.com.br\/uploads\/ckeditor\/5b21324f5059f.jpeg?ssl=1&w=1024&resize=1024&ssl=1 1024w, https:\/\/i3.wp.com\/www.vwco.com.br\/uploads\/ckeditor\/5b21324f5059f.jpeg?ssl=1&w=1280&resize=1280&ssl=1 1280w, https:\/\/i3.wp.com\/www.vwco.com.br\/uploads\/ckeditor\/5b21324f5059f.jpeg?ssl=1&w=1600&resize=1600&ssl=1 1600w\" alt fifu-data-src=\"https:\/\/i3.wp.com\/www.vwco.com.br\/uploads\/ckeditor\/5b21324f5059f.jpeg?ssl=1\"><\/a><\/p>\n<p><a href=\"https:\/\/www.vwco.com.br\/uploads\/ckeditor\/5b21326cc1b25.jpeg\"><img decoding=\"async\" src=\"data:image\/gif;base64,R0lGODlhAQABAIAAAAAAAP\/\/\/ywAAAAAAQABAAACAUwAOw==\" fifu-lazy=\"1\" fifu-data-sizes=\"auto\" fifu-data-srcset=\"https:\/\/i2.wp.com\/www.vwco.com.br\/uploads\/ckeditor\/5b21326cc1b25.jpeg?ssl=1&w=75&resize=75&ssl=1 75w, https:\/\/i2.wp.com\/www.vwco.com.br\/uploads\/ckeditor\/5b21326cc1b25.jpeg?ssl=1&w=100&resize=100&ssl=1 100w, https:\/\/i2.wp.com\/www.vwco.com.br\/uploads\/ckeditor\/5b21326cc1b25.jpeg?ssl=1&w=150&resize=150&ssl=1 150w, https:\/\/i2.wp.com\/www.vwco.com.br\/uploads\/ckeditor\/5b21326cc1b25.jpeg?ssl=1&w=240&resize=240&ssl=1 240w, https:\/\/i2.wp.com\/www.vwco.com.br\/uploads\/ckeditor\/5b21326cc1b25.jpeg?ssl=1&w=320&resize=320&ssl=1 320w, https:\/\/i2.wp.com\/www.vwco.com.br\/uploads\/ckeditor\/5b21326cc1b25.jpeg?ssl=1&w=500&resize=500&ssl=1 500w, https:\/\/i2.wp.com\/www.vwco.com.br\/uploads\/ckeditor\/5b21326cc1b25.jpeg?ssl=1&w=640&resize=640&ssl=1 640w, https:\/\/i2.wp.com\/www.vwco.com.br\/uploads\/ckeditor\/5b21326cc1b25.jpeg?ssl=1&w=800&resize=800&ssl=1 800w, https:\/\/i2.wp.com\/www.vwco.com.br\/uploads\/ckeditor\/5b21326cc1b25.jpeg?ssl=1&w=1024&resize=1024&ssl=1 1024w, https:\/\/i2.wp.com\/www.vwco.com.br\/uploads\/ckeditor\/5b21326cc1b25.jpeg?ssl=1&w=1280&resize=1280&ssl=1 1280w, https:\/\/i2.wp.com\/www.vwco.com.br\/uploads\/ckeditor\/5b21326cc1b25.jpeg?ssl=1&w=1600&resize=1600&ssl=1 1600w\" alt fifu-data-src=\"https:\/\/i2.wp.com\/www.vwco.com.br\/uploads\/ckeditor\/5b21326cc1b25.jpeg?ssl=1\"><\/a>&nbsp;<a href=\"https:\/\/www.vwco.com.br\/uploads\/ckeditor\/5b21327ea0af5.jpeg\"><img decoding=\"async\" src=\"data:image\/gif;base64,R0lGODlhAQABAIAAAAAAAP\/\/\/ywAAAAAAQABAAACAUwAOw==\" fifu-lazy=\"1\" fifu-data-sizes=\"auto\" fifu-data-srcset=\"https:\/\/i3.wp.com\/www.vwco.com.br\/uploads\/ckeditor\/5b21327ea0af5.jpeg?ssl=1&w=75&resize=75&ssl=1 75w, https:\/\/i3.wp.com\/www.vwco.com.br\/uploads\/ckeditor\/5b21327ea0af5.jpeg?ssl=1&w=100&resize=100&ssl=1 100w, https:\/\/i3.wp.com\/www.vwco.com.br\/uploads\/ckeditor\/5b21327ea0af5.jpeg?ssl=1&w=150&resize=150&ssl=1 150w, https:\/\/i3.wp.com\/www.vwco.com.br\/uploads\/ckeditor\/5b21327ea0af5.jpeg?ssl=1&w=240&resize=240&ssl=1 240w, https:\/\/i3.wp.com\/www.vwco.com.br\/uploads\/ckeditor\/5b21327ea0af5.jpeg?ssl=1&w=320&resize=320&ssl=1 320w, https:\/\/i3.wp.com\/www.vwco.com.br\/uploads\/ckeditor\/5b21327ea0af5.jpeg?ssl=1&w=500&resize=500&ssl=1 500w, https:\/\/i3.wp.com\/www.vwco.com.br\/uploads\/ckeditor\/5b21327ea0af5.jpeg?ssl=1&w=640&resize=640&ssl=1 640w, https:\/\/i3.wp.com\/www.vwco.com.br\/uploads\/ckeditor\/5b21327ea0af5.jpeg?ssl=1&w=800&resize=800&ssl=1 800w, https:\/\/i3.wp.com\/www.vwco.com.br\/uploads\/ckeditor\/5b21327ea0af5.jpeg?ssl=1&w=1024&resize=1024&ssl=1 1024w, https:\/\/i3.wp.com\/www.vwco.com.br\/uploads\/ckeditor\/5b21327ea0af5.jpeg?ssl=1&w=1280&resize=1280&ssl=1 1280w, https:\/\/i3.wp.com\/www.vwco.com.br\/uploads\/ckeditor\/5b21327ea0af5.jpeg?ssl=1&w=1600&resize=1600&ssl=1 1600w\" alt fifu-data-src=\"https:\/\/i3.wp.com\/www.vwco.com.br\/uploads\/ckeditor\/5b21327ea0af5.jpeg?ssl=1\"><\/a><\/p>\n","protected":false},"excerpt":{"rendered":"<p>A f\u00e1brica mexicana da MAN Latin America vai dar in\u00edcio \u00e0 montagem de dois novos&#8230;<\/p>\n","protected":false},"author":1,"featured_media":0,"comment_status":"open","ping_status":"open","sticky":false,"template":"","format":"standard","meta":{"fifu_image_url":"","fifu_image_alt":"","footnotes":""},"categories":[727],"tags":[],"class_list":["post-76137","post","type-post","status-publish","format-standard","hentry","category-noticias","wpcat-727-id"],"_links":{"self":[{"href":"https:\/\/verde-amarelo.net\/verdeamarelo\/wp-json\/wp\/v2\/posts\/76137","targetHints":{"allow":["GET"]}}],"collection":[{"href":"https:\/\/verde-amarelo.net\/verdeamarelo\/wp-json\/wp\/v2\/posts"}],"about":[{"href":"https:\/\/verde-amarelo.net\/verdeamarelo\/wp-json\/wp\/v2\/types\/post"}],"author":[{"embeddable":true,"href":"https:\/\/verde-amarelo.net\/verdeamarelo\/wp-json\/wp\/v2\/users\/1"}],"replies":[{"embeddable":true,"href":"https:\/\/verde-amarelo.net\/verdeamarelo\/wp-json\/wp\/v2\/comments?post=76137"}],"version-history":[{"count":0,"href":"https:\/\/verde-amarelo.net\/verdeamarelo\/wp-json\/wp\/v2\/posts\/76137\/revisions"}],"wp:attachment":[{"href":"https:\/\/verde-amarelo.net\/verdeamarelo\/wp-json\/wp\/v2\/media?parent=76137"}],"wp:term":[{"taxonomy":"category","embeddable":true,"href":"https:\/\/verde-amarelo.net\/verdeamarelo\/wp-json\/wp\/v2\/categories?post=76137"},{"taxonomy":"post_tag","embeddable":true,"href":"https:\/\/verde-amarelo.net\/verdeamarelo\/wp-json\/wp\/v2\/tags?post=76137"}],"curies":[{"name":"wp","href":"https:\/\/api.w.org\/{rel}","templated":true}]}}