{"id":76143,"date":"2018-06-06T16:59:27","date_gmt":"2018-06-06T19:59:27","guid":{"rendered":"https:\/\/verde-amarelo.net\/verdeamarelo\/2018\/06\/grupo-iamsa-investe-mais-de-us-60-milhoes-para-renovar-sua-frota-com-onibus-man-no-mexico\/"},"modified":"2018-06-06T16:59:27","modified_gmt":"2018-06-06T19:59:27","slug":"grupo-iamsa-investe-mais-de-us-60-milhoes-para-renovar-sua-frota-com-onibus-man-no-mexico","status":"publish","type":"post","link":"https:\/\/verde-amarelo.net\/verdeamarelo\/2018\/06\/grupo-iamsa-investe-mais-de-us-60-milhoes-para-renovar-sua-frota-com-onibus-man-no-mexico\/","title":{"rendered":"Grupo IAMSA investe mais de US$ 60 milh\u00f5es para renovar sua frota com \u00f4nibus MAN no M\u00e9xico"},"content":{"rendered":"<ul>\n<li><em>IAMSA vai adquirir mais de 600 chassis MAN para renovar a frota de suas marcas ETN, Costa Line, Parhikuni e Amealcenses<\/em><\/li>\n<li><em>Trata-se da maior venda j\u00e1 efetuada por MAN Truck Bus M\u00e9xico e tamb\u00e9m inclui o maior contrato de manuten\u00e7\u00e3o assinado a n\u00edvel internacional<\/em><\/li>\n<\/ul>\n<p>Grupo IAMSA, o cons\u00f3rcio de transporte multimodal do M\u00e9xico, encomenda mais de 600 chassis a MAN Truck &amp; Bus M\u00e9xico, empresa da MAN Latin America, um dos principais fornecedores internacionais de ve\u00edculos de \u00faltima gera\u00e7\u00e3o, l\u00edder em tecnologia e inova\u00e7\u00e3o.<\/p>&nbsp;&nbsp;\n<p>O investimento em chassis por parte da IAMSA supera os US$ 60 milh\u00f5es para a incorpora\u00e7\u00e3o de 610 \u00f4nibus em todas suas marcas, tais como ETN, Costa Line, Parhikuni e Amealcenses. Trata-se da maior venda da MAN Truck M\u00e9xico j\u00e1 realizada nos seus 14 anos de opera\u00e7\u00f5es no pa\u00eds; sendo, tamb\u00e9m, a maior venda na hist\u00f3ria ae MAN Latin America fora do Brasil. A IAMSA \u00e9 um cliente tradicional da MAN Truck &amp; Bus M\u00e9xico, que em 2016, comprou 181 \u00f4nibus da empresa.<\/p>&nbsp;&nbsp;\n<p>\u201cEste contrato representa uma mudan\u00e7a significativa no processo de renova\u00e7\u00e3o da frota na ind\u00fastria e temos certeza que esta alian\u00e7a estrat\u00e9gica se tornar\u00e1 uma vantagem competitiva para as empresas de transporte da IAMSA. Al\u00e9m disso, nos permitir\u00e1 oferecer, a nossos mais de 20 milh\u00f5es de passageiros transportados anualmente via terrestre, ve\u00edculos completamente novos, dotados da mais alta tecnologia em seguran\u00e7a e conforto, referendando o compromisso medular do cons\u00f3rcio: conex\u00e3o segura, confi\u00e1vel e de qualidade ao melhor custo\u201d, garantiu Jes\u00fas Ruiz L\u00f3pez, CEO de Autotransporte do Grupo IAMSA.<\/p>&nbsp;&nbsp;\n<p>\u201cEstamos muito orgulhosos. Agradecemos a IAMSA por mais esta prova de confian\u00e7a nos produtos e servi\u00e7os que oferecemos a nossos clientes mexicanos\u201d, declarou Roberto Cortes, CEO da MAN Latin America, respons\u00e1vel mundial da marca Volkswagen Caminh\u00f5es e \u00d4nibus e pelas vendas de caminh\u00f5es e \u00f4nibus MAN na Am\u00e9rica Latina.<\/p>&nbsp;&nbsp;\n<p>\u201cEste conv\u00eanio representa um marco para nossa empresa, nossos investidores e colaboradores, em benef\u00edcio de nossos clientes. Com uma nova frota, seremos mais eficientes e seguiremos sendo um aliado do M\u00e9xico para aproximar e conectar seus destinos, favorecendo as comunidades onde operamos\u201d, acrescentou Ruiz, CEO de Autotransporte do Grupo IAMSA.<\/p>&nbsp;&nbsp;\n<p>A venda inclui chassis completos, correspondentes \u00e0s estruturas internas que sustentam o ve\u00edculo, que ser\u00e3o entregues pela MAN Truck &amp; Bus da Alemanha \u2014 que tamb\u00e9m integra o Grupo Volkswagen Truck &amp; Bus \u2014 e pela f\u00e1brica da MAN Latin America em Resende (RJ). O fornecimento da carroceria, estrutura externa do \u00f4nibus, ser\u00e1 escolhido pela IAMSA. A entrega de 610 \u00f4nibus MAN RR2 e RR4 com diversas configura\u00e7\u00f5es se efetuar\u00e1 ao longo de cinco anos, contados a partir do pr\u00f3ximo m\u00eas de setembro.<\/p>&nbsp;&nbsp;\n<p>\u201cUm neg\u00f3cio desta magnitude vai gerar uma s\u00e9rie de rea\u00e7\u00f5es positivas na cadeia produtiva. Da f\u00e1brica ao atendimento nas oficinas do cliente, vamos gerar mais empregos para o M\u00e9xico, al\u00e9m de mais seguran\u00e7a aos passageiros com \u00f4nibus da mais alta tecnologia\u201d, destacou Leandro Radomile, diretor-geral da MAN Truck &amp; Bus M\u00e9xico.<\/p>&nbsp;&nbsp;\n<p>Adicionalmente, esta negocia\u00e7\u00e3o inclui o maior contrato de manuten\u00e7\u00e3o j\u00e1 assinado pela MAN Truck &amp; Bus M\u00e9xico. Num per\u00edodo de dez anos, a montadora ser\u00e1 a respons\u00e1vel pela estrutura de atendimento t\u00e9cnico nas pr\u00f3prias garagens da IAMSA.<\/p>&nbsp;&nbsp;\n<p>\u201cSer\u00e1 a maior estrutura de p\u00f3s-vendas que teremos montada para um cliente mexicano. A m\u00e3o de obra, as pe\u00e7as e ferramentas ser\u00e3o de nossa responsabilidade. Estamos prontos para mais este desafio\u201d, explicou Radomile.<br \/>A assinatura do contrato, realizada em Munique, na Alemanha, contou com a participa\u00e7\u00e3o de Gian Carlo Nucci, CEO do Grupo IAMSA e Grupo Viva Aerobus; Jes\u00fas Ruiz L\u00f3pez, CEO de Autotransporte do Grupo IAMSA; Roberto Cortes, CEO da MAN Latin America; Joachim Drees, CEO da MAN Truck &amp; Bus na Alemanha; Leandro Radomile, diretor-geral da MAN Truck &amp; Bus no M\u00e9xico; Gerhart E. Reuss, consultor da MAN M\u00e9xico; e Rudi Kuchta, chefe de Vendas de \u00d4nibus da MTB alem\u00e3.<\/p>&nbsp;&nbsp;\n<p><strong>Sobre a divis\u00e3o de Autotransporte do Grupo IAMSA<\/strong><br \/>A divis\u00e3o de autotransporte do Grupo IAMSA agrupa marcas como ETN, Costa Line, Amealcenses e Parhikuni, oferecendo una carteira de servi\u00e7os multissegmento. Opera uma frota de mais de 1.240 \u00f4nibus e mant\u00e9m uma lideran\u00e7a em termos de conectividade, abrangendo a maior parte do territ\u00f3rio mexicano. Seus servi\u00e7os cobrem a zona norte, pac\u00edfico, sul, centro e sudeste, transportando mais de 20 milh\u00f5es de passageiros por ano.<\/p>&nbsp;&nbsp;\n<p><strong>Sobre Grupo IAMSA<\/strong><br \/>O Grupo IAMSA \u00e9 o cons\u00f3rcio de transporte mais importante do M\u00e9xico com mais de 70 anos de experi\u00eancia. A IAMSA destaca-se por ser o \u00fanico conglomerado de transporte multimodal no pa\u00eds gra\u00e7as \u00e0 sua divis\u00e3o terrestre e a\u00e9rea (Viva Aerobus), contando com uma frota de mais de 1.240 \u00f4nibus e 25 aeronaves Airbus A320. Transporta mais de 25 milh\u00f5es de passageiros por ano operando nos 32 estados do M\u00e9xico. O Grupo IAMSA busca oferecer sempre um servi\u00e7o seguro, confi\u00e1vel e o melhor pre\u00e7o a partir de um s\u00f3lido modelo de baixo custo.<\/p>&nbsp;&nbsp;\n<p><strong>Sobre a MAN Latin America<\/strong><br \/>Fabricante dos ve\u00edculos comerciais Volkswagen e MAN, a MAN Latin America \u00e9 uma das maiores montadoras de caminh\u00f5es e \u00f4nibus da Am\u00e9rica Latina Desde 1981, quando iniciou suas opera\u00e7\u00f5es, chegar ao topo do mercado, respeitando e satisfazendo as necessidades dos clientes, sempre foi o foco da montadora.<br \/>E \u00e9 exatamente isso que a MAN Latin America oferece a seus clientes: produtos sob medida e um excelente servi\u00e7o de p\u00f3s-vendas.<\/p>&nbsp;&nbsp;\n<p>Sua produ\u00e7\u00e3o j\u00e1 ultrapassou o marco de 800 mil ve\u00edculos, com mais de 100 mil unidades exportadas para mais de 30 pa\u00edses. A empresa tamb\u00e9m \u00e9 refer\u00eancia em inova\u00e7\u00f5es tecnol\u00f3gicas. Desde 2003, a montadora conduz estudos com combust\u00edveis renov\u00e1veis e alternativos, mesmo antes de obriga\u00e7\u00f5es legais.<\/p>&nbsp;&nbsp;\n<p>A MAN Latin America \u00e9 pioneira na utiliza\u00e7\u00e3o de biodiesel e no desenvolvimento no Brasil de caminh\u00e3o dotado com sistema h\u00edbrido diesel-hidr\u00e1ulico. A empresa busca sempre solu\u00e7\u00f5es que reduzam o impacto ambiental e ajudem a preservar o meio ambiente.<br \/>H\u00e1 35 anos, a montadora mant\u00e9m seu compromisso de desenvolver ve\u00edculos que superem as exig\u00eancias dos clientes \u2013 onde quer que eles rodem, seja pelas estradas brasileiras, latino-americanas ou africanas.<\/p>&nbsp;&nbsp;\n<p><a href=\"https:\/\/www.vwco.com.br\/uploads\/ckeditor\/5b1815d1ba96e.jpeg\"><img decoding=\"async\" src=\"data:image\/gif;base64,R0lGODlhAQABAIAAAAAAAP\/\/\/ywAAAAAAQABAAACAUwAOw==\" fifu-lazy=\"1\" fifu-data-sizes=\"auto\" fifu-data-srcset=\"https:\/\/i0.wp.com\/www.vwco.com.br\/uploads\/ckeditor\/5b1815d1ba96e.jpeg?ssl=1&w=75&resize=75&ssl=1 75w, https:\/\/i0.wp.com\/www.vwco.com.br\/uploads\/ckeditor\/5b1815d1ba96e.jpeg?ssl=1&w=100&resize=100&ssl=1 100w, https:\/\/i0.wp.com\/www.vwco.com.br\/uploads\/ckeditor\/5b1815d1ba96e.jpeg?ssl=1&w=150&resize=150&ssl=1 150w, https:\/\/i0.wp.com\/www.vwco.com.br\/uploads\/ckeditor\/5b1815d1ba96e.jpeg?ssl=1&w=240&resize=240&ssl=1 240w, https:\/\/i0.wp.com\/www.vwco.com.br\/uploads\/ckeditor\/5b1815d1ba96e.jpeg?ssl=1&w=320&resize=320&ssl=1 320w, https:\/\/i0.wp.com\/www.vwco.com.br\/uploads\/ckeditor\/5b1815d1ba96e.jpeg?ssl=1&w=500&resize=500&ssl=1 500w, https:\/\/i0.wp.com\/www.vwco.com.br\/uploads\/ckeditor\/5b1815d1ba96e.jpeg?ssl=1&w=640&resize=640&ssl=1 640w, https:\/\/i0.wp.com\/www.vwco.com.br\/uploads\/ckeditor\/5b1815d1ba96e.jpeg?ssl=1&w=800&resize=800&ssl=1 800w, https:\/\/i0.wp.com\/www.vwco.com.br\/uploads\/ckeditor\/5b1815d1ba96e.jpeg?ssl=1&w=1024&resize=1024&ssl=1 1024w, https:\/\/i0.wp.com\/www.vwco.com.br\/uploads\/ckeditor\/5b1815d1ba96e.jpeg?ssl=1&w=1280&resize=1280&ssl=1 1280w, https:\/\/i0.wp.com\/www.vwco.com.br\/uploads\/ckeditor\/5b1815d1ba96e.jpeg?ssl=1&w=1600&resize=1600&ssl=1 1600w\" alt fifu-data-src=\"https:\/\/i0.wp.com\/www.vwco.com.br\/uploads\/ckeditor\/5b1815d1ba96e.jpeg?ssl=1\"><\/a>&nbsp;<a href=\"https:\/\/www.vwco.com.br\/uploads\/ckeditor\/5b1815e7ae99b.jpeg\"><img decoding=\"async\" src=\"data:image\/gif;base64,R0lGODlhAQABAIAAAAAAAP\/\/\/ywAAAAAAQABAAACAUwAOw==\" fifu-lazy=\"1\" fifu-data-sizes=\"auto\" fifu-data-srcset=\"https:\/\/i2.wp.com\/www.vwco.com.br\/uploads\/ckeditor\/5b1815e7ae99b.jpeg?ssl=1&w=75&resize=75&ssl=1 75w, https:\/\/i2.wp.com\/www.vwco.com.br\/uploads\/ckeditor\/5b1815e7ae99b.jpeg?ssl=1&w=100&resize=100&ssl=1 100w, https:\/\/i2.wp.com\/www.vwco.com.br\/uploads\/ckeditor\/5b1815e7ae99b.jpeg?ssl=1&w=150&resize=150&ssl=1 150w, https:\/\/i2.wp.com\/www.vwco.com.br\/uploads\/ckeditor\/5b1815e7ae99b.jpeg?ssl=1&w=240&resize=240&ssl=1 240w, https:\/\/i2.wp.com\/www.vwco.com.br\/uploads\/ckeditor\/5b1815e7ae99b.jpeg?ssl=1&w=320&resize=320&ssl=1 320w, https:\/\/i2.wp.com\/www.vwco.com.br\/uploads\/ckeditor\/5b1815e7ae99b.jpeg?ssl=1&w=500&resize=500&ssl=1 500w, https:\/\/i2.wp.com\/www.vwco.com.br\/uploads\/ckeditor\/5b1815e7ae99b.jpeg?ssl=1&w=640&resize=640&ssl=1 640w, https:\/\/i2.wp.com\/www.vwco.com.br\/uploads\/ckeditor\/5b1815e7ae99b.jpeg?ssl=1&w=800&resize=800&ssl=1 800w, https:\/\/i2.wp.com\/www.vwco.com.br\/uploads\/ckeditor\/5b1815e7ae99b.jpeg?ssl=1&w=1024&resize=1024&ssl=1 1024w, https:\/\/i2.wp.com\/www.vwco.com.br\/uploads\/ckeditor\/5b1815e7ae99b.jpeg?ssl=1&w=1280&resize=1280&ssl=1 1280w, https:\/\/i2.wp.com\/www.vwco.com.br\/uploads\/ckeditor\/5b1815e7ae99b.jpeg?ssl=1&w=1600&resize=1600&ssl=1 1600w\" alt fifu-data-src=\"https:\/\/i2.wp.com\/www.vwco.com.br\/uploads\/ckeditor\/5b1815e7ae99b.jpeg?ssl=1\"><\/a>&nbsp;<a href=\"https:\/\/www.vwco.com.br\/uploads\/ckeditor\/5b1815fddc3a9.jpeg\"><img decoding=\"async\" src=\"data:image\/gif;base64,R0lGODlhAQABAIAAAAAAAP\/\/\/ywAAAAAAQABAAACAUwAOw==\" fifu-lazy=\"1\" fifu-data-sizes=\"auto\" fifu-data-srcset=\"https:\/\/i1.wp.com\/www.vwco.com.br\/uploads\/ckeditor\/5b1815fddc3a9.jpeg?ssl=1&w=75&resize=75&ssl=1 75w, https:\/\/i1.wp.com\/www.vwco.com.br\/uploads\/ckeditor\/5b1815fddc3a9.jpeg?ssl=1&w=100&resize=100&ssl=1 100w, https:\/\/i1.wp.com\/www.vwco.com.br\/uploads\/ckeditor\/5b1815fddc3a9.jpeg?ssl=1&w=150&resize=150&ssl=1 150w, https:\/\/i1.wp.com\/www.vwco.com.br\/uploads\/ckeditor\/5b1815fddc3a9.jpeg?ssl=1&w=240&resize=240&ssl=1 240w, https:\/\/i1.wp.com\/www.vwco.com.br\/uploads\/ckeditor\/5b1815fddc3a9.jpeg?ssl=1&w=320&resize=320&ssl=1 320w, https:\/\/i1.wp.com\/www.vwco.com.br\/uploads\/ckeditor\/5b1815fddc3a9.jpeg?ssl=1&w=500&resize=500&ssl=1 500w, https:\/\/i1.wp.com\/www.vwco.com.br\/uploads\/ckeditor\/5b1815fddc3a9.jpeg?ssl=1&w=640&resize=640&ssl=1 640w, https:\/\/i1.wp.com\/www.vwco.com.br\/uploads\/ckeditor\/5b1815fddc3a9.jpeg?ssl=1&w=800&resize=800&ssl=1 800w, https:\/\/i1.wp.com\/www.vwco.com.br\/uploads\/ckeditor\/5b1815fddc3a9.jpeg?ssl=1&w=1024&resize=1024&ssl=1 1024w, https:\/\/i1.wp.com\/www.vwco.com.br\/uploads\/ckeditor\/5b1815fddc3a9.jpeg?ssl=1&w=1280&resize=1280&ssl=1 1280w, https:\/\/i1.wp.com\/www.vwco.com.br\/uploads\/ckeditor\/5b1815fddc3a9.jpeg?ssl=1&w=1600&resize=1600&ssl=1 1600w\" alt fifu-data-src=\"https:\/\/i1.wp.com\/www.vwco.com.br\/uploads\/ckeditor\/5b1815fddc3a9.jpeg?ssl=1\"><\/a>&nbsp;<\/p>\n","protected":false},"excerpt":{"rendered":"<p>IAMSA vai adquirir mais de 600 chassis MAN para renovar a frota de suas marcas&#8230;<\/p>\n","protected":false},"author":1,"featured_media":0,"comment_status":"open","ping_status":"open","sticky":false,"template":"","format":"standard","meta":{"fifu_image_url":"","fifu_image_alt":"","footnotes":""},"categories":[727],"tags":[],"class_list":["post-76143","post","type-post","status-publish","format-standard","hentry","category-noticias","wpcat-727-id"],"_links":{"self":[{"href":"https:\/\/verde-amarelo.net\/verdeamarelo\/wp-json\/wp\/v2\/posts\/76143","targetHints":{"allow":["GET"]}}],"collection":[{"href":"https:\/\/verde-amarelo.net\/verdeamarelo\/wp-json\/wp\/v2\/posts"}],"about":[{"href":"https:\/\/verde-amarelo.net\/verdeamarelo\/wp-json\/wp\/v2\/types\/post"}],"author":[{"embeddable":true,"href":"https:\/\/verde-amarelo.net\/verdeamarelo\/wp-json\/wp\/v2\/users\/1"}],"replies":[{"embeddable":true,"href":"https:\/\/verde-amarelo.net\/verdeamarelo\/wp-json\/wp\/v2\/comments?post=76143"}],"version-history":[{"count":0,"href":"https:\/\/verde-amarelo.net\/verdeamarelo\/wp-json\/wp\/v2\/posts\/76143\/revisions"}],"wp:attachment":[{"href":"https:\/\/verde-amarelo.net\/verdeamarelo\/wp-json\/wp\/v2\/media?parent=76143"}],"wp:term":[{"taxonomy":"category","embeddable":true,"href":"https:\/\/verde-amarelo.net\/verdeamarelo\/wp-json\/wp\/v2\/categories?post=76143"},{"taxonomy":"post_tag","embeddable":true,"href":"https:\/\/verde-amarelo.net\/verdeamarelo\/wp-json\/wp\/v2\/tags?post=76143"}],"curies":[{"name":"wp","href":"https:\/\/api.w.org\/{rel}","templated":true}]}}