{"id":76144,"date":"2018-06-04T19:00:50","date_gmt":"2018-06-04T22:00:50","guid":{"rendered":"https:\/\/verde-amarelo.net\/verdeamarelo\/2018\/06\/man-latin-america-recebe-premio-por-iniciativa-social\/"},"modified":"2018-06-04T19:00:50","modified_gmt":"2018-06-04T22:00:50","slug":"man-latin-america-recebe-premio-por-iniciativa-social","status":"publish","type":"post","link":"https:\/\/verde-amarelo.net\/verdeamarelo\/2018\/06\/man-latin-america-recebe-premio-por-iniciativa-social\/","title":{"rendered":"MAN Latin America recebe pr\u00eamio por iniciativa social"},"content":{"rendered":"<p>A MAN Latin America foi homenageada com o Pr\u00eamio Lions por seu trabalho social desenvolvido na comunidade Ema\u00fas, de Resende (RJ). Juntamente com todas as suas empresas parceiras na fabrica\u00e7\u00e3o dos ve\u00edculos da Volkswagen Caminh\u00f5es e \u00d4nibus e MAN, a montadora criou o projeto \u201cOl\u00e1, Mundo!\u201d, que apresenta um novo horizonte para crian\u00e7as carentes da regi\u00e3o e amplia as expectativas desses jovens para a constru\u00e7\u00e3o de um futuro promissor. Ao mesmo tempo, incentiva o voluntariado entre seus colaboradores.<\/p>&nbsp;&nbsp;\n<p>A entidade Lions Clube de Resende, respons\u00e1vel pela premia\u00e7\u00e3o, reconheceu os esfor\u00e7os promovidos pela empresa para dar novas perspectivas a essas crian\u00e7as com foco especial em tr\u00eas vertentes: profissional, esportiva e cultural. Ao longo do m\u00eas, s\u00e3o organizadas diversas atividades, sempre muito l\u00fadicas e baseadas na contribui\u00e7\u00e3o dos colaboradores da f\u00e1brica, para garantir que os jovens atendidos pela Ema\u00fas tenham contato com realidades distintas e vislumbrem suas pr\u00f3prias oportunidades de crescimento.<\/p>&nbsp;&nbsp;\n<p>\u201cO futuro de nossa sociedade depende da boa forma\u00e7\u00e3o de nossos jovens de hoje. Nem sempre, os jovens t\u00eam as melhores condi\u00e7\u00f5es para se desenvolverem. Por isso, com o projeto \u201cOl\u00e1, Mundo!\u201d, buscamos fazer a nossa parte e atuar para construir uma sociedade melhor. Isso faz parte da nossa cultura e dos nossos valores\u201d, afirma Adilson Dezoto, vice-presidente de Produ\u00e7\u00e3o e Log\u00edstica da MAN Latin America e representante da empresa na premia\u00e7\u00e3o.<\/p>&nbsp;&nbsp;\n<p><strong>Apoio internacional da Volkswagen<\/strong><br \/>O projeto \u201cOl\u00e1, Mundo!\u201d ganhou proje\u00e7\u00e3o internacional dentro do Grupo Volkswagen e, com isso, conseguiu alavancar ainda mais as atividades da Ema\u00fas, que agora conta tamb\u00e9m com um conv\u00eanio com o Comit\u00ea Mundial de Trabalhadores da Volkswagen, atrav\u00e9s da ONG T\u00e9rre des Hommes, para aumentar os recursos e dar continuidade ao programa. Al\u00e9m de melhorias na infraestrutura de suas instala\u00e7\u00f5es j\u00e1 proporcionadas pela MAN Latin America, o conv\u00eanio d\u00e1 um passo adiante para criar condi\u00e7\u00f5es sustent\u00e1veis para as atividades da Ema\u00fas.<\/p>&nbsp;&nbsp;\n<p><a href=\"https:\/\/www.vwco.com.br\/uploads\/ckeditor\/5b15875bcedf5.jpeg\"><img decoding=\"async\" src=\"data:image\/gif;base64,R0lGODlhAQABAIAAAAAAAP\/\/\/ywAAAAAAQABAAACAUwAOw==\" fifu-lazy=\"1\" fifu-data-sizes=\"auto\" fifu-data-srcset=\"https:\/\/i0.wp.com\/www.vwco.com.br\/uploads\/ckeditor\/5b15875bcedf5.jpeg?ssl=1&w=75&resize=75&ssl=1 75w, https:\/\/i0.wp.com\/www.vwco.com.br\/uploads\/ckeditor\/5b15875bcedf5.jpeg?ssl=1&w=100&resize=100&ssl=1 100w, https:\/\/i0.wp.com\/www.vwco.com.br\/uploads\/ckeditor\/5b15875bcedf5.jpeg?ssl=1&w=150&resize=150&ssl=1 150w, https:\/\/i0.wp.com\/www.vwco.com.br\/uploads\/ckeditor\/5b15875bcedf5.jpeg?ssl=1&w=240&resize=240&ssl=1 240w, https:\/\/i0.wp.com\/www.vwco.com.br\/uploads\/ckeditor\/5b15875bcedf5.jpeg?ssl=1&w=320&resize=320&ssl=1 320w, https:\/\/i0.wp.com\/www.vwco.com.br\/uploads\/ckeditor\/5b15875bcedf5.jpeg?ssl=1&w=500&resize=500&ssl=1 500w, https:\/\/i0.wp.com\/www.vwco.com.br\/uploads\/ckeditor\/5b15875bcedf5.jpeg?ssl=1&w=640&resize=640&ssl=1 640w, https:\/\/i0.wp.com\/www.vwco.com.br\/uploads\/ckeditor\/5b15875bcedf5.jpeg?ssl=1&w=800&resize=800&ssl=1 800w, https:\/\/i0.wp.com\/www.vwco.com.br\/uploads\/ckeditor\/5b15875bcedf5.jpeg?ssl=1&w=1024&resize=1024&ssl=1 1024w, https:\/\/i0.wp.com\/www.vwco.com.br\/uploads\/ckeditor\/5b15875bcedf5.jpeg?ssl=1&w=1280&resize=1280&ssl=1 1280w, https:\/\/i0.wp.com\/www.vwco.com.br\/uploads\/ckeditor\/5b15875bcedf5.jpeg?ssl=1&w=1600&resize=1600&ssl=1 1600w\" alt fifu-data-src=\"https:\/\/i0.wp.com\/www.vwco.com.br\/uploads\/ckeditor\/5b15875bcedf5.jpeg?ssl=1\"><\/a>&nbsp;<a href=\"https:\/\/www.vwco.com.br\/uploads\/ckeditor\/5b158771e7f30.jpeg\"><img decoding=\"async\" src=\"data:image\/gif;base64,R0lGODlhAQABAIAAAAAAAP\/\/\/ywAAAAAAQABAAACAUwAOw==\" fifu-lazy=\"1\" fifu-data-sizes=\"auto\" fifu-data-srcset=\"https:\/\/i3.wp.com\/www.vwco.com.br\/uploads\/ckeditor\/5b158771e7f30.jpeg?ssl=1&w=75&resize=75&ssl=1 75w, https:\/\/i3.wp.com\/www.vwco.com.br\/uploads\/ckeditor\/5b158771e7f30.jpeg?ssl=1&w=100&resize=100&ssl=1 100w, https:\/\/i3.wp.com\/www.vwco.com.br\/uploads\/ckeditor\/5b158771e7f30.jpeg?ssl=1&w=150&resize=150&ssl=1 150w, https:\/\/i3.wp.com\/www.vwco.com.br\/uploads\/ckeditor\/5b158771e7f30.jpeg?ssl=1&w=240&resize=240&ssl=1 240w, https:\/\/i3.wp.com\/www.vwco.com.br\/uploads\/ckeditor\/5b158771e7f30.jpeg?ssl=1&w=320&resize=320&ssl=1 320w, https:\/\/i3.wp.com\/www.vwco.com.br\/uploads\/ckeditor\/5b158771e7f30.jpeg?ssl=1&w=500&resize=500&ssl=1 500w, https:\/\/i3.wp.com\/www.vwco.com.br\/uploads\/ckeditor\/5b158771e7f30.jpeg?ssl=1&w=640&resize=640&ssl=1 640w, https:\/\/i3.wp.com\/www.vwco.com.br\/uploads\/ckeditor\/5b158771e7f30.jpeg?ssl=1&w=800&resize=800&ssl=1 800w, https:\/\/i3.wp.com\/www.vwco.com.br\/uploads\/ckeditor\/5b158771e7f30.jpeg?ssl=1&w=1024&resize=1024&ssl=1 1024w, https:\/\/i3.wp.com\/www.vwco.com.br\/uploads\/ckeditor\/5b158771e7f30.jpeg?ssl=1&w=1280&resize=1280&ssl=1 1280w, https:\/\/i3.wp.com\/www.vwco.com.br\/uploads\/ckeditor\/5b158771e7f30.jpeg?ssl=1&w=1600&resize=1600&ssl=1 1600w\" alt fifu-data-src=\"https:\/\/i3.wp.com\/www.vwco.com.br\/uploads\/ckeditor\/5b158771e7f30.jpeg?ssl=1\"><\/a><\/p>\n","protected":false},"excerpt":{"rendered":"<p>A MAN Latin America foi homenageada com o Pr\u00eamio Lions por seu trabalho social desenvolvido&#8230;<\/p>\n","protected":false},"author":1,"featured_media":0,"comment_status":"open","ping_status":"open","sticky":false,"template":"","format":"standard","meta":{"fifu_image_url":"","fifu_image_alt":"","footnotes":""},"categories":[727],"tags":[],"class_list":["post-76144","post","type-post","status-publish","format-standard","hentry","category-noticias","wpcat-727-id"],"_links":{"self":[{"href":"https:\/\/verde-amarelo.net\/verdeamarelo\/wp-json\/wp\/v2\/posts\/76144","targetHints":{"allow":["GET"]}}],"collection":[{"href":"https:\/\/verde-amarelo.net\/verdeamarelo\/wp-json\/wp\/v2\/posts"}],"about":[{"href":"https:\/\/verde-amarelo.net\/verdeamarelo\/wp-json\/wp\/v2\/types\/post"}],"author":[{"embeddable":true,"href":"https:\/\/verde-amarelo.net\/verdeamarelo\/wp-json\/wp\/v2\/users\/1"}],"replies":[{"embeddable":true,"href":"https:\/\/verde-amarelo.net\/verdeamarelo\/wp-json\/wp\/v2\/comments?post=76144"}],"version-history":[{"count":0,"href":"https:\/\/verde-amarelo.net\/verdeamarelo\/wp-json\/wp\/v2\/posts\/76144\/revisions"}],"wp:attachment":[{"href":"https:\/\/verde-amarelo.net\/verdeamarelo\/wp-json\/wp\/v2\/media?parent=76144"}],"wp:term":[{"taxonomy":"category","embeddable":true,"href":"https:\/\/verde-amarelo.net\/verdeamarelo\/wp-json\/wp\/v2\/categories?post=76144"},{"taxonomy":"post_tag","embeddable":true,"href":"https:\/\/verde-amarelo.net\/verdeamarelo\/wp-json\/wp\/v2\/tags?post=76144"}],"curies":[{"name":"wp","href":"https:\/\/api.w.org\/{rel}","templated":true}]}}