{"id":76169,"date":"2019-10-28T16:48:00","date_gmt":"2019-10-28T19:48:00","guid":{"rendered":"https:\/\/verde-amarelo.net\/verdeamarelo\/2019\/10\/designers-da-nissan-escolhem-melhores-trabalhos-de-curso-design-automotivo-do-istituto-europeo-di-design-ied\/"},"modified":"2019-10-28T16:48:00","modified_gmt":"2019-10-28T19:48:00","slug":"designers-da-nissan-escolhem-melhores-trabalhos-de-curso-design-automotivo-do-istituto-europeo-di-design-ied","status":"publish","type":"post","link":"https:\/\/verde-amarelo.net\/verdeamarelo\/2019\/10\/designers-da-nissan-escolhem-melhores-trabalhos-de-curso-design-automotivo-do-istituto-europeo-di-design-ied\/","title":{"rendered":"Designers da Nissan escolhem melhores trabalhos de curso design automotivo do Istituto Europeo di Design (IED)"},"content":{"rendered":"<div><img decoding=\"async\" src=\"data:image\/gif;base64,R0lGODlhAQABAIAAAAAAAP\/\/\/ywAAAAAAQABAAACAUwAOw==\" fifu-lazy=\"1\" fifu-data-sizes=\"auto\" fifu-data-srcset=\"https:\/\/i0.wp.com\/wieck-nissanao-production.s3.amazonaws.com\/photos\/03b4cc239ff3acdcca0e9c552a0b2ee3eb3304af\/thumbnail-364x204.jpg?ssl=1&w=75&resize=75&ssl=1 75w, https:\/\/i0.wp.com\/wieck-nissanao-production.s3.amazonaws.com\/photos\/03b4cc239ff3acdcca0e9c552a0b2ee3eb3304af\/thumbnail-364x204.jpg?ssl=1&w=100&resize=100&ssl=1 100w, https:\/\/i0.wp.com\/wieck-nissanao-production.s3.amazonaws.com\/photos\/03b4cc239ff3acdcca0e9c552a0b2ee3eb3304af\/thumbnail-364x204.jpg?ssl=1&w=150&resize=150&ssl=1 150w, https:\/\/i0.wp.com\/wieck-nissanao-production.s3.amazonaws.com\/photos\/03b4cc239ff3acdcca0e9c552a0b2ee3eb3304af\/thumbnail-364x204.jpg?ssl=1&w=240&resize=240&ssl=1 240w, https:\/\/i0.wp.com\/wieck-nissanao-production.s3.amazonaws.com\/photos\/03b4cc239ff3acdcca0e9c552a0b2ee3eb3304af\/thumbnail-364x204.jpg?ssl=1&w=320&resize=320&ssl=1 320w, https:\/\/i0.wp.com\/wieck-nissanao-production.s3.amazonaws.com\/photos\/03b4cc239ff3acdcca0e9c552a0b2ee3eb3304af\/thumbnail-364x204.jpg?ssl=1&w=500&resize=500&ssl=1 500w, https:\/\/i0.wp.com\/wieck-nissanao-production.s3.amazonaws.com\/photos\/03b4cc239ff3acdcca0e9c552a0b2ee3eb3304af\/thumbnail-364x204.jpg?ssl=1&w=640&resize=640&ssl=1 640w, https:\/\/i0.wp.com\/wieck-nissanao-production.s3.amazonaws.com\/photos\/03b4cc239ff3acdcca0e9c552a0b2ee3eb3304af\/thumbnail-364x204.jpg?ssl=1&w=800&resize=800&ssl=1 800w, https:\/\/i0.wp.com\/wieck-nissanao-production.s3.amazonaws.com\/photos\/03b4cc239ff3acdcca0e9c552a0b2ee3eb3304af\/thumbnail-364x204.jpg?ssl=1&w=1024&resize=1024&ssl=1 1024w, https:\/\/i0.wp.com\/wieck-nissanao-production.s3.amazonaws.com\/photos\/03b4cc239ff3acdcca0e9c552a0b2ee3eb3304af\/thumbnail-364x204.jpg?ssl=1&w=1280&resize=1280&ssl=1 1280w, https:\/\/i0.wp.com\/wieck-nissanao-production.s3.amazonaws.com\/photos\/03b4cc239ff3acdcca0e9c552a0b2ee3eb3304af\/thumbnail-364x204.jpg?ssl=1&w=1600&resize=1600&ssl=1 1600w\" fifu-data-src=\"https:\/\/i0.wp.com\/wieck-nissanao-production.s3.amazonaws.com\/photos\/03b4cc239ff3acdcca0e9c552a0b2ee3eb3304af\/thumbnail-364x204.jpg?ssl=1\" class=\"ff-og-image-inserted\"><\/div>\n<p class=\"publication\"><time class=\"pub-date\" datetime=\"2019-10-28T16:48:00Z\">Outubro 28, 2019<\/time><\/p>\n<ul>\n<li><em>Iniciado em outubro do ano passado, foi patrocinado pela marca japonesa&nbsp;<\/em><\/li>\n<li><em>Profissionais do Est\u00fadio de Design da Nissan na Am\u00e9rica Latina selecionaram os tr\u00eas melhores trabalhos em duas categorias<\/em><\/li>\n<\/ul>\n<p><strong>RIO DE JANEIRO<\/strong> \u2013 A conclus\u00e3o do curso de Design Automotivo, oferecido no Istituto Europeo di Design (IED) e que tem patroc\u00ednio da Nissan, contou com profissionais Est\u00fadio de Design da Nissan na Am\u00e9rica Latina, sediado em S\u00e3o Paulo. Os designers da marca selecionaram os tr\u00eas melhores trabalhos em duas categorias.&nbsp;<\/p>\n<p>Para concluir o curso, os estudantes do curso voltado para o design da ind\u00fastria automobil\u00edstica foram desafiados a criar dois projetos para a Nissan. O primeiro era focado na cria\u00e7\u00e3o de carros esportivos el\u00e9tricos que disputariam a famosa corrida francesa 24 horas de Le Mans no ano de 2050. O outro projeto pedia um novo carro do segmento B (carros compactos) para um futuro pr\u00f3ximo.<\/p>&nbsp;&nbsp;\n<p>Os trabalhos selecionados na categoria do esportivo el\u00e9trico de 2050 foram dos estudantes Pedro Morassutti, Paulo Oliveira e Ivor Braga. Na segunda categoria, os mais admirados pelos designers da Nissan foram Felipe Mazzeo, Pedro Ark\u00e1 e Henrique Lohmann.&nbsp;<\/p>\n<p>Os seis escolhidos conhecer\u00e3o o The Box, nome do Est\u00fadio de Design da Nissan na Am\u00e9rica Latina que tem como objetivo ser um laborat\u00f3rio criativo para pensar solu\u00e7\u00f5es para o futuro da mobilidade do ponto de vista do design. Al\u00e9m disso, os designers da Nissan dar\u00e3o conselhos futuros sobre a profiss\u00e3o.<\/p>&nbsp;&nbsp;\n<p>\u201c\u00c9 sempre importante estar em contato com as gera\u00e7\u00f5es mais jovens para entender suas paix\u00f5es e desejos\u201d, afirma John Sahs, chefe do Est\u00fadio de Design da Nissan na Am\u00e9rica Latina. \u201cDurante esse ano de curso os nossos designers forneceram suporte para os alunos. Queremos acompanhar de perto os talentos futuros\u201d, completa.<\/p>&nbsp;&nbsp;\n<p><strong>Parceria Nissan e IED<\/strong><\/p>\n<p>A Nissan e o Istituto Europeo di Design t\u00eam uma rela\u00e7\u00e3o bastante pr\u00f3xima no Brasil. Em 2011, a marca japonesa de autom\u00f3veis apoiou o primeiro curso de Design Automotivo do IED SP. Na \u00e9poca, oito alunos do programa foram desafiados a criar carros da linha 2025 da Nissan, com a supervis\u00e3o de designers da marca. No final deste curso, eles apresentaram seus projetos para Shiro Nakamura, ex-chefe global de Design da Nissan, e para o ent\u00e3o vice-presidente do est\u00fadio Nissan Design Am\u00e9rica (NDA), Alfonso Albaisa, hoje respons\u00e1vel global pelo design das marcas Nissan, Infiniti e Datsun.<\/p>&nbsp;&nbsp;\n<p>J\u00e1 na inaugura\u00e7\u00e3o do Est\u00fadio Sat\u00e9lite de Design, no Brasil, em 2014, o vice-presidente do est\u00fadio Nissan Design Am\u00e9ricas (NDA), Taro Ueda, esteve no pa\u00eds e ministrou uma palestra para 70 estudantes no Istituto Europeo di Design \u2013 IED Rio e conduziu workshops.<\/p>&nbsp;&nbsp;\n<p>No ano passado, a Nissan e o IED se uniram para oferecer oportunidades a jovens designers brasileiros que n\u00e3o tinham condi\u00e7\u00f5es de custear 100% do curso de Design Automotivo ao oferecer bolas de estudo.<\/p>&nbsp;&nbsp;\n<p align=\"center\"># # #<\/p>\n","protected":false},"excerpt":{"rendered":"<p>Outubro 28, 2019 Iniciado em outubro do ano passado, foi patrocinado pela marca japonesa&nbsp; Profissionais&#8230;<\/p>\n","protected":false},"author":1,"featured_media":0,"comment_status":"open","ping_status":"open","sticky":false,"template":"","format":"standard","meta":{"fifu_image_url":"","fifu_image_alt":"","footnotes":""},"categories":[727],"tags":[],"class_list":["post-76169","post","type-post","status-publish","format-standard","hentry","category-noticias","wpcat-727-id"],"_links":{"self":[{"href":"https:\/\/verde-amarelo.net\/verdeamarelo\/wp-json\/wp\/v2\/posts\/76169","targetHints":{"allow":["GET"]}}],"collection":[{"href":"https:\/\/verde-amarelo.net\/verdeamarelo\/wp-json\/wp\/v2\/posts"}],"about":[{"href":"https:\/\/verde-amarelo.net\/verdeamarelo\/wp-json\/wp\/v2\/types\/post"}],"author":[{"embeddable":true,"href":"https:\/\/verde-amarelo.net\/verdeamarelo\/wp-json\/wp\/v2\/users\/1"}],"replies":[{"embeddable":true,"href":"https:\/\/verde-amarelo.net\/verdeamarelo\/wp-json\/wp\/v2\/comments?post=76169"}],"version-history":[{"count":0,"href":"https:\/\/verde-amarelo.net\/verdeamarelo\/wp-json\/wp\/v2\/posts\/76169\/revisions"}],"wp:attachment":[{"href":"https:\/\/verde-amarelo.net\/verdeamarelo\/wp-json\/wp\/v2\/media?parent=76169"}],"wp:term":[{"taxonomy":"category","embeddable":true,"href":"https:\/\/verde-amarelo.net\/verdeamarelo\/wp-json\/wp\/v2\/categories?post=76169"},{"taxonomy":"post_tag","embeddable":true,"href":"https:\/\/verde-amarelo.net\/verdeamarelo\/wp-json\/wp\/v2\/tags?post=76169"}],"curies":[{"name":"wp","href":"https:\/\/api.w.org\/{rel}","templated":true}]}}