{"id":76171,"date":"2018-05-24T17:12:24","date_gmt":"2018-05-24T20:12:24","guid":{"rendered":"https:\/\/verde-amarelo.net\/verdeamarelo\/2018\/05\/volkswagen-caminhoes-apresenta-constellation-24-260-compactor-e-amplia-linha-de-coleta-de-residuos\/"},"modified":"2018-05-24T17:12:24","modified_gmt":"2018-05-24T20:12:24","slug":"volkswagen-caminhoes-apresenta-constellation-24-260-compactor-e-amplia-linha-de-coleta-de-residuos","status":"publish","type":"post","link":"https:\/\/verde-amarelo.net\/verdeamarelo\/2018\/05\/volkswagen-caminhoes-apresenta-constellation-24-260-compactor-e-amplia-linha-de-coleta-de-residuos\/","title":{"rendered":"Volkswagen Caminh\u00f5es apresenta Constellation 24.260 Compactor e amplia linha de coleta de res\u00edduos"},"content":{"rendered":"<p><em>L\u00edder no segmento h\u00e1 mais de cinco anos consecutivos, fabricante tem o maior portf\u00f3lio destinado \u00e0 limpeza urbana<\/em><\/p>\n<p>Um estreante de peso acaba de chegar \u00e0 fam\u00edlia de vocacionais da VW Caminh\u00f5es: o Constellation 24.260 Compactor. O modelo traz ainda mais robustez \u00e0s opera\u00e7\u00f5es de limpeza urbana, com o 3\u00ba eixo pusher, que n\u00e3o perde a tra\u00e7\u00e3o mesmo em vias de dif\u00edcil acesso, topografia acidentada e muitos aclives. O modelo \u00e9 equipado ainda com caixa compactadora de 19m\u00b3, que potencializa o transporte de res\u00edduos a cada viagem.<\/p>&nbsp;&nbsp;\n<p>Os caminh\u00f5es Volkswagen lideram h\u00e1 mais de cinco anos consecutivos o segmento de coleta de res\u00edduos. Apenas no ano passado, mais de 40% das vendas para essa opera\u00e7\u00e3o em todo o pa\u00eds foram de modelos VW.<\/p>&nbsp;&nbsp;\n<p>A motoriza\u00e7\u00e3o \u00e9 destaque: com 256 cavalos de pot\u00eancia e torque de 900 Nm, o propulsor MAN D08 traz a confiabilidade e robustez consagradas no mercado, al\u00e9m da tecnologia EGR, que tamb\u00e9m est\u00e1 entre as exclusividades dos caminh\u00f5es Volkswagen no mercado de coleta de res\u00edduos e agrega benef\u00edcios \u00e0 aplica\u00e7\u00e3o.<\/p>&nbsp;&nbsp;\n<p>Al\u00e9m da redu\u00e7\u00e3o no custo operacional por n\u00e3o requerer o abastecimento com Arla 32, proporciona um melhor aproveitamento do espa\u00e7o no chassi, sem interferir no encarro\u00e7amento, e n\u00e3o agrega peso significativo ao ve\u00edculo. H\u00e1 ainda a op\u00e7\u00e3o de tomada Repto para compacta\u00e7\u00e3o de cargas em movimento.<\/p>&nbsp;&nbsp;\n<p>A linha de caminh\u00f5es Volkswagen Compactor conta ainda com itens espec\u00edficos para a aplica\u00e7\u00e3o de coleta de res\u00edduos, tais como banco para tr\u00eas passageiros, manetim para partida em rampa, espelhos retrovisores de duplo foco, espelho auxiliar de manobra, escapamento vertical e para-choque curto e refor\u00e7ado, al\u00e9m da op\u00e7\u00e3o da transmiss\u00e3o autom\u00e1tica. A linha Compactor tamb\u00e9m oferece o chicote el\u00e9trico para cargas adicionais j\u00e1 instalado de f\u00e1brica, facilitando e agilizando a instala\u00e7\u00e3o do implemento.<\/p>&nbsp;&nbsp;\n<p>\u201cA fam\u00edlia Compactor oferece, al\u00e9m do maior portf\u00f3lio do mercado, a maior variedade de caracter\u00edsticas poss\u00edveis na configura\u00e7\u00e3o de cada modelo. Assim, o cliente tem \u00e0 disposi\u00e7\u00e3o ve\u00edculos sob medida, levando-se em conta as especificidades desse nicho\u201d, afirma Andria Giusti, engenheira de Marketing do Produto da MAN Latin America.<\/p>&nbsp;&nbsp;\n<p><a href=\"https:\/\/www.vwco.com.br\/uploads\/ckeditor\/5b06f2b61b132.jpeg\"><img decoding=\"async\" src=\"data:image\/gif;base64,R0lGODlhAQABAIAAAAAAAP\/\/\/ywAAAAAAQABAAACAUwAOw==\" fifu-lazy=\"1\" fifu-data-sizes=\"auto\" fifu-data-srcset=\"https:\/\/i1.wp.com\/www.vwco.com.br\/uploads\/ckeditor\/5b06f2b61b132.jpeg?ssl=1&w=75&resize=75&ssl=1 75w, https:\/\/i1.wp.com\/www.vwco.com.br\/uploads\/ckeditor\/5b06f2b61b132.jpeg?ssl=1&w=100&resize=100&ssl=1 100w, https:\/\/i1.wp.com\/www.vwco.com.br\/uploads\/ckeditor\/5b06f2b61b132.jpeg?ssl=1&w=150&resize=150&ssl=1 150w, https:\/\/i1.wp.com\/www.vwco.com.br\/uploads\/ckeditor\/5b06f2b61b132.jpeg?ssl=1&w=240&resize=240&ssl=1 240w, https:\/\/i1.wp.com\/www.vwco.com.br\/uploads\/ckeditor\/5b06f2b61b132.jpeg?ssl=1&w=320&resize=320&ssl=1 320w, https:\/\/i1.wp.com\/www.vwco.com.br\/uploads\/ckeditor\/5b06f2b61b132.jpeg?ssl=1&w=500&resize=500&ssl=1 500w, https:\/\/i1.wp.com\/www.vwco.com.br\/uploads\/ckeditor\/5b06f2b61b132.jpeg?ssl=1&w=640&resize=640&ssl=1 640w, https:\/\/i1.wp.com\/www.vwco.com.br\/uploads\/ckeditor\/5b06f2b61b132.jpeg?ssl=1&w=800&resize=800&ssl=1 800w, https:\/\/i1.wp.com\/www.vwco.com.br\/uploads\/ckeditor\/5b06f2b61b132.jpeg?ssl=1&w=1024&resize=1024&ssl=1 1024w, https:\/\/i1.wp.com\/www.vwco.com.br\/uploads\/ckeditor\/5b06f2b61b132.jpeg?ssl=1&w=1280&resize=1280&ssl=1 1280w, https:\/\/i1.wp.com\/www.vwco.com.br\/uploads\/ckeditor\/5b06f2b61b132.jpeg?ssl=1&w=1600&resize=1600&ssl=1 1600w\" alt height=\"245\" fifu-data-src=\"https:\/\/i1.wp.com\/www.vwco.com.br\/uploads\/ckeditor\/5b06f2b61b132.jpeg?ssl=1\" width=\"327\"><\/a><\/p>\n","protected":false},"excerpt":{"rendered":"<p>L\u00edder no segmento h\u00e1 mais de cinco anos consecutivos, fabricante tem o maior portf\u00f3lio destinado&#8230;<\/p>\n","protected":false},"author":1,"featured_media":0,"comment_status":"open","ping_status":"open","sticky":false,"template":"","format":"standard","meta":{"fifu_image_url":"","fifu_image_alt":"","footnotes":""},"categories":[727],"tags":[],"class_list":["post-76171","post","type-post","status-publish","format-standard","hentry","category-noticias","wpcat-727-id"],"_links":{"self":[{"href":"https:\/\/verde-amarelo.net\/verdeamarelo\/wp-json\/wp\/v2\/posts\/76171","targetHints":{"allow":["GET"]}}],"collection":[{"href":"https:\/\/verde-amarelo.net\/verdeamarelo\/wp-json\/wp\/v2\/posts"}],"about":[{"href":"https:\/\/verde-amarelo.net\/verdeamarelo\/wp-json\/wp\/v2\/types\/post"}],"author":[{"embeddable":true,"href":"https:\/\/verde-amarelo.net\/verdeamarelo\/wp-json\/wp\/v2\/users\/1"}],"replies":[{"embeddable":true,"href":"https:\/\/verde-amarelo.net\/verdeamarelo\/wp-json\/wp\/v2\/comments?post=76171"}],"version-history":[{"count":0,"href":"https:\/\/verde-amarelo.net\/verdeamarelo\/wp-json\/wp\/v2\/posts\/76171\/revisions"}],"wp:attachment":[{"href":"https:\/\/verde-amarelo.net\/verdeamarelo\/wp-json\/wp\/v2\/media?parent=76171"}],"wp:term":[{"taxonomy":"category","embeddable":true,"href":"https:\/\/verde-amarelo.net\/verdeamarelo\/wp-json\/wp\/v2\/categories?post=76171"},{"taxonomy":"post_tag","embeddable":true,"href":"https:\/\/verde-amarelo.net\/verdeamarelo\/wp-json\/wp\/v2\/tags?post=76171"}],"curies":[{"name":"wp","href":"https:\/\/api.w.org\/{rel}","templated":true}]}}