{"id":76172,"date":"2018-05-22T13:56:29","date_gmt":"2018-05-22T16:56:29","guid":{"rendered":"https:\/\/verde-amarelo.net\/verdeamarelo\/2018\/05\/concessionaria-belcar-caminhoes-completa-35-anos-de-historia-com-a-man-latin-america\/"},"modified":"2018-05-22T13:56:29","modified_gmt":"2018-05-22T16:56:29","slug":"concessionaria-belcar-caminhoes-completa-35-anos-de-historia-com-a-man-latin-america","status":"publish","type":"post","link":"https:\/\/verde-amarelo.net\/verdeamarelo\/2018\/05\/concessionaria-belcar-caminhoes-completa-35-anos-de-historia-com-a-man-latin-america\/","title":{"rendered":"Concession\u00e1ria Belcar Caminh\u00f5es completa 35 anos de hist\u00f3ria com a MAN Latin America"},"content":{"rendered":"<p>Localizada em Goi\u00e2nia (GO), a Belcar Caminh\u00f5es e \u00d4nibus \u00e9 desde 1983 uma concession\u00e1ria MAN Latin America. Recebeu pela primeira vez o pr\u00eamio de empresa do ano em 1990, prova de reconhecimento pela sua atua\u00e7\u00e3o destacada entre todas as concession\u00e1rias Volkswagen da regi\u00e3o, na comercializa\u00e7\u00e3o de ve\u00edculos, pe\u00e7as originais e assist\u00eancia t\u00e9cnica. Esta premia\u00e7\u00e3o se repetiu por mais quatro anos.<\/p>&nbsp;&nbsp;\n<p>\u201cQuando come\u00e7amos a representar a Volkswagen Caminh\u00f5es, a montadora era novidade n\u00e3o s\u00f3 no Brasil, mas no mundo. Foi preciso romper essa barreira do desconhecimento, o que demandou muito trabalho. Hoje, 35 anos depois colhemos o fruto de todo esfor\u00e7o aplicado atrav\u00e9s do reconhecimento da Belcar Caminh\u00f5es\u201d, comenta Jos\u00e9 Gedda Neto, diretor geral da Belcar Caminh\u00f5es e \u00d4nibus.<\/p>&nbsp;&nbsp;\n<p>Uma das primeiras vit\u00f3rias da Belcar Caminh\u00f5es veio em 1985, com a venda de 150 caminh\u00f5es numa mesma negocia\u00e7\u00e3o. Dali em diante a Belcar Caminh\u00f5es n\u00e3o parou mais e vendeu mais de 300 unidades de uma s\u00f3 vez para prefeituras em Goi\u00e1s.<\/p>&nbsp;&nbsp;\n<p>A Belcar Caminh\u00f5es est\u00e1 estrategicamente instalada \u00e0s margens da BR 153, rodovia com grande fluxo de caminh\u00f5es. E a apenas 20 minutos de dist\u00e2ncia do Centro de Goi\u00e2nia. Em 2003, abriu sua primeira filial na cidade de Itumbiara (GO).<\/p>&nbsp;&nbsp;\n<p>\u201cTemos uma parceria fidelizada com a Belcar Caminh\u00f5es no estado de Goi\u00e1s, s\u00e3o 35 anos que representam perfeitamente o DNA da MAN Latin America:&nbsp; atender sob medida cada necessidade do cliente. Confiamos o sucesso da marca \u00e0 nossa rede concession\u00e1rios, composta por 150 casas em todo o Brasil\u201d, destaca Ricardo Alouche, vice-presidente de Vendas, Marketing e P\u00f3s-Vendas da MAN Latin America.<\/p>&nbsp;&nbsp;\n<p>Premiada diversas vezes por suas iniciativas em responsabilidade socioambiental, a Belcar Caminh\u00f5es ainda mant\u00e9m um programa de Qualidade de Vida do Trabalhador, contribuindo para o desenvolvimento profissional de seus colaboradores.<\/p>&nbsp;&nbsp;\n<p><a href=\"https:\/\/www.vwco.com.br\/uploads\/ckeditor\/5b04224dbb263.jpeg\"><img decoding=\"async\" src=\"data:image\/gif;base64,R0lGODlhAQABAIAAAAAAAP\/\/\/ywAAAAAAQABAAACAUwAOw==\" fifu-lazy=\"1\" fifu-data-sizes=\"auto\" fifu-data-srcset=\"https:\/\/i1.wp.com\/www.vwco.com.br\/uploads\/ckeditor\/5b04224dbb263.jpeg?ssl=1&w=75&resize=75&ssl=1 75w, https:\/\/i1.wp.com\/www.vwco.com.br\/uploads\/ckeditor\/5b04224dbb263.jpeg?ssl=1&w=100&resize=100&ssl=1 100w, https:\/\/i1.wp.com\/www.vwco.com.br\/uploads\/ckeditor\/5b04224dbb263.jpeg?ssl=1&w=150&resize=150&ssl=1 150w, https:\/\/i1.wp.com\/www.vwco.com.br\/uploads\/ckeditor\/5b04224dbb263.jpeg?ssl=1&w=240&resize=240&ssl=1 240w, https:\/\/i1.wp.com\/www.vwco.com.br\/uploads\/ckeditor\/5b04224dbb263.jpeg?ssl=1&w=320&resize=320&ssl=1 320w, https:\/\/i1.wp.com\/www.vwco.com.br\/uploads\/ckeditor\/5b04224dbb263.jpeg?ssl=1&w=500&resize=500&ssl=1 500w, https:\/\/i1.wp.com\/www.vwco.com.br\/uploads\/ckeditor\/5b04224dbb263.jpeg?ssl=1&w=640&resize=640&ssl=1 640w, https:\/\/i1.wp.com\/www.vwco.com.br\/uploads\/ckeditor\/5b04224dbb263.jpeg?ssl=1&w=800&resize=800&ssl=1 800w, https:\/\/i1.wp.com\/www.vwco.com.br\/uploads\/ckeditor\/5b04224dbb263.jpeg?ssl=1&w=1024&resize=1024&ssl=1 1024w, https:\/\/i1.wp.com\/www.vwco.com.br\/uploads\/ckeditor\/5b04224dbb263.jpeg?ssl=1&w=1280&resize=1280&ssl=1 1280w, https:\/\/i1.wp.com\/www.vwco.com.br\/uploads\/ckeditor\/5b04224dbb263.jpeg?ssl=1&w=1600&resize=1600&ssl=1 1600w\" alt height=\"234\" fifu-data-src=\"https:\/\/i1.wp.com\/www.vwco.com.br\/uploads\/ckeditor\/5b04224dbb263.jpeg?ssl=1\" width=\"349\"><\/a>&nbsp; <a href=\"https:\/\/www.vwco.com.br\/uploads\/ckeditor\/5b042294a48b3.jpeg\"><img decoding=\"async\" src=\"data:image\/gif;base64,R0lGODlhAQABAIAAAAAAAP\/\/\/ywAAAAAAQABAAACAUwAOw==\" fifu-lazy=\"1\" fifu-data-sizes=\"auto\" fifu-data-srcset=\"https:\/\/i0.wp.com\/www.vwco.com.br\/uploads\/ckeditor\/5b042294a48b3.jpeg?ssl=1&w=75&resize=75&ssl=1 75w, https:\/\/i0.wp.com\/www.vwco.com.br\/uploads\/ckeditor\/5b042294a48b3.jpeg?ssl=1&w=100&resize=100&ssl=1 100w, https:\/\/i0.wp.com\/www.vwco.com.br\/uploads\/ckeditor\/5b042294a48b3.jpeg?ssl=1&w=150&resize=150&ssl=1 150w, https:\/\/i0.wp.com\/www.vwco.com.br\/uploads\/ckeditor\/5b042294a48b3.jpeg?ssl=1&w=240&resize=240&ssl=1 240w, https:\/\/i0.wp.com\/www.vwco.com.br\/uploads\/ckeditor\/5b042294a48b3.jpeg?ssl=1&w=320&resize=320&ssl=1 320w, https:\/\/i0.wp.com\/www.vwco.com.br\/uploads\/ckeditor\/5b042294a48b3.jpeg?ssl=1&w=500&resize=500&ssl=1 500w, https:\/\/i0.wp.com\/www.vwco.com.br\/uploads\/ckeditor\/5b042294a48b3.jpeg?ssl=1&w=640&resize=640&ssl=1 640w, https:\/\/i0.wp.com\/www.vwco.com.br\/uploads\/ckeditor\/5b042294a48b3.jpeg?ssl=1&w=800&resize=800&ssl=1 800w, https:\/\/i0.wp.com\/www.vwco.com.br\/uploads\/ckeditor\/5b042294a48b3.jpeg?ssl=1&w=1024&resize=1024&ssl=1 1024w, https:\/\/i0.wp.com\/www.vwco.com.br\/uploads\/ckeditor\/5b042294a48b3.jpeg?ssl=1&w=1280&resize=1280&ssl=1 1280w, https:\/\/i0.wp.com\/www.vwco.com.br\/uploads\/ckeditor\/5b042294a48b3.jpeg?ssl=1&w=1600&resize=1600&ssl=1 1600w\" alt height=\"237\" fifu-data-src=\"https:\/\/i0.wp.com\/www.vwco.com.br\/uploads\/ckeditor\/5b042294a48b3.jpeg?ssl=1\" width=\"293\"><\/a><\/p>\n<p>&nbsp;&nbsp; <a href=\"https:\/\/www.vwco.com.br\/uploads\/ckeditor\/5b0422ef7e12a.jpeg\"><img decoding=\"async\" src=\"data:image\/gif;base64,R0lGODlhAQABAIAAAAAAAP\/\/\/ywAAAAAAQABAAACAUwAOw==\" fifu-lazy=\"1\" fifu-data-sizes=\"auto\" fifu-data-srcset=\"https:\/\/i2.wp.com\/www.vwco.com.br\/uploads\/ckeditor\/5b0422ef7e12a.jpeg?ssl=1&w=75&resize=75&ssl=1 75w, https:\/\/i2.wp.com\/www.vwco.com.br\/uploads\/ckeditor\/5b0422ef7e12a.jpeg?ssl=1&w=100&resize=100&ssl=1 100w, https:\/\/i2.wp.com\/www.vwco.com.br\/uploads\/ckeditor\/5b0422ef7e12a.jpeg?ssl=1&w=150&resize=150&ssl=1 150w, https:\/\/i2.wp.com\/www.vwco.com.br\/uploads\/ckeditor\/5b0422ef7e12a.jpeg?ssl=1&w=240&resize=240&ssl=1 240w, https:\/\/i2.wp.com\/www.vwco.com.br\/uploads\/ckeditor\/5b0422ef7e12a.jpeg?ssl=1&w=320&resize=320&ssl=1 320w, https:\/\/i2.wp.com\/www.vwco.com.br\/uploads\/ckeditor\/5b0422ef7e12a.jpeg?ssl=1&w=500&resize=500&ssl=1 500w, https:\/\/i2.wp.com\/www.vwco.com.br\/uploads\/ckeditor\/5b0422ef7e12a.jpeg?ssl=1&w=640&resize=640&ssl=1 640w, https:\/\/i2.wp.com\/www.vwco.com.br\/uploads\/ckeditor\/5b0422ef7e12a.jpeg?ssl=1&w=800&resize=800&ssl=1 800w, https:\/\/i2.wp.com\/www.vwco.com.br\/uploads\/ckeditor\/5b0422ef7e12a.jpeg?ssl=1&w=1024&resize=1024&ssl=1 1024w, https:\/\/i2.wp.com\/www.vwco.com.br\/uploads\/ckeditor\/5b0422ef7e12a.jpeg?ssl=1&w=1280&resize=1280&ssl=1 1280w, https:\/\/i2.wp.com\/www.vwco.com.br\/uploads\/ckeditor\/5b0422ef7e12a.jpeg?ssl=1&w=1600&resize=1600&ssl=1 1600w\" alt height=\"216\" fifu-data-src=\"https:\/\/i2.wp.com\/www.vwco.com.br\/uploads\/ckeditor\/5b0422ef7e12a.jpeg?ssl=1\" width=\"376\"><\/a><\/p>\n","protected":false},"excerpt":{"rendered":"<p>Localizada em Goi\u00e2nia (GO), a Belcar Caminh\u00f5es e \u00d4nibus \u00e9 desde 1983 uma concession\u00e1ria MAN&#8230;<\/p>\n","protected":false},"author":1,"featured_media":0,"comment_status":"open","ping_status":"open","sticky":false,"template":"","format":"standard","meta":{"fifu_image_url":"","fifu_image_alt":"","footnotes":""},"categories":[727],"tags":[],"class_list":["post-76172","post","type-post","status-publish","format-standard","hentry","category-noticias","wpcat-727-id"],"_links":{"self":[{"href":"https:\/\/verde-amarelo.net\/verdeamarelo\/wp-json\/wp\/v2\/posts\/76172","targetHints":{"allow":["GET"]}}],"collection":[{"href":"https:\/\/verde-amarelo.net\/verdeamarelo\/wp-json\/wp\/v2\/posts"}],"about":[{"href":"https:\/\/verde-amarelo.net\/verdeamarelo\/wp-json\/wp\/v2\/types\/post"}],"author":[{"embeddable":true,"href":"https:\/\/verde-amarelo.net\/verdeamarelo\/wp-json\/wp\/v2\/users\/1"}],"replies":[{"embeddable":true,"href":"https:\/\/verde-amarelo.net\/verdeamarelo\/wp-json\/wp\/v2\/comments?post=76172"}],"version-history":[{"count":0,"href":"https:\/\/verde-amarelo.net\/verdeamarelo\/wp-json\/wp\/v2\/posts\/76172\/revisions"}],"wp:attachment":[{"href":"https:\/\/verde-amarelo.net\/verdeamarelo\/wp-json\/wp\/v2\/media?parent=76172"}],"wp:term":[{"taxonomy":"category","embeddable":true,"href":"https:\/\/verde-amarelo.net\/verdeamarelo\/wp-json\/wp\/v2\/categories?post=76172"},{"taxonomy":"post_tag","embeddable":true,"href":"https:\/\/verde-amarelo.net\/verdeamarelo\/wp-json\/wp\/v2\/tags?post=76172"}],"curies":[{"name":"wp","href":"https:\/\/api.w.org\/{rel}","templated":true}]}}