{"id":76179,"date":"2018-05-03T20:00:52","date_gmt":"2018-05-03T23:00:52","guid":{"rendered":"https:\/\/verde-amarelo.net\/verdeamarelo\/2018\/05\/volkswagen-lanca-caminhao-com-tecnologia-inedita-na-agrishow\/"},"modified":"2018-05-03T20:00:52","modified_gmt":"2018-05-03T23:00:52","slug":"volkswagen-lanca-caminhao-com-tecnologia-inedita-na-agrishow","status":"publish","type":"post","link":"https:\/\/verde-amarelo.net\/verdeamarelo\/2018\/05\/volkswagen-lanca-caminhao-com-tecnologia-inedita-na-agrishow\/","title":{"rendered":"Volkswagen lan\u00e7a caminh\u00e3o com tecnologia in\u00e9dita na Agrishow"},"content":{"rendered":"<p>A Volkswagen Caminh\u00f5es e \u00d4nibus est\u00e1 na Agrishow at\u00e9 4 de maio com lan\u00e7amento para o setor e tecnologias exclusivas. O novo VW Constellation 31.280 Canavieiro \u00e9 o \u00fanico do mercado a contar com transmiss\u00e3o autom\u00e1tica e oferece uma s\u00e9rie de caracter\u00edsticas especiais para a aplica\u00e7\u00e3o. No evento, a montadora vai estar com uma carreta estande exclusiva para atender os clientes da marca com condi\u00e7\u00f5es comerciais ainda mais atrativas.<\/p>&nbsp;&nbsp;\n<p>\u201cO agroneg\u00f3cio \u00e9 um dos fortes da economia brasileira, est\u00e1 aquecido este ano, e estamos prontos para atender nossos clientes do segmento com caminh\u00f5es sob medida, oferecendo tamb\u00e9m uma linha completa de solu\u00e7\u00f5es de p\u00f3s-vendas\u201d, afirma Caio Milani, consultor comercial da Volkswagen Caminh\u00f5es e \u00d4nibus.<\/p>&nbsp;&nbsp;\n<p>&nbsp;Ideal para opera\u00e7\u00f5es fora de estrada, o novo Constellation 31.280 agrega atributos j\u00e1 consagrados da linha Volkswagen \u00e0s customiza\u00e7\u00f5es vocacionadas para a opera\u00e7\u00e3o canavieira com o c\u00e2mbio autom\u00e1tico da Allison. Seu peso bruto total (PBT) t\u00e9cnico \u00e9 de 30,5 toneladas para permitir alta produtividade e, entre suas novidades, traz tamb\u00e9m eixo traseiro com bloqueio transversal e longitudinal para distribuir melhor a for\u00e7a nas rodas em terrenos dif\u00edceis ou casos de atolamento.<\/p>&nbsp;&nbsp;\n<p>&nbsp;Seu pacote de robustez vocacional para canavieiro \u00e9 composto por mais de 20 itens como grade de prote\u00e7\u00e3o frontal \u201cquebra mato\u201d; prote\u00e7\u00e3o inferior do radiador (\u201cpeito de a\u00e7o\u201d); protetor de alternador contra palha; protetor isolante t\u00e9rmico das tubula\u00e7\u00f5es do sistema pneum\u00e1tico e chicote el\u00e9trico, pr\u00e9-filtro agr\u00edcola e interclimatizador apropriado, entre muitos outros.<\/p>&nbsp;&nbsp;\n<p>&nbsp;A oferta da marca para o setor agr\u00edcola n\u00e3o para por a\u00ed. Outro destaque \u00e9 o rec\u00e9m-lan\u00e7ado Constellation 32.360 que atende \u00e0s opera\u00e7\u00f5es mais pesadas do campo. O modelo vem com transmiss\u00e3o automatizada e disp\u00f5e dos mesmos bloqueios no eixo traseiro para proporcionar ainda mais robustez na aplica\u00e7\u00e3o, em que garante PBT de 32,5 toneladas e capacidade m\u00e1xima de tra\u00e7\u00e3o (CMT) de 70 toneladas.<\/p>&nbsp;&nbsp;\n<p>&nbsp;Seus atributos s\u00e3o diferenciais no mercado. \u201cEsse Constellation est\u00e1 equipado com redu\u00e7\u00e3o nos cubos para garantir seus resultados em opera\u00e7\u00e3o e tem uma das maiores capacidades de carga da categoria\u201d, avalia.<\/p>&nbsp;&nbsp;\n<p>&nbsp;O novo Delivery 9.170 tamb\u00e9m vai marcar presen\u00e7a na Agrishow para mostrar suas vantagens no dia a dia do pequeno agricultor na opera\u00e7\u00e3o hortifruti. Cada componente do modelo foi desenvolvido com os mais inovadores materiais e o resultado \u00e9 um ve\u00edculo altamente sustent\u00e1vel, com redu\u00e7\u00e3o de peso no sistema powertrain da ordem de 10% na compara\u00e7\u00e3o com seu antecessor e, consequentemente, mais economia de combust\u00edvel, menos emiss\u00f5es e maior capacidade de carga, com um PBT de 8,5 toneladas<\/p>\n<p><a href=\"https:\/\/www.man-la.com\/uploads\/ckeditor\/5af1ffcc42c25.jpeg\"><img decoding=\"async\" src=\"data:image\/gif;base64,R0lGODlhAQABAIAAAAAAAP\/\/\/ywAAAAAAQABAAACAUwAOw==\" fifu-lazy=\"1\" fifu-data-sizes=\"auto\" fifu-data-srcset=\"https:\/\/i3.wp.com\/www.man-la.com\/uploads\/ckeditor\/5af1ffcc42c25.jpeg?ssl=1&w=75&resize=75&ssl=1 75w, https:\/\/i3.wp.com\/www.man-la.com\/uploads\/ckeditor\/5af1ffcc42c25.jpeg?ssl=1&w=100&resize=100&ssl=1 100w, https:\/\/i3.wp.com\/www.man-la.com\/uploads\/ckeditor\/5af1ffcc42c25.jpeg?ssl=1&w=150&resize=150&ssl=1 150w, https:\/\/i3.wp.com\/www.man-la.com\/uploads\/ckeditor\/5af1ffcc42c25.jpeg?ssl=1&w=240&resize=240&ssl=1 240w, https:\/\/i3.wp.com\/www.man-la.com\/uploads\/ckeditor\/5af1ffcc42c25.jpeg?ssl=1&w=320&resize=320&ssl=1 320w, https:\/\/i3.wp.com\/www.man-la.com\/uploads\/ckeditor\/5af1ffcc42c25.jpeg?ssl=1&w=500&resize=500&ssl=1 500w, https:\/\/i3.wp.com\/www.man-la.com\/uploads\/ckeditor\/5af1ffcc42c25.jpeg?ssl=1&w=640&resize=640&ssl=1 640w, https:\/\/i3.wp.com\/www.man-la.com\/uploads\/ckeditor\/5af1ffcc42c25.jpeg?ssl=1&w=800&resize=800&ssl=1 800w, https:\/\/i3.wp.com\/www.man-la.com\/uploads\/ckeditor\/5af1ffcc42c25.jpeg?ssl=1&w=1024&resize=1024&ssl=1 1024w, https:\/\/i3.wp.com\/www.man-la.com\/uploads\/ckeditor\/5af1ffcc42c25.jpeg?ssl=1&w=1280&resize=1280&ssl=1 1280w, https:\/\/i3.wp.com\/www.man-la.com\/uploads\/ckeditor\/5af1ffcc42c25.jpeg?ssl=1&w=1600&resize=1600&ssl=1 1600w\" alt fifu-data-src=\"https:\/\/i3.wp.com\/www.man-la.com\/uploads\/ckeditor\/5af1ffcc42c25.jpeg?ssl=1\"><\/a><\/p>\n","protected":false},"excerpt":{"rendered":"<p>A Volkswagen Caminh\u00f5es e \u00d4nibus est\u00e1 na Agrishow at\u00e9 4 de maio com lan\u00e7amento para&#8230;<\/p>\n","protected":false},"author":1,"featured_media":0,"comment_status":"open","ping_status":"open","sticky":false,"template":"","format":"standard","meta":{"fifu_image_url":"","fifu_image_alt":"","footnotes":""},"categories":[727],"tags":[],"class_list":["post-76179","post","type-post","status-publish","format-standard","hentry","category-noticias","wpcat-727-id"],"_links":{"self":[{"href":"https:\/\/verde-amarelo.net\/verdeamarelo\/wp-json\/wp\/v2\/posts\/76179","targetHints":{"allow":["GET"]}}],"collection":[{"href":"https:\/\/verde-amarelo.net\/verdeamarelo\/wp-json\/wp\/v2\/posts"}],"about":[{"href":"https:\/\/verde-amarelo.net\/verdeamarelo\/wp-json\/wp\/v2\/types\/post"}],"author":[{"embeddable":true,"href":"https:\/\/verde-amarelo.net\/verdeamarelo\/wp-json\/wp\/v2\/users\/1"}],"replies":[{"embeddable":true,"href":"https:\/\/verde-amarelo.net\/verdeamarelo\/wp-json\/wp\/v2\/comments?post=76179"}],"version-history":[{"count":0,"href":"https:\/\/verde-amarelo.net\/verdeamarelo\/wp-json\/wp\/v2\/posts\/76179\/revisions"}],"wp:attachment":[{"href":"https:\/\/verde-amarelo.net\/verdeamarelo\/wp-json\/wp\/v2\/media?parent=76179"}],"wp:term":[{"taxonomy":"category","embeddable":true,"href":"https:\/\/verde-amarelo.net\/verdeamarelo\/wp-json\/wp\/v2\/categories?post=76179"},{"taxonomy":"post_tag","embeddable":true,"href":"https:\/\/verde-amarelo.net\/verdeamarelo\/wp-json\/wp\/v2\/tags?post=76179"}],"curies":[{"name":"wp","href":"https:\/\/api.w.org\/{rel}","templated":true}]}}