{"id":76182,"date":"2018-04-27T15:00:56","date_gmt":"2018-04-27T18:00:56","guid":{"rendered":"https:\/\/verde-amarelo.net\/verdeamarelo\/2018\/04\/man-latin-america-capacita-jovens-para-primeiro-emprego\/"},"modified":"2018-04-27T15:00:56","modified_gmt":"2018-04-27T18:00:56","slug":"man-latin-america-capacita-jovens-para-primeiro-emprego","status":"publish","type":"post","link":"https:\/\/verde-amarelo.net\/verdeamarelo\/2018\/04\/man-latin-america-capacita-jovens-para-primeiro-emprego\/","title":{"rendered":"MAN Latin America capacita jovens para primeiro emprego"},"content":{"rendered":"<p>Ao todo mais de 250 jovens j\u00e1 passaram pelo programa apoiado pela MAN Latin America, junto com as sete empresas parceiras na fabrica\u00e7\u00e3o dos ve\u00edculos comerciais MAN e Volkswagen. Dedicado a desenvolver o potencial de alunos de baixa renda e integr\u00e1-los como profissionais, o Formare inaugura este ano sua 20\u00aa turma na f\u00e1brica da montadora e registra alto \u00edndice de sucesso: uma m\u00e9dia de mais de 90% de aproveitamento desses jovens ap\u00f3s o ano de forma\u00e7\u00e3o que recebem.<\/p>&nbsp;&nbsp;\n<p>Durante o ano no Formare, os jovens fazem curso de montagem de mec\u00e2nica de produto. Nesse per\u00edodo, os jovens t\u00eam aulas te\u00f3ricas e pr\u00e1ticas de segunda \u00e0 sexta-feira, ministradas por cerca de 130 colaboradores volunt\u00e1rios. O curso \u00e9 aprovado e certificado pelo Minist\u00e9rio da Educa\u00e7\u00e3o (MEC).<\/p>&nbsp;&nbsp;\n<p>A turma mais recente acaba de encerrar suas atividades no programa e todos j\u00e1 t\u00eam garantia de primeiro emprego, pois v\u00e3o trabalhar como aprendizes nas empresas que fabricam os caminh\u00f5es e \u00f4nibus das marcas Volkswagen e MAN. Com as aulas que recebem e o comprometimento que assumem, tamb\u00e9m conquistaram bolsa de universidades da regi\u00e3o para custear 100% de seus estudos.<\/p>&nbsp;&nbsp;\n<p>Esta, ali\u00e1s, \u00e9 uma tend\u00eancia positiva do Formare na f\u00e1brica da MAN Latin America. Os alunos terminam o programa e buscam outras qualifica\u00e7\u00f5es. Em ritmo crescente, cada vez mais avan\u00e7am para o ensino superior. A compara\u00e7\u00e3o chama aten\u00e7\u00e3o: na turma de 2008, apenas 70% seguiram para a faculdade. Este ano, todos os alunos v\u00e3o seguir esse caminho.<\/p>&nbsp;&nbsp;\n<p>\u201cValorizamos esta iniciativa, especialmente por proporcionarem uma diversidade que enriquece nosso ambiente de trabalho. Por isso mesmo, criamos internamente um planejamento para elevar o n\u00edvel de aproveitamento desses jovens em nossos times, prevendo sua trajet\u00f3ria at\u00e9 que concluam a gradua\u00e7\u00e3o e possam ser contratados como profissionais\u201d, destaca Roberto Cortes, presidente e CEO da MAN Latin America.<\/p>&nbsp;&nbsp;\n<p><strong>Refer\u00eancia em responsabilidade social<\/strong><br \/>O Formare completa tr\u00eas d\u00e9cadas em 2018, numa iniciativa idealizada pela Funda\u00e7\u00e3o Iochpe. Hoje s\u00e3o ao todo 43 empresas parceiras, presente em 12 estados do Brasil e com duas unidades no M\u00e9xico. Na regi\u00e3o Sul Fluminense, a MAN Latin America e o Cons\u00f3rcio Modular foram pioneiros ao oferecer \u00e0 comunidade essa oportunidade de qualifica\u00e7\u00e3o profissional.<\/p>&nbsp;&nbsp;\n<p><a href=\"https:\/\/www.man-la.com\/uploads\/ckeditor\/5af2fb0f48c30.jpeg\"><img decoding=\"async\" src=\"data:image\/gif;base64,R0lGODlhAQABAIAAAAAAAP\/\/\/ywAAAAAAQABAAACAUwAOw==\" fifu-lazy=\"1\" fifu-data-sizes=\"auto\" fifu-data-srcset=\"https:\/\/i3.wp.com\/www.man-la.com\/uploads\/ckeditor\/5af2fb0f48c30.jpeg?ssl=1&w=75&resize=75&ssl=1 75w, https:\/\/i3.wp.com\/www.man-la.com\/uploads\/ckeditor\/5af2fb0f48c30.jpeg?ssl=1&w=100&resize=100&ssl=1 100w, https:\/\/i3.wp.com\/www.man-la.com\/uploads\/ckeditor\/5af2fb0f48c30.jpeg?ssl=1&w=150&resize=150&ssl=1 150w, https:\/\/i3.wp.com\/www.man-la.com\/uploads\/ckeditor\/5af2fb0f48c30.jpeg?ssl=1&w=240&resize=240&ssl=1 240w, https:\/\/i3.wp.com\/www.man-la.com\/uploads\/ckeditor\/5af2fb0f48c30.jpeg?ssl=1&w=320&resize=320&ssl=1 320w, https:\/\/i3.wp.com\/www.man-la.com\/uploads\/ckeditor\/5af2fb0f48c30.jpeg?ssl=1&w=500&resize=500&ssl=1 500w, https:\/\/i3.wp.com\/www.man-la.com\/uploads\/ckeditor\/5af2fb0f48c30.jpeg?ssl=1&w=640&resize=640&ssl=1 640w, https:\/\/i3.wp.com\/www.man-la.com\/uploads\/ckeditor\/5af2fb0f48c30.jpeg?ssl=1&w=800&resize=800&ssl=1 800w, https:\/\/i3.wp.com\/www.man-la.com\/uploads\/ckeditor\/5af2fb0f48c30.jpeg?ssl=1&w=1024&resize=1024&ssl=1 1024w, https:\/\/i3.wp.com\/www.man-la.com\/uploads\/ckeditor\/5af2fb0f48c30.jpeg?ssl=1&w=1280&resize=1280&ssl=1 1280w, https:\/\/i3.wp.com\/www.man-la.com\/uploads\/ckeditor\/5af2fb0f48c30.jpeg?ssl=1&w=1600&resize=1600&ssl=1 1600w\" alt fifu-data-src=\"https:\/\/i3.wp.com\/www.man-la.com\/uploads\/ckeditor\/5af2fb0f48c30.jpeg?ssl=1\"><\/a>&nbsp;<a href=\"https:\/\/www.man-la.com\/uploads\/ckeditor\/5af2fb2a92000.jpeg\"><img decoding=\"async\" src=\"data:image\/gif;base64,R0lGODlhAQABAIAAAAAAAP\/\/\/ywAAAAAAQABAAACAUwAOw==\" fifu-lazy=\"1\" fifu-data-sizes=\"auto\" fifu-data-srcset=\"https:\/\/i1.wp.com\/www.man-la.com\/uploads\/ckeditor\/5af2fb2a92000.jpeg?ssl=1&w=75&resize=75&ssl=1 75w, https:\/\/i1.wp.com\/www.man-la.com\/uploads\/ckeditor\/5af2fb2a92000.jpeg?ssl=1&w=100&resize=100&ssl=1 100w, https:\/\/i1.wp.com\/www.man-la.com\/uploads\/ckeditor\/5af2fb2a92000.jpeg?ssl=1&w=150&resize=150&ssl=1 150w, https:\/\/i1.wp.com\/www.man-la.com\/uploads\/ckeditor\/5af2fb2a92000.jpeg?ssl=1&w=240&resize=240&ssl=1 240w, https:\/\/i1.wp.com\/www.man-la.com\/uploads\/ckeditor\/5af2fb2a92000.jpeg?ssl=1&w=320&resize=320&ssl=1 320w, https:\/\/i1.wp.com\/www.man-la.com\/uploads\/ckeditor\/5af2fb2a92000.jpeg?ssl=1&w=500&resize=500&ssl=1 500w, https:\/\/i1.wp.com\/www.man-la.com\/uploads\/ckeditor\/5af2fb2a92000.jpeg?ssl=1&w=640&resize=640&ssl=1 640w, https:\/\/i1.wp.com\/www.man-la.com\/uploads\/ckeditor\/5af2fb2a92000.jpeg?ssl=1&w=800&resize=800&ssl=1 800w, https:\/\/i1.wp.com\/www.man-la.com\/uploads\/ckeditor\/5af2fb2a92000.jpeg?ssl=1&w=1024&resize=1024&ssl=1 1024w, https:\/\/i1.wp.com\/www.man-la.com\/uploads\/ckeditor\/5af2fb2a92000.jpeg?ssl=1&w=1280&resize=1280&ssl=1 1280w, https:\/\/i1.wp.com\/www.man-la.com\/uploads\/ckeditor\/5af2fb2a92000.jpeg?ssl=1&w=1600&resize=1600&ssl=1 1600w\" alt fifu-data-src=\"https:\/\/i1.wp.com\/www.man-la.com\/uploads\/ckeditor\/5af2fb2a92000.jpeg?ssl=1\"><\/a>&nbsp;<\/p>\n","protected":false},"excerpt":{"rendered":"<p>Ao todo mais de 250 jovens j\u00e1 passaram pelo programa apoiado pela MAN Latin America,&#8230;<\/p>\n","protected":false},"author":1,"featured_media":0,"comment_status":"open","ping_status":"open","sticky":false,"template":"","format":"standard","meta":{"fifu_image_url":"","fifu_image_alt":"","footnotes":""},"categories":[727],"tags":[],"class_list":["post-76182","post","type-post","status-publish","format-standard","hentry","category-noticias","wpcat-727-id"],"_links":{"self":[{"href":"https:\/\/verde-amarelo.net\/verdeamarelo\/wp-json\/wp\/v2\/posts\/76182","targetHints":{"allow":["GET"]}}],"collection":[{"href":"https:\/\/verde-amarelo.net\/verdeamarelo\/wp-json\/wp\/v2\/posts"}],"about":[{"href":"https:\/\/verde-amarelo.net\/verdeamarelo\/wp-json\/wp\/v2\/types\/post"}],"author":[{"embeddable":true,"href":"https:\/\/verde-amarelo.net\/verdeamarelo\/wp-json\/wp\/v2\/users\/1"}],"replies":[{"embeddable":true,"href":"https:\/\/verde-amarelo.net\/verdeamarelo\/wp-json\/wp\/v2\/comments?post=76182"}],"version-history":[{"count":0,"href":"https:\/\/verde-amarelo.net\/verdeamarelo\/wp-json\/wp\/v2\/posts\/76182\/revisions"}],"wp:attachment":[{"href":"https:\/\/verde-amarelo.net\/verdeamarelo\/wp-json\/wp\/v2\/media?parent=76182"}],"wp:term":[{"taxonomy":"category","embeddable":true,"href":"https:\/\/verde-amarelo.net\/verdeamarelo\/wp-json\/wp\/v2\/categories?post=76182"},{"taxonomy":"post_tag","embeddable":true,"href":"https:\/\/verde-amarelo.net\/verdeamarelo\/wp-json\/wp\/v2\/tags?post=76182"}],"curies":[{"name":"wp","href":"https:\/\/api.w.org\/{rel}","templated":true}]}}