{"id":76184,"date":"2018-04-25T13:44:38","date_gmt":"2018-04-25T16:44:38","guid":{"rendered":"https:\/\/verde-amarelo.net\/verdeamarelo\/2018\/04\/viacao-tupi-celebra-parceria-historica-com-aquisicao-de-25-onibus-volkswagen\/"},"modified":"2018-04-25T13:44:38","modified_gmt":"2018-04-25T16:44:38","slug":"viacao-tupi-celebra-parceria-historica-com-aquisicao-de-25-onibus-volkswagen","status":"publish","type":"post","link":"https:\/\/verde-amarelo.net\/verdeamarelo\/2018\/04\/viacao-tupi-celebra-parceria-historica-com-aquisicao-de-25-onibus-volkswagen\/","title":{"rendered":"Via\u00e7\u00e3o Tupi celebra parceria hist\u00f3rica com aquisi\u00e7\u00e3o de 25 \u00f4nibus Volkswagen"},"content":{"rendered":"<p>No m\u00eas em que a Volkswagen completa 25 anos do nascimento de seu primeiro chassi de \u00f4nibus, a Via\u00e7\u00e3o Tupi, empresa de transporte urbano de passageiros de S\u00e3o Paulo, acaba de adquirir 25 novos Volksbus 18.280 OTS LE piso baixo.<\/p>&nbsp;&nbsp;\n<p>A operadora foi uma das primeiras grandes clientes da Volkswagen logo ap\u00f3s seu nascimento, em 1993. E agora entra para a hist\u00f3ria novamente, com uma das pioneiras a apostar em um grande lote do modelo 18.280, um dos mais recentes lan\u00e7amentos da Volkswagen no mercado brasileiro.<\/p>&nbsp;&nbsp;\n<p>Paulo Pavani, diretor da empresa, comenta que a for\u00e7a da marca foi preponderante nos estudos de compra e hoje corresponde a 30% da frota. \u201cA Volkswagen trouxe ao segmento de \u00f4nibus uma alternativa confi\u00e1vel, j\u00e1 era uma marca reconhecida por seus autom\u00f3veis e caminh\u00f5es\u201d, relembra.<\/p>&nbsp;&nbsp;\n<p>O cliente afirma que desde o in\u00edcio a Volkswagen foi bastante presente em suas garagens. \u201cFoi um aprendizado para todos, nada melhor que os ve\u00edculos em opera\u00e7\u00e3o, acompanhados de perto pela \u00e1rea de p\u00f3s-vendas. Sempre contamos com esse relacionamento bem pr\u00f3ximo e assim fomos construindo nossa hist\u00f3ria junto com os \u00f4nibus Volkswagen.\u201d<\/p>\n<p>Os ve\u00edculos da frota de Pavani rodam em m\u00e9dia 5 mil quil\u00f4metros por m\u00eas.&nbsp; \u201cO mercado de \u00f4nibus n\u00e3o pode parar, mesmo com a queda de passageiros, por raz\u00e3o da baixa atividade econ\u00f4mica, as frotas s\u00e3o mantidas em atividade\u201d, refor\u00e7a o empres\u00e1rio. \u201cTrata-se de um servi\u00e7o essencial, que tem demandas a cumprir, da\u00ed a necessidade de uma parceria forte. O p\u00f3s-vendas da Volkswagen sempre foi o melhor.\u201d<\/p>\n<p>A Via\u00e7\u00e3o Tupi tem 58 anos e h\u00e1 25 anos acelera com os \u00f4nibus Volkswagen. \u201cMais da metade dessa hist\u00f3ria foi constru\u00edda ao lado da VW. Sabemos que os pr\u00f3ximos anos trar\u00e3o ainda mais desafios, com os debates sobre mobilidade e novos modais. \u00c9 um desafio excelente e esperamos estar juntos\u201d, celebra Pavani.<\/p>&nbsp;&nbsp;\n<p>\u201cA Via\u00e7\u00e3o Tupi foi uma das primeiras empresas de transporte urbano de S\u00e3o Paulo (SP) a acreditar em nossos inovadores produtos. Desde os anos 90, foi uma das nossas parceiras no aperfei\u00e7oamento cont\u00ednuo de nossos produtos. E neste momento, mais uma vez, mostra o seu DNA inovador, adquirindo os primeiros chassis 18.280 EOT para a opera\u00e7\u00e3o urbana na capital paulista, tornando-se nossa principal refer\u00eancia neste modelo\u201d, afirma S\u00e9rgio Pugliese, Gerente Executivo da Regional de Vendas \u2013 S\u00e3o Paulo da MAN Latin America.<\/p>&nbsp;&nbsp;\n<p><strong>Fam\u00edlia Volksbus: bem-vindo a bordo<\/strong><\/p>\n<p>A linha Volksbus foi desenvolvida sob medida para atender \u00e0s mais variadas demandas de transporte de passageiros. Com chassis vers\u00e1teis e robustos, o portf\u00f3lio atende a operadores que precisam desde os modelos mini e micro que trafegam mais facilmente nos bairros at\u00e9 os chassis com motores dianteiros e traseiros, para linhas distribuidoras e alimentadoras.<\/p>&nbsp;&nbsp;\n<p>Equipado com motor MAN D08 de 6 cilindros e 280 cv, op\u00e7\u00e3o de transmiss\u00e3o autom\u00e1tica ou automatizada e piso baixo, o Volksbus 18.280 OTS LE foi concebido em sinergia com o projeto europeu apresenta novos conceitos de constru\u00e7\u00e3o e solu\u00e7\u00f5es tecnol\u00f3gicas voltadas para as opera\u00e7\u00f5es urbanas com ve\u00edculo acess\u00edvel de padr\u00e3o mundial.<\/p>&nbsp;&nbsp;\n<p><a href=\"https:\/\/www.vwco.com.br\/uploads\/ckeditor\/5ae08682a32a3.jpeg\"><img decoding=\"async\" src=\"data:image\/gif;base64,R0lGODlhAQABAIAAAAAAAP\/\/\/ywAAAAAAQABAAACAUwAOw==\" fifu-lazy=\"1\" fifu-data-sizes=\"auto\" fifu-data-srcset=\"https:\/\/i0.wp.com\/www.vwco.com.br\/uploads\/ckeditor\/5ae08682a32a3.jpeg?ssl=1&w=75&resize=75&ssl=1 75w, https:\/\/i0.wp.com\/www.vwco.com.br\/uploads\/ckeditor\/5ae08682a32a3.jpeg?ssl=1&w=100&resize=100&ssl=1 100w, https:\/\/i0.wp.com\/www.vwco.com.br\/uploads\/ckeditor\/5ae08682a32a3.jpeg?ssl=1&w=150&resize=150&ssl=1 150w, https:\/\/i0.wp.com\/www.vwco.com.br\/uploads\/ckeditor\/5ae08682a32a3.jpeg?ssl=1&w=240&resize=240&ssl=1 240w, https:\/\/i0.wp.com\/www.vwco.com.br\/uploads\/ckeditor\/5ae08682a32a3.jpeg?ssl=1&w=320&resize=320&ssl=1 320w, https:\/\/i0.wp.com\/www.vwco.com.br\/uploads\/ckeditor\/5ae08682a32a3.jpeg?ssl=1&w=500&resize=500&ssl=1 500w, https:\/\/i0.wp.com\/www.vwco.com.br\/uploads\/ckeditor\/5ae08682a32a3.jpeg?ssl=1&w=640&resize=640&ssl=1 640w, https:\/\/i0.wp.com\/www.vwco.com.br\/uploads\/ckeditor\/5ae08682a32a3.jpeg?ssl=1&w=800&resize=800&ssl=1 800w, https:\/\/i0.wp.com\/www.vwco.com.br\/uploads\/ckeditor\/5ae08682a32a3.jpeg?ssl=1&w=1024&resize=1024&ssl=1 1024w, https:\/\/i0.wp.com\/www.vwco.com.br\/uploads\/ckeditor\/5ae08682a32a3.jpeg?ssl=1&w=1280&resize=1280&ssl=1 1280w, https:\/\/i0.wp.com\/www.vwco.com.br\/uploads\/ckeditor\/5ae08682a32a3.jpeg?ssl=1&w=1600&resize=1600&ssl=1 1600w\" alt fifu-data-src=\"https:\/\/i0.wp.com\/www.vwco.com.br\/uploads\/ckeditor\/5ae08682a32a3.jpeg?ssl=1\"><\/a><\/p>\n<p><a href=\"https:\/\/www.vwco.com.br\/uploads\/ckeditor\/5ae086a593d55.jpeg\"><img decoding=\"async\" src=\"data:image\/gif;base64,R0lGODlhAQABAIAAAAAAAP\/\/\/ywAAAAAAQABAAACAUwAOw==\" fifu-lazy=\"1\" fifu-data-sizes=\"auto\" fifu-data-srcset=\"https:\/\/i2.wp.com\/www.vwco.com.br\/uploads\/ckeditor\/5ae086a593d55.jpeg?ssl=1&w=75&resize=75&ssl=1 75w, https:\/\/i2.wp.com\/www.vwco.com.br\/uploads\/ckeditor\/5ae086a593d55.jpeg?ssl=1&w=100&resize=100&ssl=1 100w, https:\/\/i2.wp.com\/www.vwco.com.br\/uploads\/ckeditor\/5ae086a593d55.jpeg?ssl=1&w=150&resize=150&ssl=1 150w, https:\/\/i2.wp.com\/www.vwco.com.br\/uploads\/ckeditor\/5ae086a593d55.jpeg?ssl=1&w=240&resize=240&ssl=1 240w, https:\/\/i2.wp.com\/www.vwco.com.br\/uploads\/ckeditor\/5ae086a593d55.jpeg?ssl=1&w=320&resize=320&ssl=1 320w, https:\/\/i2.wp.com\/www.vwco.com.br\/uploads\/ckeditor\/5ae086a593d55.jpeg?ssl=1&w=500&resize=500&ssl=1 500w, https:\/\/i2.wp.com\/www.vwco.com.br\/uploads\/ckeditor\/5ae086a593d55.jpeg?ssl=1&w=640&resize=640&ssl=1 640w, https:\/\/i2.wp.com\/www.vwco.com.br\/uploads\/ckeditor\/5ae086a593d55.jpeg?ssl=1&w=800&resize=800&ssl=1 800w, https:\/\/i2.wp.com\/www.vwco.com.br\/uploads\/ckeditor\/5ae086a593d55.jpeg?ssl=1&w=1024&resize=1024&ssl=1 1024w, https:\/\/i2.wp.com\/www.vwco.com.br\/uploads\/ckeditor\/5ae086a593d55.jpeg?ssl=1&w=1280&resize=1280&ssl=1 1280w, https:\/\/i2.wp.com\/www.vwco.com.br\/uploads\/ckeditor\/5ae086a593d55.jpeg?ssl=1&w=1600&resize=1600&ssl=1 1600w\" alt fifu-data-src=\"https:\/\/i2.wp.com\/www.vwco.com.br\/uploads\/ckeditor\/5ae086a593d55.jpeg?ssl=1\"><\/a><\/p>\n","protected":false},"excerpt":{"rendered":"<p>No m\u00eas em que a Volkswagen completa 25 anos do nascimento de seu primeiro chassi&#8230;<\/p>\n","protected":false},"author":1,"featured_media":0,"comment_status":"open","ping_status":"open","sticky":false,"template":"","format":"standard","meta":{"fifu_image_url":"","fifu_image_alt":"","footnotes":""},"categories":[727],"tags":[],"class_list":["post-76184","post","type-post","status-publish","format-standard","hentry","category-noticias","wpcat-727-id"],"_links":{"self":[{"href":"https:\/\/verde-amarelo.net\/verdeamarelo\/wp-json\/wp\/v2\/posts\/76184","targetHints":{"allow":["GET"]}}],"collection":[{"href":"https:\/\/verde-amarelo.net\/verdeamarelo\/wp-json\/wp\/v2\/posts"}],"about":[{"href":"https:\/\/verde-amarelo.net\/verdeamarelo\/wp-json\/wp\/v2\/types\/post"}],"author":[{"embeddable":true,"href":"https:\/\/verde-amarelo.net\/verdeamarelo\/wp-json\/wp\/v2\/users\/1"}],"replies":[{"embeddable":true,"href":"https:\/\/verde-amarelo.net\/verdeamarelo\/wp-json\/wp\/v2\/comments?post=76184"}],"version-history":[{"count":0,"href":"https:\/\/verde-amarelo.net\/verdeamarelo\/wp-json\/wp\/v2\/posts\/76184\/revisions"}],"wp:attachment":[{"href":"https:\/\/verde-amarelo.net\/verdeamarelo\/wp-json\/wp\/v2\/media?parent=76184"}],"wp:term":[{"taxonomy":"category","embeddable":true,"href":"https:\/\/verde-amarelo.net\/verdeamarelo\/wp-json\/wp\/v2\/categories?post=76184"},{"taxonomy":"post_tag","embeddable":true,"href":"https:\/\/verde-amarelo.net\/verdeamarelo\/wp-json\/wp\/v2\/tags?post=76184"}],"curies":[{"name":"wp","href":"https:\/\/api.w.org\/{rel}","templated":true}]}}