{"id":76186,"date":"2018-04-24T14:37:12","date_gmt":"2018-04-24T17:37:12","guid":{"rendered":"https:\/\/verde-amarelo.net\/verdeamarelo\/2018\/04\/man-latin-america-da-largada-a-estacao-ceasa-2018\/"},"modified":"2018-04-24T14:37:12","modified_gmt":"2018-04-24T17:37:12","slug":"man-latin-america-da-largada-a-estacao-ceasa-2018","status":"publish","type":"post","link":"https:\/\/verde-amarelo.net\/verdeamarelo\/2018\/04\/man-latin-america-da-largada-a-estacao-ceasa-2018\/","title":{"rendered":"MAN Latin America d\u00e1 largada \u00e0 Esta\u00e7\u00e3o Ceasa 2018"},"content":{"rendered":"<p>A MAN Latin America mant\u00e9m sua largada anual na participa\u00e7\u00e3o do Esta\u00e7\u00e3o Ceasa 2018. O projeto, exclusivo da MAN Latin America, visita diversos entrepostos de distribui\u00e7\u00e3o de alimentos no Brasil, para oferecer a melhor solu\u00e7\u00e3o para quem atua no transporte de hortifrutigranjeiros, a um custo muito competitivo.<\/p>&nbsp;&nbsp;\n<p>Este ano a montadora passar\u00e1 por 15 etapas e a primeira ocorre em Campinas (SP) do dia 24 a 27 de abril. Ao todo 11 estados brasileiros ser\u00e3o visitados. Em cada etapa ocorrer\u00e3o tr\u00eas dias de programa\u00e7\u00e3o para atender ao p\u00fablico da Esta\u00e7\u00e3o Ceasa, seguindo a agenda de cada local.<\/p>&nbsp;&nbsp;\n<p>Uma carreta-estande acoplada a um caminh\u00e3o Volkswagen estar\u00e1 presente em todas as etapas com estrutura para os interessados terem um atendimento personalizado com os representantes da \u00e1rea de Vendas da fabricante e da rede de concession\u00e1rias. Al\u00e9m disso, os estados visitados ter\u00e3o test-drive do VW Constellation 17.280.<\/p>&nbsp;&nbsp;\n<p>\u201cO VW Constellation 17.280 \u00e9 ideal para uso urbano em curta e m\u00e9dia dist\u00e2ncia, com ele conseguimos garantir que o cliente encontre a melhor configura\u00e7\u00e3o para a sua necessidade de transporte. Junto a ele vamos levar para o Esta\u00e7\u00e3o Ceasa nossas ofertas de caminh\u00f5es sob medida para sua aplica\u00e7\u00e3o, com excelente rela\u00e7\u00e3o custo-benef\u00edcio e tamb\u00e9m poder\u00e3o contar com diversas ferramentas para agilizar o neg\u00f3cio\u201d, afirma Ricardo Alouche, vice-presidente de Vendas, Marketing e P\u00f3s-Vendas da MAN Latin America.<\/p>&nbsp;&nbsp;\n<p><strong>VW Constellation 17.280: sucesso entre os semipesados<\/strong><\/p>\n<p>Ideal para uso urbano, o VW Constellation 17.280 pode ser usado em todos os tipos de aplica\u00e7\u00e3o: carga geral, cereais, bebidas, constru\u00e7\u00e3o e outros. O caminh\u00e3o usa a tecnologia EGR de tratamento de emiss\u00f5es, que ao contr\u00e1rio do SCR n\u00e3o necessita de Arla 32, o que representa uma vantagem tanto em termos operacionais quanto de economia.<\/p>&nbsp;&nbsp;\n<p>E n\u00e3o faltam atributos de seguran\u00e7a: o modelo est\u00e1 equipado de s\u00e9rie com freios com sistema ABS (que evita que a roda bloqueie quando o pedal de freio \u00e9 pisado fortemente e entre em derrapagem) e EBD (funciona em conjunto com o sistema ABS e tem a fun\u00e7\u00e3o de distribuir a for\u00e7a de frenagem entre as rodas do ve\u00edculo). O freio de cabe\u00e7ote EVB \u00e9 outro destaque, reduzindo a necessidade de utiliza\u00e7\u00e3o dos freios de servi\u00e7o e, assim, os custos de manuten\u00e7\u00e3o.<\/p>&nbsp;&nbsp;\n<p><a href=\"https:\/\/www.vwco.com.br\/uploads\/ckeditor\/5adf414b23395.jpeg\"><img decoding=\"async\" src=\"data:image\/gif;base64,R0lGODlhAQABAIAAAAAAAP\/\/\/ywAAAAAAQABAAACAUwAOw==\" fifu-lazy=\"1\" fifu-data-sizes=\"auto\" fifu-data-srcset=\"https:\/\/i1.wp.com\/www.vwco.com.br\/uploads\/ckeditor\/5adf414b23395.jpeg?ssl=1&w=75&resize=75&ssl=1 75w, https:\/\/i1.wp.com\/www.vwco.com.br\/uploads\/ckeditor\/5adf414b23395.jpeg?ssl=1&w=100&resize=100&ssl=1 100w, https:\/\/i1.wp.com\/www.vwco.com.br\/uploads\/ckeditor\/5adf414b23395.jpeg?ssl=1&w=150&resize=150&ssl=1 150w, https:\/\/i1.wp.com\/www.vwco.com.br\/uploads\/ckeditor\/5adf414b23395.jpeg?ssl=1&w=240&resize=240&ssl=1 240w, https:\/\/i1.wp.com\/www.vwco.com.br\/uploads\/ckeditor\/5adf414b23395.jpeg?ssl=1&w=320&resize=320&ssl=1 320w, https:\/\/i1.wp.com\/www.vwco.com.br\/uploads\/ckeditor\/5adf414b23395.jpeg?ssl=1&w=500&resize=500&ssl=1 500w, https:\/\/i1.wp.com\/www.vwco.com.br\/uploads\/ckeditor\/5adf414b23395.jpeg?ssl=1&w=640&resize=640&ssl=1 640w, https:\/\/i1.wp.com\/www.vwco.com.br\/uploads\/ckeditor\/5adf414b23395.jpeg?ssl=1&w=800&resize=800&ssl=1 800w, https:\/\/i1.wp.com\/www.vwco.com.br\/uploads\/ckeditor\/5adf414b23395.jpeg?ssl=1&w=1024&resize=1024&ssl=1 1024w, https:\/\/i1.wp.com\/www.vwco.com.br\/uploads\/ckeditor\/5adf414b23395.jpeg?ssl=1&w=1280&resize=1280&ssl=1 1280w, https:\/\/i1.wp.com\/www.vwco.com.br\/uploads\/ckeditor\/5adf414b23395.jpeg?ssl=1&w=1600&resize=1600&ssl=1 1600w\" alt fifu-data-src=\"https:\/\/i1.wp.com\/www.vwco.com.br\/uploads\/ckeditor\/5adf414b23395.jpeg?ssl=1\"><\/a><\/p>\n","protected":false},"excerpt":{"rendered":"<p>A MAN Latin America mant\u00e9m sua largada anual na participa\u00e7\u00e3o do Esta\u00e7\u00e3o Ceasa 2018. O&#8230;<\/p>\n","protected":false},"author":1,"featured_media":0,"comment_status":"open","ping_status":"open","sticky":false,"template":"","format":"standard","meta":{"fifu_image_url":"","fifu_image_alt":"","footnotes":""},"categories":[727],"tags":[],"class_list":["post-76186","post","type-post","status-publish","format-standard","hentry","category-noticias","wpcat-727-id"],"_links":{"self":[{"href":"https:\/\/verde-amarelo.net\/verdeamarelo\/wp-json\/wp\/v2\/posts\/76186","targetHints":{"allow":["GET"]}}],"collection":[{"href":"https:\/\/verde-amarelo.net\/verdeamarelo\/wp-json\/wp\/v2\/posts"}],"about":[{"href":"https:\/\/verde-amarelo.net\/verdeamarelo\/wp-json\/wp\/v2\/types\/post"}],"author":[{"embeddable":true,"href":"https:\/\/verde-amarelo.net\/verdeamarelo\/wp-json\/wp\/v2\/users\/1"}],"replies":[{"embeddable":true,"href":"https:\/\/verde-amarelo.net\/verdeamarelo\/wp-json\/wp\/v2\/comments?post=76186"}],"version-history":[{"count":0,"href":"https:\/\/verde-amarelo.net\/verdeamarelo\/wp-json\/wp\/v2\/posts\/76186\/revisions"}],"wp:attachment":[{"href":"https:\/\/verde-amarelo.net\/verdeamarelo\/wp-json\/wp\/v2\/media?parent=76186"}],"wp:term":[{"taxonomy":"category","embeddable":true,"href":"https:\/\/verde-amarelo.net\/verdeamarelo\/wp-json\/wp\/v2\/categories?post=76186"},{"taxonomy":"post_tag","embeddable":true,"href":"https:\/\/verde-amarelo.net\/verdeamarelo\/wp-json\/wp\/v2\/tags?post=76186"}],"curies":[{"name":"wp","href":"https:\/\/api.w.org\/{rel}","templated":true}]}}