{"id":76187,"date":"2018-04-23T13:15:40","date_gmt":"2018-04-23T16:15:40","guid":{"rendered":"https:\/\/verde-amarelo.net\/verdeamarelo\/2018\/04\/volksbus-no-oiapoque-onibus-vw-comprovam-robustez-no-norte-do-brasil\/"},"modified":"2018-04-23T13:15:40","modified_gmt":"2018-04-23T16:15:40","slug":"volksbus-no-oiapoque-onibus-vw-comprovam-robustez-no-norte-do-brasil","status":"publish","type":"post","link":"https:\/\/verde-amarelo.net\/verdeamarelo\/2018\/04\/volksbus-no-oiapoque-onibus-vw-comprovam-robustez-no-norte-do-brasil\/","title":{"rendered":"Volksbus no Oiapoque: \u00f4nibus VW comprovam robustez no Norte do Brasil"},"content":{"rendered":"<p><em>24 novos ve\u00edculos VW j\u00e1 transportam passageiros na opera\u00e7\u00f5es urbanas, rodovi\u00e1rias e de fretamento da Vale do Amazonas<br \/>&nbsp;<\/em><br \/>A Vale do Amazonas, empresa de transporte de passageiros no Norte do Brasil, aposta na robustez dos \u00f4nibus VW para suas opera\u00e7\u00f5es de transporte urbano, rodovi\u00e1rio e fretamento. 24 novos Volksbus modelos 15.190 e 17.230 acabam de chegar \u00e0 frota e j\u00e1 est\u00e3o na ativa, entregando \u00f3timos resultados.<\/p>&nbsp;&nbsp;\n<p>\u201cParte do lote \u00e9 equipada com suspens\u00e3o pneum\u00e1tica, sistema que faz toda a diferen\u00e7a principalmente em condi\u00e7\u00f5es extremas de rodagem, amortizando a trepida\u00e7\u00e3o e conferindo conforto a bordo\u201d, afirma Paulo Cardoso, administrador da empresa.<\/p>&nbsp;&nbsp;\n<p>Os ve\u00edculos novos dividem-se entre opera\u00e7\u00f5es como a da linha rodovi\u00e1ria Macap\u00e1-Oiapoque, que chega \u00e0 regi\u00e3o mais extrema ao Norte do Brasil, e de fretamento para a regi\u00e3o de Presidente Figueiredo (AM), a 240 quil\u00f4metros de Manaus, onde h\u00e1 atividade de minera\u00e7\u00e3o. Para chegar l\u00e1 os ve\u00edculos enfrentam condi\u00e7\u00f5es severas de tr\u00e1fego, com estradas de terra.<\/p>&nbsp;&nbsp;\n<p>\u201cA fam\u00edlia Volksbus completa 25 anos de hist\u00f3rias e quil\u00f4metros rodados nas mais diversas condi\u00e7\u00f5es Brasil afora. Tudo isso s\u00f3 foi poss\u00edvel gra\u00e7as aos times dedicados de engenharia e p\u00f3s-vendas, que aprimoraram os ve\u00edculos e a excel\u00eancia do atendimento e, claro, \u00e0 confian\u00e7a e parceria com o cliente\u201d, destaca Jorge Carrer, gerente executivo de Vendas de \u00d4nibus da MAN Latin America.<\/p>&nbsp;&nbsp;\n<p>A linha de \u00f4nibus VW foi desenvolvida sob medida para atender \u00e0s mais variadas demandas de transporte de passageiros. Com chassis vers\u00e1teis e robustos, o portf\u00f3lio atende a operadores que precisam desde os modelos mini e micro que trafegam mais facilmente nos bairros at\u00e9 os chassis com motores dianteiros e traseiros, para linhas distribuidoras e alimentadoras.<\/p>&nbsp;&nbsp;\n<p>O Volksbus 17.230 \u00e9 indicado para opera\u00e7\u00f5es de transporte urbano e fretamento, adapta-se a carrocerias de at\u00e9 13,2 metros, unindo robustez e versatilidade. Com polia adicional de s\u00e9rie, facilita a instala\u00e7\u00e3o do ar-condicionado. O 17.230 OD ainda traz embreagem de 395 mm de di\u00e2metro e caixa de transmiss\u00e3o ZF 6S 1010 BO de seis velocidades com servo-assist\u00eancia e troca de marchas acionada por cabos, o que garante maior conforto e durabilidade de todo o conjunto. Equipado com suspens\u00e3o pneum\u00e1tica na dianteira e na traseira, o novo 17.230 ODS chega proporcionando maior conforto aos passageiros com menor custo operacional.<\/p>&nbsp;&nbsp;\n<p>O 15.190 \u00e9 ideal para transporte urbano em linhas distribuidoras e alimentadoras, operando como midibus ou fretamento de curtas e m\u00e9dias dist\u00e2ncias. Indicado para carrocerias de at\u00e9 11 metros de comprimento e PBT de 15 toneladas.<br \/><a href=\"https:\/\/www.vwco.com.br\/uploads\/ckeditor\/5adddcae189e2.jpeg\"><img decoding=\"async\" src=\"data:image\/gif;base64,R0lGODlhAQABAIAAAAAAAP\/\/\/ywAAAAAAQABAAACAUwAOw==\" fifu-lazy=\"1\" fifu-data-sizes=\"auto\" fifu-data-srcset=\"https:\/\/i1.wp.com\/www.vwco.com.br\/uploads\/ckeditor\/5adddcae189e2.jpeg?ssl=1&w=75&resize=75&ssl=1 75w, https:\/\/i1.wp.com\/www.vwco.com.br\/uploads\/ckeditor\/5adddcae189e2.jpeg?ssl=1&w=100&resize=100&ssl=1 100w, https:\/\/i1.wp.com\/www.vwco.com.br\/uploads\/ckeditor\/5adddcae189e2.jpeg?ssl=1&w=150&resize=150&ssl=1 150w, https:\/\/i1.wp.com\/www.vwco.com.br\/uploads\/ckeditor\/5adddcae189e2.jpeg?ssl=1&w=240&resize=240&ssl=1 240w, https:\/\/i1.wp.com\/www.vwco.com.br\/uploads\/ckeditor\/5adddcae189e2.jpeg?ssl=1&w=320&resize=320&ssl=1 320w, https:\/\/i1.wp.com\/www.vwco.com.br\/uploads\/ckeditor\/5adddcae189e2.jpeg?ssl=1&w=500&resize=500&ssl=1 500w, https:\/\/i1.wp.com\/www.vwco.com.br\/uploads\/ckeditor\/5adddcae189e2.jpeg?ssl=1&w=640&resize=640&ssl=1 640w, https:\/\/i1.wp.com\/www.vwco.com.br\/uploads\/ckeditor\/5adddcae189e2.jpeg?ssl=1&w=800&resize=800&ssl=1 800w, https:\/\/i1.wp.com\/www.vwco.com.br\/uploads\/ckeditor\/5adddcae189e2.jpeg?ssl=1&w=1024&resize=1024&ssl=1 1024w, https:\/\/i1.wp.com\/www.vwco.com.br\/uploads\/ckeditor\/5adddcae189e2.jpeg?ssl=1&w=1280&resize=1280&ssl=1 1280w, https:\/\/i1.wp.com\/www.vwco.com.br\/uploads\/ckeditor\/5adddcae189e2.jpeg?ssl=1&w=1600&resize=1600&ssl=1 1600w\" alt fifu-data-src=\"https:\/\/i1.wp.com\/www.vwco.com.br\/uploads\/ckeditor\/5adddcae189e2.jpeg?ssl=1\"><\/a><\/p>\n<p><a href=\"https:\/\/www.vwco.com.br\/uploads\/ckeditor\/5adddcc752b82.jpeg\"><img decoding=\"async\" src=\"data:image\/gif;base64,R0lGODlhAQABAIAAAAAAAP\/\/\/ywAAAAAAQABAAACAUwAOw==\" fifu-lazy=\"1\" fifu-data-sizes=\"auto\" fifu-data-srcset=\"https:\/\/i0.wp.com\/www.vwco.com.br\/uploads\/ckeditor\/5adddcc752b82.jpeg?ssl=1&w=75&resize=75&ssl=1 75w, https:\/\/i0.wp.com\/www.vwco.com.br\/uploads\/ckeditor\/5adddcc752b82.jpeg?ssl=1&w=100&resize=100&ssl=1 100w, https:\/\/i0.wp.com\/www.vwco.com.br\/uploads\/ckeditor\/5adddcc752b82.jpeg?ssl=1&w=150&resize=150&ssl=1 150w, https:\/\/i0.wp.com\/www.vwco.com.br\/uploads\/ckeditor\/5adddcc752b82.jpeg?ssl=1&w=240&resize=240&ssl=1 240w, https:\/\/i0.wp.com\/www.vwco.com.br\/uploads\/ckeditor\/5adddcc752b82.jpeg?ssl=1&w=320&resize=320&ssl=1 320w, https:\/\/i0.wp.com\/www.vwco.com.br\/uploads\/ckeditor\/5adddcc752b82.jpeg?ssl=1&w=500&resize=500&ssl=1 500w, https:\/\/i0.wp.com\/www.vwco.com.br\/uploads\/ckeditor\/5adddcc752b82.jpeg?ssl=1&w=640&resize=640&ssl=1 640w, https:\/\/i0.wp.com\/www.vwco.com.br\/uploads\/ckeditor\/5adddcc752b82.jpeg?ssl=1&w=800&resize=800&ssl=1 800w, https:\/\/i0.wp.com\/www.vwco.com.br\/uploads\/ckeditor\/5adddcc752b82.jpeg?ssl=1&w=1024&resize=1024&ssl=1 1024w, https:\/\/i0.wp.com\/www.vwco.com.br\/uploads\/ckeditor\/5adddcc752b82.jpeg?ssl=1&w=1280&resize=1280&ssl=1 1280w, https:\/\/i0.wp.com\/www.vwco.com.br\/uploads\/ckeditor\/5adddcc752b82.jpeg?ssl=1&w=1600&resize=1600&ssl=1 1600w\" alt fifu-data-src=\"https:\/\/i0.wp.com\/www.vwco.com.br\/uploads\/ckeditor\/5adddcc752b82.jpeg?ssl=1\"><\/a><\/p>\n<p><a href=\"https:\/\/www.vwco.com.br\/uploads\/ckeditor\/5adddce84cda6.jpeg\"><img decoding=\"async\" src=\"data:image\/gif;base64,R0lGODlhAQABAIAAAAAAAP\/\/\/ywAAAAAAQABAAACAUwAOw==\" fifu-lazy=\"1\" fifu-data-sizes=\"auto\" fifu-data-srcset=\"https:\/\/i0.wp.com\/www.vwco.com.br\/uploads\/ckeditor\/5adddce84cda6.jpeg?ssl=1&w=75&resize=75&ssl=1 75w, https:\/\/i0.wp.com\/www.vwco.com.br\/uploads\/ckeditor\/5adddce84cda6.jpeg?ssl=1&w=100&resize=100&ssl=1 100w, https:\/\/i0.wp.com\/www.vwco.com.br\/uploads\/ckeditor\/5adddce84cda6.jpeg?ssl=1&w=150&resize=150&ssl=1 150w, https:\/\/i0.wp.com\/www.vwco.com.br\/uploads\/ckeditor\/5adddce84cda6.jpeg?ssl=1&w=240&resize=240&ssl=1 240w, https:\/\/i0.wp.com\/www.vwco.com.br\/uploads\/ckeditor\/5adddce84cda6.jpeg?ssl=1&w=320&resize=320&ssl=1 320w, https:\/\/i0.wp.com\/www.vwco.com.br\/uploads\/ckeditor\/5adddce84cda6.jpeg?ssl=1&w=500&resize=500&ssl=1 500w, https:\/\/i0.wp.com\/www.vwco.com.br\/uploads\/ckeditor\/5adddce84cda6.jpeg?ssl=1&w=640&resize=640&ssl=1 640w, https:\/\/i0.wp.com\/www.vwco.com.br\/uploads\/ckeditor\/5adddce84cda6.jpeg?ssl=1&w=800&resize=800&ssl=1 800w, https:\/\/i0.wp.com\/www.vwco.com.br\/uploads\/ckeditor\/5adddce84cda6.jpeg?ssl=1&w=1024&resize=1024&ssl=1 1024w, https:\/\/i0.wp.com\/www.vwco.com.br\/uploads\/ckeditor\/5adddce84cda6.jpeg?ssl=1&w=1280&resize=1280&ssl=1 1280w, https:\/\/i0.wp.com\/www.vwco.com.br\/uploads\/ckeditor\/5adddce84cda6.jpeg?ssl=1&w=1600&resize=1600&ssl=1 1600w\" alt fifu-data-src=\"https:\/\/i0.wp.com\/www.vwco.com.br\/uploads\/ckeditor\/5adddce84cda6.jpeg?ssl=1\"><\/a>&nbsp;<\/p>\n","protected":false},"excerpt":{"rendered":"<p>24 novos ve\u00edculos VW j\u00e1 transportam passageiros na opera\u00e7\u00f5es urbanas, rodovi\u00e1rias e de fretamento da&#8230;<\/p>\n","protected":false},"author":1,"featured_media":0,"comment_status":"open","ping_status":"open","sticky":false,"template":"","format":"standard","meta":{"fifu_image_url":"","fifu_image_alt":"","footnotes":""},"categories":[727],"tags":[],"class_list":["post-76187","post","type-post","status-publish","format-standard","hentry","category-noticias","wpcat-727-id"],"_links":{"self":[{"href":"https:\/\/verde-amarelo.net\/verdeamarelo\/wp-json\/wp\/v2\/posts\/76187","targetHints":{"allow":["GET"]}}],"collection":[{"href":"https:\/\/verde-amarelo.net\/verdeamarelo\/wp-json\/wp\/v2\/posts"}],"about":[{"href":"https:\/\/verde-amarelo.net\/verdeamarelo\/wp-json\/wp\/v2\/types\/post"}],"author":[{"embeddable":true,"href":"https:\/\/verde-amarelo.net\/verdeamarelo\/wp-json\/wp\/v2\/users\/1"}],"replies":[{"embeddable":true,"href":"https:\/\/verde-amarelo.net\/verdeamarelo\/wp-json\/wp\/v2\/comments?post=76187"}],"version-history":[{"count":0,"href":"https:\/\/verde-amarelo.net\/verdeamarelo\/wp-json\/wp\/v2\/posts\/76187\/revisions"}],"wp:attachment":[{"href":"https:\/\/verde-amarelo.net\/verdeamarelo\/wp-json\/wp\/v2\/media?parent=76187"}],"wp:term":[{"taxonomy":"category","embeddable":true,"href":"https:\/\/verde-amarelo.net\/verdeamarelo\/wp-json\/wp\/v2\/categories?post=76187"},{"taxonomy":"post_tag","embeddable":true,"href":"https:\/\/verde-amarelo.net\/verdeamarelo\/wp-json\/wp\/v2\/tags?post=76187"}],"curies":[{"name":"wp","href":"https:\/\/api.w.org\/{rel}","templated":true}]}}