{"id":76188,"date":"2018-04-20T12:47:12","date_gmt":"2018-04-20T15:47:12","guid":{"rendered":"https:\/\/verde-amarelo.net\/verdeamarelo\/2018\/04\/volkswagen-apoia-tb-forte-em-sua-expansao-nacional\/"},"modified":"2018-04-20T12:47:12","modified_gmt":"2018-04-20T15:47:12","slug":"volkswagen-apoia-tb-forte-em-sua-expansao-nacional","status":"publish","type":"post","link":"https:\/\/verde-amarelo.net\/verdeamarelo\/2018\/04\/volkswagen-apoia-tb-forte-em-sua-expansao-nacional\/","title":{"rendered":"Volkswagen apoia TB Forte em sua expans\u00e3o nacional"},"content":{"rendered":"<p>At\u00e9 o fim de 2018, a transportadora de valores TB Forte pretende expandir suas bases em v\u00e1rias regi\u00f5es do pa\u00eds e refor\u00e7ar o atendimento nos locais onde j\u00e1 atua. Para fazer frente a essa crescente demanda, a empresa investe desde 2017 nos chassis de carro-forte da Volkswagen. At\u00e9 o fim de 2018, ser\u00e3o 150 novos ve\u00edculos dos modelos VW 9.160 CE.<\/p>&nbsp;&nbsp;\n<p>O foco principal da TB Forte est\u00e1 no abastecimento dos caixas eletr\u00f4nicos da Rede Banco24Horas. Dos 21,4 mil caixas em todo o Brasil, a TB Forte atender\u00e1 cerca de 16 mil terminais at\u00e9 o final do ano. Acompanhando essa evolu\u00e7\u00e3o, a companhia tamb\u00e9m projeta nova amplia\u00e7\u00e3o em sua frota Volkswagen. A marca responde hoje por 67% dos ve\u00edculos da empresa e deve chegar a dezembro com 72%.<\/p>&nbsp;&nbsp;\n<p>\u201cEssa confian\u00e7a vem de uma parceria muito grande entre a TB Forte e a Volkswagen Caminh\u00f5es e \u00d4nibus, que envolve inclusive o desenvolvimento cont\u00ednuo dos produtos para nossa opera\u00e7\u00e3o. A marca est\u00e1 sempre pronta a nos atender com qualidade, oferta diferenciada de contrato de manuten\u00e7\u00e3o e rede de concession\u00e1rias bastante pulverizada\u201d, explica Gabriel Damasceno, superintendente da TB Forte.<\/p>&nbsp;&nbsp;\n<p><strong>Opera\u00e7\u00e3o sempre atenta<\/strong><br \/>Em m\u00e9dia, s\u00e3o 120 quil\u00f4metros rodados por dia em rotas principalmente urbanas. Os ve\u00edculos carregam uma tonelada, entre carga e equipe de opera\u00e7\u00e3o. \u201cNossa aplica\u00e7\u00e3o \u00e9 bastante severa, com uma jornada extensa sem desligar o carro por quest\u00f5es de seguran\u00e7a. E a Volkswagen desempenha muito bem nessas condi\u00e7\u00f5es\u201d, avalia o executivo.<\/p>&nbsp;&nbsp;\n<p>Entre os diferenciais da marca, tamb\u00e9m est\u00e1 a rede de concession\u00e1rias em todo o pa\u00eds, com capilaridade para atender os ve\u00edculos onde quer que operem. \u201cAssim, nossa expans\u00e3o nacional pode seguir com tranquilidade\u201d, afirma Gabriel. Outra vantagem \u00e9 que, com o contrato Volkstotal Plus, a TB Forte consegue prever seus custos de manuten\u00e7\u00e3o para garantir o melhor custo operacional.<\/p>&nbsp;&nbsp;\n<p>\u201cNossos chassis s\u00e3o vocacionados para a opera\u00e7\u00e3o como carro-forte, desenhado sob medida para aplica\u00e7\u00e3o com caracter\u00edsticas espec\u00edficas. Combinamos alta tecnologia para as pesadas exig\u00eancias dessa opera\u00e7\u00e3o. Sabemos como \u00e9 cr\u00edtica qualquer parada e desenvolvemos nossos modelos para entregar resultados superiores\u201d, ressalta Geraldo Bernardi, consultor de Vendas Especiais de Caminh\u00f5es da MAN Latin America.<\/p>&nbsp;&nbsp;\n<p><strong>Tend\u00eancias no setor<\/strong><br \/>Com uma d\u00e9cada no mercado de transporte de valores, a TB Forte se destaca como refer\u00eancia para o conforto de sua equipe, monitoramento total e seguran\u00e7a diferenciada. Foi a primeira a introduzir o ar condicionado em toda a sua frota. Tamb\u00e9m inovou com o GPS, inclus\u00e3o de c\u00e2meras com imagens ao vivo e outros dispositivos de seguran\u00e7a.<\/p>&nbsp;&nbsp;\n<p><a href=\"https:\/\/www.vwco.com.br\/uploads\/ckeditor\/5ad9e1a08ac82.jpeg\"><img decoding=\"async\" src=\"data:image\/gif;base64,R0lGODlhAQABAIAAAAAAAP\/\/\/ywAAAAAAQABAAACAUwAOw==\" fifu-lazy=\"1\" fifu-data-sizes=\"auto\" fifu-data-srcset=\"https:\/\/i3.wp.com\/www.vwco.com.br\/uploads\/ckeditor\/5ad9e1a08ac82.jpeg?ssl=1&w=75&resize=75&ssl=1 75w, https:\/\/i3.wp.com\/www.vwco.com.br\/uploads\/ckeditor\/5ad9e1a08ac82.jpeg?ssl=1&w=100&resize=100&ssl=1 100w, https:\/\/i3.wp.com\/www.vwco.com.br\/uploads\/ckeditor\/5ad9e1a08ac82.jpeg?ssl=1&w=150&resize=150&ssl=1 150w, https:\/\/i3.wp.com\/www.vwco.com.br\/uploads\/ckeditor\/5ad9e1a08ac82.jpeg?ssl=1&w=240&resize=240&ssl=1 240w, https:\/\/i3.wp.com\/www.vwco.com.br\/uploads\/ckeditor\/5ad9e1a08ac82.jpeg?ssl=1&w=320&resize=320&ssl=1 320w, https:\/\/i3.wp.com\/www.vwco.com.br\/uploads\/ckeditor\/5ad9e1a08ac82.jpeg?ssl=1&w=500&resize=500&ssl=1 500w, https:\/\/i3.wp.com\/www.vwco.com.br\/uploads\/ckeditor\/5ad9e1a08ac82.jpeg?ssl=1&w=640&resize=640&ssl=1 640w, https:\/\/i3.wp.com\/www.vwco.com.br\/uploads\/ckeditor\/5ad9e1a08ac82.jpeg?ssl=1&w=800&resize=800&ssl=1 800w, https:\/\/i3.wp.com\/www.vwco.com.br\/uploads\/ckeditor\/5ad9e1a08ac82.jpeg?ssl=1&w=1024&resize=1024&ssl=1 1024w, https:\/\/i3.wp.com\/www.vwco.com.br\/uploads\/ckeditor\/5ad9e1a08ac82.jpeg?ssl=1&w=1280&resize=1280&ssl=1 1280w, https:\/\/i3.wp.com\/www.vwco.com.br\/uploads\/ckeditor\/5ad9e1a08ac82.jpeg?ssl=1&w=1600&resize=1600&ssl=1 1600w\" alt fifu-data-src=\"https:\/\/i3.wp.com\/www.vwco.com.br\/uploads\/ckeditor\/5ad9e1a08ac82.jpeg?ssl=1\"><\/a>&nbsp;<a href=\"https:\/\/www.vwco.com.br\/uploads\/ckeditor\/5ad9e1ccc9b8c.jpeg\"><img decoding=\"async\" src=\"data:image\/gif;base64,R0lGODlhAQABAIAAAAAAAP\/\/\/ywAAAAAAQABAAACAUwAOw==\" fifu-lazy=\"1\" fifu-data-sizes=\"auto\" fifu-data-srcset=\"https:\/\/i0.wp.com\/www.vwco.com.br\/uploads\/ckeditor\/5ad9e1ccc9b8c.jpeg?ssl=1&w=75&resize=75&ssl=1 75w, https:\/\/i0.wp.com\/www.vwco.com.br\/uploads\/ckeditor\/5ad9e1ccc9b8c.jpeg?ssl=1&w=100&resize=100&ssl=1 100w, https:\/\/i0.wp.com\/www.vwco.com.br\/uploads\/ckeditor\/5ad9e1ccc9b8c.jpeg?ssl=1&w=150&resize=150&ssl=1 150w, https:\/\/i0.wp.com\/www.vwco.com.br\/uploads\/ckeditor\/5ad9e1ccc9b8c.jpeg?ssl=1&w=240&resize=240&ssl=1 240w, https:\/\/i0.wp.com\/www.vwco.com.br\/uploads\/ckeditor\/5ad9e1ccc9b8c.jpeg?ssl=1&w=320&resize=320&ssl=1 320w, https:\/\/i0.wp.com\/www.vwco.com.br\/uploads\/ckeditor\/5ad9e1ccc9b8c.jpeg?ssl=1&w=500&resize=500&ssl=1 500w, https:\/\/i0.wp.com\/www.vwco.com.br\/uploads\/ckeditor\/5ad9e1ccc9b8c.jpeg?ssl=1&w=640&resize=640&ssl=1 640w, https:\/\/i0.wp.com\/www.vwco.com.br\/uploads\/ckeditor\/5ad9e1ccc9b8c.jpeg?ssl=1&w=800&resize=800&ssl=1 800w, https:\/\/i0.wp.com\/www.vwco.com.br\/uploads\/ckeditor\/5ad9e1ccc9b8c.jpeg?ssl=1&w=1024&resize=1024&ssl=1 1024w, https:\/\/i0.wp.com\/www.vwco.com.br\/uploads\/ckeditor\/5ad9e1ccc9b8c.jpeg?ssl=1&w=1280&resize=1280&ssl=1 1280w, https:\/\/i0.wp.com\/www.vwco.com.br\/uploads\/ckeditor\/5ad9e1ccc9b8c.jpeg?ssl=1&w=1600&resize=1600&ssl=1 1600w\" alt fifu-data-src=\"https:\/\/i0.wp.com\/www.vwco.com.br\/uploads\/ckeditor\/5ad9e1ccc9b8c.jpeg?ssl=1\"><\/a><\/p>\n<p><a href=\"https:\/\/www.vwco.com.br\/uploads\/ckeditor\/5ad9e23386554.jpeg\"><img decoding=\"async\" src=\"data:image\/gif;base64,R0lGODlhAQABAIAAAAAAAP\/\/\/ywAAAAAAQABAAACAUwAOw==\" fifu-lazy=\"1\" fifu-data-sizes=\"auto\" fifu-data-srcset=\"https:\/\/i0.wp.com\/www.vwco.com.br\/uploads\/ckeditor\/5ad9e23386554.jpeg?ssl=1&w=75&resize=75&ssl=1 75w, https:\/\/i0.wp.com\/www.vwco.com.br\/uploads\/ckeditor\/5ad9e23386554.jpeg?ssl=1&w=100&resize=100&ssl=1 100w, https:\/\/i0.wp.com\/www.vwco.com.br\/uploads\/ckeditor\/5ad9e23386554.jpeg?ssl=1&w=150&resize=150&ssl=1 150w, https:\/\/i0.wp.com\/www.vwco.com.br\/uploads\/ckeditor\/5ad9e23386554.jpeg?ssl=1&w=240&resize=240&ssl=1 240w, https:\/\/i0.wp.com\/www.vwco.com.br\/uploads\/ckeditor\/5ad9e23386554.jpeg?ssl=1&w=320&resize=320&ssl=1 320w, https:\/\/i0.wp.com\/www.vwco.com.br\/uploads\/ckeditor\/5ad9e23386554.jpeg?ssl=1&w=500&resize=500&ssl=1 500w, https:\/\/i0.wp.com\/www.vwco.com.br\/uploads\/ckeditor\/5ad9e23386554.jpeg?ssl=1&w=640&resize=640&ssl=1 640w, https:\/\/i0.wp.com\/www.vwco.com.br\/uploads\/ckeditor\/5ad9e23386554.jpeg?ssl=1&w=800&resize=800&ssl=1 800w, https:\/\/i0.wp.com\/www.vwco.com.br\/uploads\/ckeditor\/5ad9e23386554.jpeg?ssl=1&w=1024&resize=1024&ssl=1 1024w, https:\/\/i0.wp.com\/www.vwco.com.br\/uploads\/ckeditor\/5ad9e23386554.jpeg?ssl=1&w=1280&resize=1280&ssl=1 1280w, https:\/\/i0.wp.com\/www.vwco.com.br\/uploads\/ckeditor\/5ad9e23386554.jpeg?ssl=1&w=1600&resize=1600&ssl=1 1600w\" alt fifu-data-src=\"https:\/\/i0.wp.com\/www.vwco.com.br\/uploads\/ckeditor\/5ad9e23386554.jpeg?ssl=1\"><\/a>&nbsp;<\/p>\n","protected":false},"excerpt":{"rendered":"<p>At\u00e9 o fim de 2018, a transportadora de valores TB Forte pretende expandir suas bases&#8230;<\/p>\n","protected":false},"author":1,"featured_media":0,"comment_status":"open","ping_status":"open","sticky":false,"template":"","format":"standard","meta":{"fifu_image_url":"","fifu_image_alt":"","footnotes":""},"categories":[727],"tags":[],"class_list":["post-76188","post","type-post","status-publish","format-standard","hentry","category-noticias","wpcat-727-id"],"_links":{"self":[{"href":"https:\/\/verde-amarelo.net\/verdeamarelo\/wp-json\/wp\/v2\/posts\/76188","targetHints":{"allow":["GET"]}}],"collection":[{"href":"https:\/\/verde-amarelo.net\/verdeamarelo\/wp-json\/wp\/v2\/posts"}],"about":[{"href":"https:\/\/verde-amarelo.net\/verdeamarelo\/wp-json\/wp\/v2\/types\/post"}],"author":[{"embeddable":true,"href":"https:\/\/verde-amarelo.net\/verdeamarelo\/wp-json\/wp\/v2\/users\/1"}],"replies":[{"embeddable":true,"href":"https:\/\/verde-amarelo.net\/verdeamarelo\/wp-json\/wp\/v2\/comments?post=76188"}],"version-history":[{"count":0,"href":"https:\/\/verde-amarelo.net\/verdeamarelo\/wp-json\/wp\/v2\/posts\/76188\/revisions"}],"wp:attachment":[{"href":"https:\/\/verde-amarelo.net\/verdeamarelo\/wp-json\/wp\/v2\/media?parent=76188"}],"wp:term":[{"taxonomy":"category","embeddable":true,"href":"https:\/\/verde-amarelo.net\/verdeamarelo\/wp-json\/wp\/v2\/categories?post=76188"},{"taxonomy":"post_tag","embeddable":true,"href":"https:\/\/verde-amarelo.net\/verdeamarelo\/wp-json\/wp\/v2\/tags?post=76188"}],"curies":[{"name":"wp","href":"https:\/\/api.w.org\/{rel}","templated":true}]}}