{"id":76192,"date":"2018-04-17T13:58:06","date_gmt":"2018-04-17T16:58:06","guid":{"rendered":"https:\/\/verde-amarelo.net\/verdeamarelo\/2018\/04\/onibus-volkswagen-25-anos-nas-concessionarias-de-todo-o-brasil\/"},"modified":"2018-04-17T13:58:06","modified_gmt":"2018-04-17T16:58:06","slug":"onibus-volkswagen-25-anos-nas-concessionarias-de-todo-o-brasil","status":"publish","type":"post","link":"https:\/\/verde-amarelo.net\/verdeamarelo\/2018\/04\/onibus-volkswagen-25-anos-nas-concessionarias-de-todo-o-brasil\/","title":{"rendered":"\u00d4nibus Volkswagen: 25 anos nas concession\u00e1rias de todo o Brasil"},"content":{"rendered":"<p><em>Rede apresentou ao cliente os \u00f4nibus que inauguravam a presen\u00e7a da marca Volkswagen no segmento<\/em><\/p>\n<p>H\u00e1 25 anos a rede de concession\u00e1rias da Volkswagen Caminh\u00f5es assumia um novo desafio: apresentar ao cliente os \u00f4nibus Volkswagen, que nasciam sob medida para o transporte coletivo de passageiros e inauguravam a presen\u00e7a da marca nesse segmento.<\/p>&nbsp;&nbsp;\n<p>Heitor Tosi Neto, concession\u00e1rio da marca, lembra-se bem desse momento. \u201cT\u00ednhamos a miss\u00e3o de ser uma&nbsp; op\u00e7\u00e3o competitiva e concreta aos empres\u00e1rios, provar que o nosso produto era bom e estar\u00edamos ao lado do cliente no p\u00f3s-vendas para todo e qualquer aux\u00edlio. E isso foi muito bem feito pela rede, com irrestrito apoio da VW.\u201d<\/p>\n<p>O projeto junto \u00e0 rede de concession\u00e1rios come\u00e7ou anos antes do lan\u00e7amento e envolveu o preparo para o ingresso nesse novo neg\u00f3cio, que trouxe uma s\u00e9rie de novidades em todos os \u00e2mbitos. \u201cEra uma nova cultura: nova marca, novo modo de oferecer ve\u00edculos, novo modelo no neg\u00f3cio de \u00f4nibus\u201d, destaca o empres\u00e1rio, hoje tamb\u00e9m presidente da ACAV (Associa\u00e7\u00e3o dos Concession\u00e1rios MAN Latin America).<\/p>&nbsp;&nbsp;\n<p>Tosi exemplifica que os investimentos na representa\u00e7\u00e3o da nova marca j\u00e1 deixavam bem clara a premissa dos \u00f4nibus Volkswagen. \u201cAdquirimos pe\u00e7as, ferramental espec\u00edfico, treinamos o pessoal de p\u00f3s-vendas, mas n\u00e3o foi necess\u00e1rio fazer grandes mudan\u00e7as na estrutura das concession\u00e1rias. Compramos, sim, uma oficina m\u00f3vel, um caminh\u00e3o VW 7.100 que ia \u00e0s garagens dos clientes para manuten\u00e7\u00e3o e acompanhamento pr\u00f3ximo. Ou seja: est\u00e1vamos onde o cliente estivesse.\u201d<\/p>\n<p>A f\u00f3rmula deu certo: a fun\u00e7\u00e3o de monitores de \u00f4nibus, criada com pioneirismo pela VW Caminh\u00f5es e \u00d4nibus, continua com for\u00e7a na rede em todo pa\u00eds. S\u00e3o 80 profissionais atendendo cerca de 22 mil ve\u00edculos por ano, o que soma mais de 550 mil Volksbus monitorados ao longo dessa hist\u00f3ria. A rede de concession\u00e1rias tamb\u00e9m \u00e9 destaque: s\u00e3o 80 pontos de atendimento dedicado ao cliente de \u00f4nibus, o que representa a maior capilaridade do Brasil.<\/p>&nbsp;&nbsp;\n<p>\u201cO papel do monitor de \u00f4nibus foi preponderante para o neg\u00f3cio desde o in\u00edcio. O cliente sentia que podia confiar, que era s\u00f3 o come\u00e7o de uma parceria duradoura, que anda paralelamente ao cont\u00ednuo desenvolvimento da engenharia, gra\u00e7as \u00e0 troca de experi\u00eancias\u201d, relembra Ricardo Alouche, vice-presidente de Vendas, Marketing e P\u00f3s-Vendas da MAN Latin America.<\/p>&nbsp;&nbsp;\n<p>\u201cV\u00ednhamos com um conceito diferente, pautado no ve\u00edculo sob medida, com testes nos clientes e acompanhamento nas garagens. Esse processo permeia toda nossa estrat\u00e9gia continuamente. E claro, a rede se dedicou e acreditou desde o in\u00edcio\u201d, complementa Alouche.<\/p>&nbsp;&nbsp;\n<p>Para Tosi, o legado dos 25 anos de Volksbus \u00e9 bastante comentado pelos clientes em toda a rede. \u201cTrata-se de um produto desenvolvido nas garagens, junto com os frotistas, quebrando paradigmas e abrindo o mercado. Valorizamos os clientes com suas opini\u00f5es\u201d.<\/p>&nbsp;&nbsp;\n<p><a href=\"https:\/\/www.vwco.com.br\/uploads\/ckeditor\/5ad5fda8ad92d.jpeg\"><img decoding=\"async\" src=\"data:image\/gif;base64,R0lGODlhAQABAIAAAAAAAP\/\/\/ywAAAAAAQABAAACAUwAOw==\" fifu-lazy=\"1\" fifu-data-sizes=\"auto\" fifu-data-srcset=\"https:\/\/i0.wp.com\/www.vwco.com.br\/uploads\/ckeditor\/5ad5fda8ad92d.jpeg?ssl=1&w=75&resize=75&ssl=1 75w, https:\/\/i0.wp.com\/www.vwco.com.br\/uploads\/ckeditor\/5ad5fda8ad92d.jpeg?ssl=1&w=100&resize=100&ssl=1 100w, https:\/\/i0.wp.com\/www.vwco.com.br\/uploads\/ckeditor\/5ad5fda8ad92d.jpeg?ssl=1&w=150&resize=150&ssl=1 150w, https:\/\/i0.wp.com\/www.vwco.com.br\/uploads\/ckeditor\/5ad5fda8ad92d.jpeg?ssl=1&w=240&resize=240&ssl=1 240w, https:\/\/i0.wp.com\/www.vwco.com.br\/uploads\/ckeditor\/5ad5fda8ad92d.jpeg?ssl=1&w=320&resize=320&ssl=1 320w, https:\/\/i0.wp.com\/www.vwco.com.br\/uploads\/ckeditor\/5ad5fda8ad92d.jpeg?ssl=1&w=500&resize=500&ssl=1 500w, https:\/\/i0.wp.com\/www.vwco.com.br\/uploads\/ckeditor\/5ad5fda8ad92d.jpeg?ssl=1&w=640&resize=640&ssl=1 640w, https:\/\/i0.wp.com\/www.vwco.com.br\/uploads\/ckeditor\/5ad5fda8ad92d.jpeg?ssl=1&w=800&resize=800&ssl=1 800w, https:\/\/i0.wp.com\/www.vwco.com.br\/uploads\/ckeditor\/5ad5fda8ad92d.jpeg?ssl=1&w=1024&resize=1024&ssl=1 1024w, https:\/\/i0.wp.com\/www.vwco.com.br\/uploads\/ckeditor\/5ad5fda8ad92d.jpeg?ssl=1&w=1280&resize=1280&ssl=1 1280w, https:\/\/i0.wp.com\/www.vwco.com.br\/uploads\/ckeditor\/5ad5fda8ad92d.jpeg?ssl=1&w=1600&resize=1600&ssl=1 1600w\" alt fifu-data-src=\"https:\/\/i0.wp.com\/www.vwco.com.br\/uploads\/ckeditor\/5ad5fda8ad92d.jpeg?ssl=1\"><\/a><\/p>\n<p><a href=\"https:\/\/www.vwco.com.br\/uploads\/ckeditor\/5ad5fe7949e8d.jpeg\"><img decoding=\"async\" src=\"data:image\/gif;base64,R0lGODlhAQABAIAAAAAAAP\/\/\/ywAAAAAAQABAAACAUwAOw==\" fifu-lazy=\"1\" fifu-data-sizes=\"auto\" fifu-data-srcset=\"https:\/\/i3.wp.com\/www.vwco.com.br\/uploads\/ckeditor\/5ad5fe7949e8d.jpeg?ssl=1&w=75&resize=75&ssl=1 75w, https:\/\/i3.wp.com\/www.vwco.com.br\/uploads\/ckeditor\/5ad5fe7949e8d.jpeg?ssl=1&w=100&resize=100&ssl=1 100w, https:\/\/i3.wp.com\/www.vwco.com.br\/uploads\/ckeditor\/5ad5fe7949e8d.jpeg?ssl=1&w=150&resize=150&ssl=1 150w, https:\/\/i3.wp.com\/www.vwco.com.br\/uploads\/ckeditor\/5ad5fe7949e8d.jpeg?ssl=1&w=240&resize=240&ssl=1 240w, https:\/\/i3.wp.com\/www.vwco.com.br\/uploads\/ckeditor\/5ad5fe7949e8d.jpeg?ssl=1&w=320&resize=320&ssl=1 320w, https:\/\/i3.wp.com\/www.vwco.com.br\/uploads\/ckeditor\/5ad5fe7949e8d.jpeg?ssl=1&w=500&resize=500&ssl=1 500w, https:\/\/i3.wp.com\/www.vwco.com.br\/uploads\/ckeditor\/5ad5fe7949e8d.jpeg?ssl=1&w=640&resize=640&ssl=1 640w, https:\/\/i3.wp.com\/www.vwco.com.br\/uploads\/ckeditor\/5ad5fe7949e8d.jpeg?ssl=1&w=800&resize=800&ssl=1 800w, https:\/\/i3.wp.com\/www.vwco.com.br\/uploads\/ckeditor\/5ad5fe7949e8d.jpeg?ssl=1&w=1024&resize=1024&ssl=1 1024w, https:\/\/i3.wp.com\/www.vwco.com.br\/uploads\/ckeditor\/5ad5fe7949e8d.jpeg?ssl=1&w=1280&resize=1280&ssl=1 1280w, https:\/\/i3.wp.com\/www.vwco.com.br\/uploads\/ckeditor\/5ad5fe7949e8d.jpeg?ssl=1&w=1600&resize=1600&ssl=1 1600w\" alt fifu-data-src=\"https:\/\/i3.wp.com\/www.vwco.com.br\/uploads\/ckeditor\/5ad5fe7949e8d.jpeg?ssl=1\"><\/a>&nbsp;<a href=\"https:\/\/www.vwco.com.br\/uploads\/ckeditor\/5ad5fe9ecbfa5.jpeg\"><img decoding=\"async\" src=\"data:image\/gif;base64,R0lGODlhAQABAIAAAAAAAP\/\/\/ywAAAAAAQABAAACAUwAOw==\" fifu-lazy=\"1\" fifu-data-sizes=\"auto\" fifu-data-srcset=\"https:\/\/i1.wp.com\/www.vwco.com.br\/uploads\/ckeditor\/5ad5fe9ecbfa5.jpeg?ssl=1&w=75&resize=75&ssl=1 75w, https:\/\/i1.wp.com\/www.vwco.com.br\/uploads\/ckeditor\/5ad5fe9ecbfa5.jpeg?ssl=1&w=100&resize=100&ssl=1 100w, https:\/\/i1.wp.com\/www.vwco.com.br\/uploads\/ckeditor\/5ad5fe9ecbfa5.jpeg?ssl=1&w=150&resize=150&ssl=1 150w, https:\/\/i1.wp.com\/www.vwco.com.br\/uploads\/ckeditor\/5ad5fe9ecbfa5.jpeg?ssl=1&w=240&resize=240&ssl=1 240w, https:\/\/i1.wp.com\/www.vwco.com.br\/uploads\/ckeditor\/5ad5fe9ecbfa5.jpeg?ssl=1&w=320&resize=320&ssl=1 320w, https:\/\/i1.wp.com\/www.vwco.com.br\/uploads\/ckeditor\/5ad5fe9ecbfa5.jpeg?ssl=1&w=500&resize=500&ssl=1 500w, https:\/\/i1.wp.com\/www.vwco.com.br\/uploads\/ckeditor\/5ad5fe9ecbfa5.jpeg?ssl=1&w=640&resize=640&ssl=1 640w, https:\/\/i1.wp.com\/www.vwco.com.br\/uploads\/ckeditor\/5ad5fe9ecbfa5.jpeg?ssl=1&w=800&resize=800&ssl=1 800w, https:\/\/i1.wp.com\/www.vwco.com.br\/uploads\/ckeditor\/5ad5fe9ecbfa5.jpeg?ssl=1&w=1024&resize=1024&ssl=1 1024w, https:\/\/i1.wp.com\/www.vwco.com.br\/uploads\/ckeditor\/5ad5fe9ecbfa5.jpeg?ssl=1&w=1280&resize=1280&ssl=1 1280w, https:\/\/i1.wp.com\/www.vwco.com.br\/uploads\/ckeditor\/5ad5fe9ecbfa5.jpeg?ssl=1&w=1600&resize=1600&ssl=1 1600w\" alt fifu-data-src=\"https:\/\/i1.wp.com\/www.vwco.com.br\/uploads\/ckeditor\/5ad5fe9ecbfa5.jpeg?ssl=1\"><\/a>&nbsp;<\/p>\n","protected":false},"excerpt":{"rendered":"<p>Rede apresentou ao cliente os \u00f4nibus que inauguravam a presen\u00e7a da marca Volkswagen no segmento&#8230;<\/p>\n","protected":false},"author":1,"featured_media":0,"comment_status":"open","ping_status":"open","sticky":false,"template":"","format":"standard","meta":{"fifu_image_url":"","fifu_image_alt":"","footnotes":""},"categories":[727],"tags":[],"class_list":["post-76192","post","type-post","status-publish","format-standard","hentry","category-noticias","wpcat-727-id"],"_links":{"self":[{"href":"https:\/\/verde-amarelo.net\/verdeamarelo\/wp-json\/wp\/v2\/posts\/76192","targetHints":{"allow":["GET"]}}],"collection":[{"href":"https:\/\/verde-amarelo.net\/verdeamarelo\/wp-json\/wp\/v2\/posts"}],"about":[{"href":"https:\/\/verde-amarelo.net\/verdeamarelo\/wp-json\/wp\/v2\/types\/post"}],"author":[{"embeddable":true,"href":"https:\/\/verde-amarelo.net\/verdeamarelo\/wp-json\/wp\/v2\/users\/1"}],"replies":[{"embeddable":true,"href":"https:\/\/verde-amarelo.net\/verdeamarelo\/wp-json\/wp\/v2\/comments?post=76192"}],"version-history":[{"count":0,"href":"https:\/\/verde-amarelo.net\/verdeamarelo\/wp-json\/wp\/v2\/posts\/76192\/revisions"}],"wp:attachment":[{"href":"https:\/\/verde-amarelo.net\/verdeamarelo\/wp-json\/wp\/v2\/media?parent=76192"}],"wp:term":[{"taxonomy":"category","embeddable":true,"href":"https:\/\/verde-amarelo.net\/verdeamarelo\/wp-json\/wp\/v2\/categories?post=76192"},{"taxonomy":"post_tag","embeddable":true,"href":"https:\/\/verde-amarelo.net\/verdeamarelo\/wp-json\/wp\/v2\/tags?post=76192"}],"curies":[{"name":"wp","href":"https:\/\/api.w.org\/{rel}","templated":true}]}}