{"id":76195,"date":"2018-04-10T12:08:02","date_gmt":"2018-04-10T15:08:02","guid":{"rendered":"https:\/\/verde-amarelo.net\/verdeamarelo\/2018\/04\/exportacoes-volksbus-mais-do-que-dobram-em-2018\/"},"modified":"2018-04-10T12:08:02","modified_gmt":"2018-04-10T15:08:02","slug":"exportacoes-volksbus-mais-do-que-dobram-em-2018","status":"publish","type":"post","link":"https:\/\/verde-amarelo.net\/verdeamarelo\/2018\/04\/exportacoes-volksbus-mais-do-que-dobram-em-2018\/","title":{"rendered":"Exporta\u00e7\u00f5es Volksbus mais do que dobram em 2018"},"content":{"rendered":"<ul>\n<li><em>Volume de \u00f4nibus para Am\u00e9rica Latina e \u00c1frica \u00e9 o maior j\u00e1 atingido<\/em><\/li>\n<li><em>Melhor primeiro trimestre de exporta\u00e7\u00f5es VWCO da hist\u00f3ria<\/em><\/li>\n<\/ul>\n<p>No m\u00eas em que celebra 25 anos, a fam\u00edlia Volksbus alcan\u00e7a mais um marco: o embarque acumulado de 956 \u00f4nibus aos tradicionais mercados da Am\u00e9rica Latina e \u00c1frica. O volume, negociado nos tr\u00eas primeiros meses do ano, \u00e9 mais do que o dobro do total registrado no mesmo per\u00edodo de 2017, que foi de 455 unidades.<\/p>&nbsp;&nbsp;\n<p>Dentre os modelos de chassis mais vendidos est\u00e3o os Volksbus 17.230 OD e 17.260 OD, que conquistaram os clientes do transporte urbano de passageiros, gra\u00e7as \u00e0 robustez, alto desempenho e tecnologia.<\/p>&nbsp;&nbsp;\n<p>\u201cNa estrat\u00e9gia de internacionaliza\u00e7\u00e3o de nossa empresa, os chassis de \u00f4nibus Volksbus t\u00eam protagonismo. Trinta por cento dos embarques de produtos Volkswagen ao exterior s\u00e3o chassis de \u00f4nibus produzidos na f\u00e1brica de Resende\u201d, comenta Roberto Cortes, presidente e CEO da MAN Latin America.<\/p>&nbsp;&nbsp;\n<p>Na prefer\u00eancia pelos Volksbus, pesou o exclusivo p\u00f3s-tratamento de emiss\u00f5es EGR do motor MAN, que dispensa o uso do Arla 32. A solu\u00e7\u00e3o foi testada e aprovada pelos clientes brasileiros, nas mais diversas caracter\u00edsticas de rodagem. E agora, mostra-se uma excelente alternativa de opera\u00e7\u00e3o em nossos mercados.<\/p>&nbsp;&nbsp;\n<p><strong>Recorde em caminh\u00f5es e \u00f4nibus<\/strong><br \/>O sucesso dos caminh\u00f5es e \u00f4nibus VW desenvolvidos e produzidos na f\u00e1brica da MAN Latin America em Resende (RJ) fez a empresa acelerar no primeiro trimestre: com 2.885 embarques, somando-se caminh\u00f5es e \u00f4nibus, a mais de 30 pa\u00edses, obteve o melhor primeiro trimestre de sua hist\u00f3ria, com alta de 20% sobre o volume registrado em 2008, at\u00e9 ent\u00e3o o mais alto.<\/p>&nbsp;&nbsp;\n<p>A montadora tamb\u00e9m teve o melhor m\u00eas de mar\u00e7o de todos os tempos para as vendas internacionais, com 992 embarques. \u201cAo longo dos anos, a engenharia da Volkswagen Caminh\u00f5es e \u00d4nibus sempre surpreendeu o mercado por sua r\u00e1pida capacidade de resposta \u00e0s demandas dos clientes. A resposta de frotistas e transportadores aut\u00f4nomos de dois continentes vem com resultados hist\u00f3ricos como os que estamos comemorando\u201d, diz o executivo.<\/p>&nbsp;&nbsp;\n<p><strong>Fam\u00edlia Volksbus: bem-vindo a bordo<\/strong><br \/>A linha Volksbus foi desenvolvida sob medida para atender \u00e0s mais variadas demandas de transporte de passageiros. Com chassis vers\u00e1teis e robustos, o portf\u00f3lio atende a operadores que precisam desde os modelos mini e micro que trafegam mais facilmente nos bairros at\u00e9 os chassis com motores dianteiros e traseiros, para linhas distribuidoras e alimentadoras.<\/p>&nbsp;&nbsp;\n<p>O Volksbus 17.230 OD \u00e9 indicado para opera\u00e7\u00f5es de transporte urbano e fretamento, unindo robustez e versatilidade. A motoriza\u00e7\u00e3o \u00e9 MAN D08, que n\u00e3o demanda o uso de Arla 32. O 17.230 OD ainda traz embreagem de 395 mm de di\u00e2metro e caixa de transmiss\u00e3o ZF 6S 1010 BO de seis velocidades com servo-assist\u00eancia e troca de marchas acionada por cabos, o que garante maior conforto e durabilidade de todo o conjunto.<\/p>&nbsp;&nbsp;\n<p>Dotado de motoriza\u00e7\u00e3o MAN D08 de 6 cilindros, o Volksbus 17.260 OD traz pot\u00eancia de 256 cavalos e torque de 900 Nm, provendo a for\u00e7a e a robustez necess\u00e1rias para encarar as mais diversas opera\u00e7\u00f5es urbanas e estradas. Adapta-se a carrocerias de at\u00e9 13,2 metros e conta com polia adicional de s\u00e9rie para facilitar a instala\u00e7\u00e3o do ar-condicionado.<\/p>&nbsp;&nbsp;\n<p><a href=\"https:\/\/www.vwco.com.br\/uploads\/ckeditor\/5acca9a7f3215.jpeg\"><img decoding=\"async\" src=\"data:image\/gif;base64,R0lGODlhAQABAIAAAAAAAP\/\/\/ywAAAAAAQABAAACAUwAOw==\" fifu-lazy=\"1\" fifu-data-sizes=\"auto\" fifu-data-srcset=\"https:\/\/i3.wp.com\/www.vwco.com.br\/uploads\/ckeditor\/5acca9a7f3215.jpeg?ssl=1&w=75&resize=75&ssl=1 75w, https:\/\/i3.wp.com\/www.vwco.com.br\/uploads\/ckeditor\/5acca9a7f3215.jpeg?ssl=1&w=100&resize=100&ssl=1 100w, https:\/\/i3.wp.com\/www.vwco.com.br\/uploads\/ckeditor\/5acca9a7f3215.jpeg?ssl=1&w=150&resize=150&ssl=1 150w, https:\/\/i3.wp.com\/www.vwco.com.br\/uploads\/ckeditor\/5acca9a7f3215.jpeg?ssl=1&w=240&resize=240&ssl=1 240w, https:\/\/i3.wp.com\/www.vwco.com.br\/uploads\/ckeditor\/5acca9a7f3215.jpeg?ssl=1&w=320&resize=320&ssl=1 320w, https:\/\/i3.wp.com\/www.vwco.com.br\/uploads\/ckeditor\/5acca9a7f3215.jpeg?ssl=1&w=500&resize=500&ssl=1 500w, https:\/\/i3.wp.com\/www.vwco.com.br\/uploads\/ckeditor\/5acca9a7f3215.jpeg?ssl=1&w=640&resize=640&ssl=1 640w, https:\/\/i3.wp.com\/www.vwco.com.br\/uploads\/ckeditor\/5acca9a7f3215.jpeg?ssl=1&w=800&resize=800&ssl=1 800w, https:\/\/i3.wp.com\/www.vwco.com.br\/uploads\/ckeditor\/5acca9a7f3215.jpeg?ssl=1&w=1024&resize=1024&ssl=1 1024w, https:\/\/i3.wp.com\/www.vwco.com.br\/uploads\/ckeditor\/5acca9a7f3215.jpeg?ssl=1&w=1280&resize=1280&ssl=1 1280w, https:\/\/i3.wp.com\/www.vwco.com.br\/uploads\/ckeditor\/5acca9a7f3215.jpeg?ssl=1&w=1600&resize=1600&ssl=1 1600w\" alt fifu-data-src=\"https:\/\/i3.wp.com\/www.vwco.com.br\/uploads\/ckeditor\/5acca9a7f3215.jpeg?ssl=1\"><\/a><\/p>\n<p><a href=\"https:\/\/www.vwco.com.br\/uploads\/ckeditor\/5accacf282b3b.jpeg\"><img decoding=\"async\" src=\"data:image\/gif;base64,R0lGODlhAQABAIAAAAAAAP\/\/\/ywAAAAAAQABAAACAUwAOw==\" fifu-lazy=\"1\" fifu-data-sizes=\"auto\" fifu-data-srcset=\"https:\/\/i1.wp.com\/www.vwco.com.br\/uploads\/ckeditor\/5accacf282b3b.jpeg?ssl=1&w=75&resize=75&ssl=1 75w, https:\/\/i1.wp.com\/www.vwco.com.br\/uploads\/ckeditor\/5accacf282b3b.jpeg?ssl=1&w=100&resize=100&ssl=1 100w, https:\/\/i1.wp.com\/www.vwco.com.br\/uploads\/ckeditor\/5accacf282b3b.jpeg?ssl=1&w=150&resize=150&ssl=1 150w, https:\/\/i1.wp.com\/www.vwco.com.br\/uploads\/ckeditor\/5accacf282b3b.jpeg?ssl=1&w=240&resize=240&ssl=1 240w, https:\/\/i1.wp.com\/www.vwco.com.br\/uploads\/ckeditor\/5accacf282b3b.jpeg?ssl=1&w=320&resize=320&ssl=1 320w, https:\/\/i1.wp.com\/www.vwco.com.br\/uploads\/ckeditor\/5accacf282b3b.jpeg?ssl=1&w=500&resize=500&ssl=1 500w, https:\/\/i1.wp.com\/www.vwco.com.br\/uploads\/ckeditor\/5accacf282b3b.jpeg?ssl=1&w=640&resize=640&ssl=1 640w, https:\/\/i1.wp.com\/www.vwco.com.br\/uploads\/ckeditor\/5accacf282b3b.jpeg?ssl=1&w=800&resize=800&ssl=1 800w, https:\/\/i1.wp.com\/www.vwco.com.br\/uploads\/ckeditor\/5accacf282b3b.jpeg?ssl=1&w=1024&resize=1024&ssl=1 1024w, https:\/\/i1.wp.com\/www.vwco.com.br\/uploads\/ckeditor\/5accacf282b3b.jpeg?ssl=1&w=1280&resize=1280&ssl=1 1280w, https:\/\/i1.wp.com\/www.vwco.com.br\/uploads\/ckeditor\/5accacf282b3b.jpeg?ssl=1&w=1600&resize=1600&ssl=1 1600w\" alt fifu-data-src=\"https:\/\/i1.wp.com\/www.vwco.com.br\/uploads\/ckeditor\/5accacf282b3b.jpeg?ssl=1\"><\/a>&nbsp;<\/p>\n","protected":false},"excerpt":{"rendered":"<p>Volume de \u00f4nibus para Am\u00e9rica Latina e \u00c1frica \u00e9 o maior j\u00e1 atingido Melhor primeiro&#8230;<\/p>\n","protected":false},"author":1,"featured_media":0,"comment_status":"open","ping_status":"open","sticky":false,"template":"","format":"standard","meta":{"fifu_image_url":"","fifu_image_alt":"","footnotes":""},"categories":[727],"tags":[],"class_list":["post-76195","post","type-post","status-publish","format-standard","hentry","category-noticias","wpcat-727-id"],"_links":{"self":[{"href":"https:\/\/verde-amarelo.net\/verdeamarelo\/wp-json\/wp\/v2\/posts\/76195","targetHints":{"allow":["GET"]}}],"collection":[{"href":"https:\/\/verde-amarelo.net\/verdeamarelo\/wp-json\/wp\/v2\/posts"}],"about":[{"href":"https:\/\/verde-amarelo.net\/verdeamarelo\/wp-json\/wp\/v2\/types\/post"}],"author":[{"embeddable":true,"href":"https:\/\/verde-amarelo.net\/verdeamarelo\/wp-json\/wp\/v2\/users\/1"}],"replies":[{"embeddable":true,"href":"https:\/\/verde-amarelo.net\/verdeamarelo\/wp-json\/wp\/v2\/comments?post=76195"}],"version-history":[{"count":0,"href":"https:\/\/verde-amarelo.net\/verdeamarelo\/wp-json\/wp\/v2\/posts\/76195\/revisions"}],"wp:attachment":[{"href":"https:\/\/verde-amarelo.net\/verdeamarelo\/wp-json\/wp\/v2\/media?parent=76195"}],"wp:term":[{"taxonomy":"category","embeddable":true,"href":"https:\/\/verde-amarelo.net\/verdeamarelo\/wp-json\/wp\/v2\/categories?post=76195"},{"taxonomy":"post_tag","embeddable":true,"href":"https:\/\/verde-amarelo.net\/verdeamarelo\/wp-json\/wp\/v2\/tags?post=76195"}],"curies":[{"name":"wp","href":"https:\/\/api.w.org\/{rel}","templated":true}]}}