{"id":76213,"date":"2018-02-15T15:25:41","date_gmt":"2018-02-15T17:25:41","guid":{"rendered":"https:\/\/verde-amarelo.net\/verdeamarelo\/2018\/02\/caminhao-vw-delivery-6-160-estreia-nas-concessionarias-de-todo-o-pais\/"},"modified":"2018-02-15T15:25:41","modified_gmt":"2018-02-15T17:25:41","slug":"caminhao-vw-delivery-6-160-estreia-nas-concessionarias-de-todo-o-pais","status":"publish","type":"post","link":"https:\/\/verde-amarelo.net\/verdeamarelo\/2018\/02\/caminhao-vw-delivery-6-160-estreia-nas-concessionarias-de-todo-o-pais\/","title":{"rendered":"Caminh\u00e3o VW Delivery 6.160 estreia nas concession\u00e1rias de todo o pa\u00eds"},"content":{"rendered":"<p>Ap\u00f3s a chegada dos caminh\u00f5es VW Delivery 9.170 e 11.180, \u00e9 a vez do VW Delivery 6.160 estrear nas concession\u00e1rias de todo o pa\u00eds. Com conforto de autom\u00f3vel e robustez de caminh\u00e3o, o ve\u00edculo chega com a melhor manobrabilidade da categoria, cabine ampla e confort\u00e1vel, importantes vantagens operacionais em rela\u00e7\u00e3o \u00e0 concorr\u00eancia e confere agilidade \u00e0 toda prova para as entregas urbanas que demandam maiores volumes de carga.<\/p>&nbsp;&nbsp;\n<p>\u201cO caminh\u00e3o VW Delivery 6.160 foi desenvolvido para definir um novo n\u00edvel no atendimento ao cliente e suas necessidades no transporte. Conseguimos alcan\u00e7ar atributos que o mercado espera de um aut\u00eantico caminh\u00e3o Volkswagen, que coloca a Man Latin America como a montadora com o melhor custo operacional do segmento\u201d, comenta Ricardo Yada, supervisor de Marketing do Produto da MAN Latin America.<\/p>&nbsp;&nbsp;\n<p>O VW Delivery 6.160 conta com caixa Eaton ESO-4206 de seis velocidades e motoriza\u00e7\u00e3o Cummins ISF de 2,8l com solu\u00e7\u00e3o SCR para o p\u00f3s-tratamento de gases e pot\u00eancia que chega a 156 cv e torque m\u00e1ximo de 430 Nm. Com importantes vantagens operacionais em rela\u00e7\u00e3o \u00e0 concorr\u00eancia, confere agilidade \u00e0 toda prova para as entregas urbanas que demandam maiores volumes de carga.<\/p>&nbsp;&nbsp;\n<p>A suspens\u00e3o dianteira independente, presente neste modelo de 6 toneladas, amplia o conforto a bordo e a manobrabilidade do ve\u00edculo. Como solu\u00e7\u00e3o sob medida para o anda e para das grandes cidades, este caminh\u00e3o traz freios a disco, que contam ainda com sistema de freio de s\u00e9rie ABS e EBD.<\/p>&nbsp;&nbsp;\n<p><strong>Capacidade de carga tamb\u00e9m \u00e9 diferencial no mercado<\/strong><\/p>\n<p>Al\u00e9m das tr\u00eas op\u00e7\u00f5es de configura\u00e7\u00e3o dispon\u00edveis para toda a nova linha Delivery: City, Trend e Prime, outro diferencial do modelo 6.160 \u00e9 a maior capacidade de carga e plataforma de sua categoria. Isso se traduz em mais produtividade para o transportador.<\/p>&nbsp;&nbsp;\n<p>Os caminh\u00f5es foram \u201cconstru\u00eddos em cima da balan\u00e7a\u201d, procurando otimizar ao m\u00e1ximo sua carga \u00fatil. Dessa forma, os novos integrantes da Volkswagen transportam em m\u00e9dia at\u00e9 10% a mais em peso e com volume superior em at\u00e9 15% frente \u00e0 concorr\u00eancia.<\/p>&nbsp;&nbsp;\n<p><a href=\"https:\/\/www.vwco.com.br\/uploads\/ckeditor\/5a85a69a55d60.jpeg\"><img decoding=\"async\" src=\"data:image\/gif;base64,R0lGODlhAQABAIAAAAAAAP\/\/\/ywAAAAAAQABAAACAUwAOw==\" fifu-lazy=\"1\" fifu-data-sizes=\"auto\" fifu-data-srcset=\"https:\/\/i3.wp.com\/www.vwco.com.br\/uploads\/ckeditor\/5a85a69a55d60.jpeg?ssl=1&w=75&resize=75&ssl=1 75w, https:\/\/i3.wp.com\/www.vwco.com.br\/uploads\/ckeditor\/5a85a69a55d60.jpeg?ssl=1&w=100&resize=100&ssl=1 100w, https:\/\/i3.wp.com\/www.vwco.com.br\/uploads\/ckeditor\/5a85a69a55d60.jpeg?ssl=1&w=150&resize=150&ssl=1 150w, https:\/\/i3.wp.com\/www.vwco.com.br\/uploads\/ckeditor\/5a85a69a55d60.jpeg?ssl=1&w=240&resize=240&ssl=1 240w, https:\/\/i3.wp.com\/www.vwco.com.br\/uploads\/ckeditor\/5a85a69a55d60.jpeg?ssl=1&w=320&resize=320&ssl=1 320w, https:\/\/i3.wp.com\/www.vwco.com.br\/uploads\/ckeditor\/5a85a69a55d60.jpeg?ssl=1&w=500&resize=500&ssl=1 500w, https:\/\/i3.wp.com\/www.vwco.com.br\/uploads\/ckeditor\/5a85a69a55d60.jpeg?ssl=1&w=640&resize=640&ssl=1 640w, https:\/\/i3.wp.com\/www.vwco.com.br\/uploads\/ckeditor\/5a85a69a55d60.jpeg?ssl=1&w=800&resize=800&ssl=1 800w, https:\/\/i3.wp.com\/www.vwco.com.br\/uploads\/ckeditor\/5a85a69a55d60.jpeg?ssl=1&w=1024&resize=1024&ssl=1 1024w, https:\/\/i3.wp.com\/www.vwco.com.br\/uploads\/ckeditor\/5a85a69a55d60.jpeg?ssl=1&w=1280&resize=1280&ssl=1 1280w, https:\/\/i3.wp.com\/www.vwco.com.br\/uploads\/ckeditor\/5a85a69a55d60.jpeg?ssl=1&w=1600&resize=1600&ssl=1 1600w\" alt fifu-data-src=\"https:\/\/i3.wp.com\/www.vwco.com.br\/uploads\/ckeditor\/5a85a69a55d60.jpeg?ssl=1\"><\/a><\/p>\n<p><a href=\"https:\/\/www.vwco.com.br\/uploads\/ckeditor\/5a85a6bcda15c.jpeg\"><img decoding=\"async\" src=\"data:image\/gif;base64,R0lGODlhAQABAIAAAAAAAP\/\/\/ywAAAAAAQABAAACAUwAOw==\" fifu-lazy=\"1\" fifu-data-sizes=\"auto\" fifu-data-srcset=\"https:\/\/i2.wp.com\/www.vwco.com.br\/uploads\/ckeditor\/5a85a6bcda15c.jpeg?ssl=1&w=75&resize=75&ssl=1 75w, https:\/\/i2.wp.com\/www.vwco.com.br\/uploads\/ckeditor\/5a85a6bcda15c.jpeg?ssl=1&w=100&resize=100&ssl=1 100w, https:\/\/i2.wp.com\/www.vwco.com.br\/uploads\/ckeditor\/5a85a6bcda15c.jpeg?ssl=1&w=150&resize=150&ssl=1 150w, https:\/\/i2.wp.com\/www.vwco.com.br\/uploads\/ckeditor\/5a85a6bcda15c.jpeg?ssl=1&w=240&resize=240&ssl=1 240w, https:\/\/i2.wp.com\/www.vwco.com.br\/uploads\/ckeditor\/5a85a6bcda15c.jpeg?ssl=1&w=320&resize=320&ssl=1 320w, https:\/\/i2.wp.com\/www.vwco.com.br\/uploads\/ckeditor\/5a85a6bcda15c.jpeg?ssl=1&w=500&resize=500&ssl=1 500w, https:\/\/i2.wp.com\/www.vwco.com.br\/uploads\/ckeditor\/5a85a6bcda15c.jpeg?ssl=1&w=640&resize=640&ssl=1 640w, https:\/\/i2.wp.com\/www.vwco.com.br\/uploads\/ckeditor\/5a85a6bcda15c.jpeg?ssl=1&w=800&resize=800&ssl=1 800w, https:\/\/i2.wp.com\/www.vwco.com.br\/uploads\/ckeditor\/5a85a6bcda15c.jpeg?ssl=1&w=1024&resize=1024&ssl=1 1024w, https:\/\/i2.wp.com\/www.vwco.com.br\/uploads\/ckeditor\/5a85a6bcda15c.jpeg?ssl=1&w=1280&resize=1280&ssl=1 1280w, https:\/\/i2.wp.com\/www.vwco.com.br\/uploads\/ckeditor\/5a85a6bcda15c.jpeg?ssl=1&w=1600&resize=1600&ssl=1 1600w\" alt fifu-data-src=\"https:\/\/i2.wp.com\/www.vwco.com.br\/uploads\/ckeditor\/5a85a6bcda15c.jpeg?ssl=1\"><\/a><\/p>\n","protected":false},"excerpt":{"rendered":"<p>Ap\u00f3s a chegada dos caminh\u00f5es VW Delivery 9.170 e 11.180, \u00e9 a vez do VW&#8230;<\/p>\n","protected":false},"author":1,"featured_media":0,"comment_status":"open","ping_status":"open","sticky":false,"template":"","format":"standard","meta":{"fifu_image_url":"","fifu_image_alt":"","footnotes":""},"categories":[727],"tags":[],"class_list":["post-76213","post","type-post","status-publish","format-standard","hentry","category-noticias","wpcat-727-id"],"_links":{"self":[{"href":"https:\/\/verde-amarelo.net\/verdeamarelo\/wp-json\/wp\/v2\/posts\/76213","targetHints":{"allow":["GET"]}}],"collection":[{"href":"https:\/\/verde-amarelo.net\/verdeamarelo\/wp-json\/wp\/v2\/posts"}],"about":[{"href":"https:\/\/verde-amarelo.net\/verdeamarelo\/wp-json\/wp\/v2\/types\/post"}],"author":[{"embeddable":true,"href":"https:\/\/verde-amarelo.net\/verdeamarelo\/wp-json\/wp\/v2\/users\/1"}],"replies":[{"embeddable":true,"href":"https:\/\/verde-amarelo.net\/verdeamarelo\/wp-json\/wp\/v2\/comments?post=76213"}],"version-history":[{"count":0,"href":"https:\/\/verde-amarelo.net\/verdeamarelo\/wp-json\/wp\/v2\/posts\/76213\/revisions"}],"wp:attachment":[{"href":"https:\/\/verde-amarelo.net\/verdeamarelo\/wp-json\/wp\/v2\/media?parent=76213"}],"wp:term":[{"taxonomy":"category","embeddable":true,"href":"https:\/\/verde-amarelo.net\/verdeamarelo\/wp-json\/wp\/v2\/categories?post=76213"},{"taxonomy":"post_tag","embeddable":true,"href":"https:\/\/verde-amarelo.net\/verdeamarelo\/wp-json\/wp\/v2\/tags?post=76213"}],"curies":[{"name":"wp","href":"https:\/\/api.w.org\/{rel}","templated":true}]}}