{"id":76214,"date":"2018-02-07T12:10:25","date_gmt":"2018-02-07T14:10:25","guid":{"rendered":"https:\/\/verde-amarelo.net\/verdeamarelo\/2018\/02\/mercado-argentino-ja-se-prepara-para-novos-delivery\/"},"modified":"2018-02-07T12:10:25","modified_gmt":"2018-02-07T14:10:25","slug":"mercado-argentino-ja-se-prepara-para-novos-delivery","status":"publish","type":"post","link":"https:\/\/verde-amarelo.net\/verdeamarelo\/2018\/02\/mercado-argentino-ja-se-prepara-para-novos-delivery\/","title":{"rendered":"Mercado argentino j\u00e1 se prepara para novos Delivery"},"content":{"rendered":"<p>Prevista para desembarcar em mar\u00e7o na Argentina, a nova fam\u00edlia Delivery j\u00e1 movimenta a rede de concession\u00e1rias da Volkswagen Caminh\u00f5es e \u00d4nibus no pa\u00eds. Cerca de 15 profissionais, escolhidos por terem desempenho destacado em 2017, estiveram na f\u00e1brica da marca no Brasil no \u00faltimo m\u00eas para conhecer a fundo as caracter\u00edsticas t\u00e9cnicas e comerciais dos novos produtos.<\/p>&nbsp;&nbsp;\n<p>\u201cTemos crescido substancialmente na Argentina, com recorde de vendas em 2017 e alta hist\u00f3rica de mais de 50% em rela\u00e7\u00e3o ao ano anterior. Maior mercado de exporta\u00e7\u00e3o da marca, o pa\u00eds ser\u00e1 um dos primeiros mercados fora o Brasil a receber a nova fam\u00edlia Delivery e esta amplia\u00e7\u00e3o do portf\u00f3lio vem para sustentar nossos ambiciosos planos de neg\u00f3cio: estar entre os maiores e melhores da ind\u00fastria mundial de caminh\u00f5es e \u00f4nibus\u201d, afirma Marcos Forgioni, vice-presidente de Vendas &amp; Marketing \u2013 Mercados Internacionais.<\/p>&nbsp;&nbsp;\n<p>De olho nesse objetivo, a montadora se vale de todos os recursos de capacita\u00e7\u00e3o para garantir o melhor atendimento aos clientes. Durante a vinda ao Brasil, al\u00e9m do treinamento, os profissionais puderam testar na pr\u00e1tica as vantagens dos novos caminh\u00f5es Delivery e visitaram a linha de produ\u00e7\u00e3o onde os ve\u00edculos s\u00e3o montados. Agora v\u00e3o atuar como multiplicadores em suas equipes.<\/p>&nbsp;&nbsp;\n<p>Em franca expans\u00e3o, a rede de concession\u00e1rias no pa\u00eds conta com 12 estabelecimentos, dos quais dois foram inaugurados no ano passado e a meta \u00e9 continuar a fortalecer essa assist\u00eancia em vendas e p\u00f3s-vendas aos transportadores e aut\u00f4nomos de toda a Argentina.<\/p>&nbsp;&nbsp;\n<p><strong>Nova plataforma mundial de caminh\u00f5es leves Volkswagen<\/strong><br \/>A Argentina ser\u00e1 um dos primeiros pa\u00edses fora o Brasil a receber a nova fam\u00edlia Delivery em sua jornada internacional. Os ve\u00edculos chegam para revolucionar o transporte de cargas no segmento de caminh\u00f5es leves. Os ve\u00edculos foram projetados, desenvolvidos e testados na Am\u00e9rica Latina, seguindo padr\u00f5es mundiais de certifica\u00e7\u00e3o e qualidade, o que carimba seu passaporte para os mais diversos destinos e os mais de 30 pa\u00edses que j\u00e1 apostam na robustez sob medida da VW Caminh\u00f5es e \u00d4nibus.<\/p>&nbsp;&nbsp;\n<p>Composta por modelos de 3,5 a 13 toneladas, a nova fam\u00edlia est\u00e1 pronta para conquistar o mundo: nasceu a partir da receita de sucesso da primeira linha Delivery e da experi\u00eancia dos clientes das mais de 100 mil unidades produzidas. Foi ouvindo o cliente que a Volkswagen Caminh\u00f5es e \u00d4nibus projetou esta gama de produtos sob medida para os dias de hoje.<br \/><a href=\"https:\/\/www.vwco.com.br\/uploads\/ckeditor\/5a7aecc857a60.jpeg\"><img decoding=\"async\" src=\"data:image\/gif;base64,R0lGODlhAQABAIAAAAAAAP\/\/\/ywAAAAAAQABAAACAUwAOw==\" fifu-lazy=\"1\" fifu-data-sizes=\"auto\" fifu-data-srcset=\"https:\/\/i3.wp.com\/www.vwco.com.br\/uploads\/ckeditor\/5a7aecc857a60.jpeg?ssl=1&w=75&resize=75&ssl=1 75w, https:\/\/i3.wp.com\/www.vwco.com.br\/uploads\/ckeditor\/5a7aecc857a60.jpeg?ssl=1&w=100&resize=100&ssl=1 100w, https:\/\/i3.wp.com\/www.vwco.com.br\/uploads\/ckeditor\/5a7aecc857a60.jpeg?ssl=1&w=150&resize=150&ssl=1 150w, https:\/\/i3.wp.com\/www.vwco.com.br\/uploads\/ckeditor\/5a7aecc857a60.jpeg?ssl=1&w=240&resize=240&ssl=1 240w, https:\/\/i3.wp.com\/www.vwco.com.br\/uploads\/ckeditor\/5a7aecc857a60.jpeg?ssl=1&w=320&resize=320&ssl=1 320w, https:\/\/i3.wp.com\/www.vwco.com.br\/uploads\/ckeditor\/5a7aecc857a60.jpeg?ssl=1&w=500&resize=500&ssl=1 500w, https:\/\/i3.wp.com\/www.vwco.com.br\/uploads\/ckeditor\/5a7aecc857a60.jpeg?ssl=1&w=640&resize=640&ssl=1 640w, https:\/\/i3.wp.com\/www.vwco.com.br\/uploads\/ckeditor\/5a7aecc857a60.jpeg?ssl=1&w=800&resize=800&ssl=1 800w, https:\/\/i3.wp.com\/www.vwco.com.br\/uploads\/ckeditor\/5a7aecc857a60.jpeg?ssl=1&w=1024&resize=1024&ssl=1 1024w, https:\/\/i3.wp.com\/www.vwco.com.br\/uploads\/ckeditor\/5a7aecc857a60.jpeg?ssl=1&w=1280&resize=1280&ssl=1 1280w, https:\/\/i3.wp.com\/www.vwco.com.br\/uploads\/ckeditor\/5a7aecc857a60.jpeg?ssl=1&w=1600&resize=1600&ssl=1 1600w\" alt fifu-data-src=\"https:\/\/i3.wp.com\/www.vwco.com.br\/uploads\/ckeditor\/5a7aecc857a60.jpeg?ssl=1\"><\/a><\/p>\n<p><a href=\"https:\/\/www.vwco.com.br\/uploads\/ckeditor\/5a7af55874bc2.jpeg\"><img decoding=\"async\" src=\"data:image\/gif;base64,R0lGODlhAQABAIAAAAAAAP\/\/\/ywAAAAAAQABAAACAUwAOw==\" fifu-lazy=\"1\" fifu-data-sizes=\"auto\" fifu-data-srcset=\"https:\/\/i0.wp.com\/www.vwco.com.br\/uploads\/ckeditor\/5a7af55874bc2.jpeg?ssl=1&w=75&resize=75&ssl=1 75w, https:\/\/i0.wp.com\/www.vwco.com.br\/uploads\/ckeditor\/5a7af55874bc2.jpeg?ssl=1&w=100&resize=100&ssl=1 100w, https:\/\/i0.wp.com\/www.vwco.com.br\/uploads\/ckeditor\/5a7af55874bc2.jpeg?ssl=1&w=150&resize=150&ssl=1 150w, https:\/\/i0.wp.com\/www.vwco.com.br\/uploads\/ckeditor\/5a7af55874bc2.jpeg?ssl=1&w=240&resize=240&ssl=1 240w, https:\/\/i0.wp.com\/www.vwco.com.br\/uploads\/ckeditor\/5a7af55874bc2.jpeg?ssl=1&w=320&resize=320&ssl=1 320w, https:\/\/i0.wp.com\/www.vwco.com.br\/uploads\/ckeditor\/5a7af55874bc2.jpeg?ssl=1&w=500&resize=500&ssl=1 500w, https:\/\/i0.wp.com\/www.vwco.com.br\/uploads\/ckeditor\/5a7af55874bc2.jpeg?ssl=1&w=640&resize=640&ssl=1 640w, https:\/\/i0.wp.com\/www.vwco.com.br\/uploads\/ckeditor\/5a7af55874bc2.jpeg?ssl=1&w=800&resize=800&ssl=1 800w, https:\/\/i0.wp.com\/www.vwco.com.br\/uploads\/ckeditor\/5a7af55874bc2.jpeg?ssl=1&w=1024&resize=1024&ssl=1 1024w, https:\/\/i0.wp.com\/www.vwco.com.br\/uploads\/ckeditor\/5a7af55874bc2.jpeg?ssl=1&w=1280&resize=1280&ssl=1 1280w, https:\/\/i0.wp.com\/www.vwco.com.br\/uploads\/ckeditor\/5a7af55874bc2.jpeg?ssl=1&w=1600&resize=1600&ssl=1 1600w\" alt fifu-data-src=\"https:\/\/i0.wp.com\/www.vwco.com.br\/uploads\/ckeditor\/5a7af55874bc2.jpeg?ssl=1\"><\/a><\/p>\n","protected":false},"excerpt":{"rendered":"<p>Prevista para desembarcar em mar\u00e7o na Argentina, a nova fam\u00edlia Delivery j\u00e1 movimenta a rede&#8230;<\/p>\n","protected":false},"author":1,"featured_media":0,"comment_status":"open","ping_status":"open","sticky":false,"template":"","format":"standard","meta":{"fifu_image_url":"","fifu_image_alt":"","footnotes":""},"categories":[727],"tags":[],"class_list":["post-76214","post","type-post","status-publish","format-standard","hentry","category-noticias","wpcat-727-id"],"_links":{"self":[{"href":"https:\/\/verde-amarelo.net\/verdeamarelo\/wp-json\/wp\/v2\/posts\/76214","targetHints":{"allow":["GET"]}}],"collection":[{"href":"https:\/\/verde-amarelo.net\/verdeamarelo\/wp-json\/wp\/v2\/posts"}],"about":[{"href":"https:\/\/verde-amarelo.net\/verdeamarelo\/wp-json\/wp\/v2\/types\/post"}],"author":[{"embeddable":true,"href":"https:\/\/verde-amarelo.net\/verdeamarelo\/wp-json\/wp\/v2\/users\/1"}],"replies":[{"embeddable":true,"href":"https:\/\/verde-amarelo.net\/verdeamarelo\/wp-json\/wp\/v2\/comments?post=76214"}],"version-history":[{"count":0,"href":"https:\/\/verde-amarelo.net\/verdeamarelo\/wp-json\/wp\/v2\/posts\/76214\/revisions"}],"wp:attachment":[{"href":"https:\/\/verde-amarelo.net\/verdeamarelo\/wp-json\/wp\/v2\/media?parent=76214"}],"wp:term":[{"taxonomy":"category","embeddable":true,"href":"https:\/\/verde-amarelo.net\/verdeamarelo\/wp-json\/wp\/v2\/categories?post=76214"},{"taxonomy":"post_tag","embeddable":true,"href":"https:\/\/verde-amarelo.net\/verdeamarelo\/wp-json\/wp\/v2\/tags?post=76214"}],"curies":[{"name":"wp","href":"https:\/\/api.w.org\/{rel}","templated":true}]}}