{"id":76216,"date":"2018-02-02T11:47:13","date_gmt":"2018-02-02T13:47:13","guid":{"rendered":"https:\/\/verde-amarelo.net\/verdeamarelo\/2018\/02\/onibus-volkswagen-17-230-od-garantem-o-transporte-dos-moradores-e-turistas-em-itanhaem-sp\/"},"modified":"2018-02-02T11:47:13","modified_gmt":"2018-02-02T13:47:13","slug":"onibus-volkswagen-17-230-od-garantem-o-transporte-dos-moradores-e-turistas-em-itanhaem-sp","status":"publish","type":"post","link":"https:\/\/verde-amarelo.net\/verdeamarelo\/2018\/02\/onibus-volkswagen-17-230-od-garantem-o-transporte-dos-moradores-e-turistas-em-itanhaem-sp\/","title":{"rendered":"\u00d4nibus Volkswagen 17.230 OD garantem o transporte dos moradores e turistas em Itanha\u00e9m (SP)"},"content":{"rendered":"<p>A Litoral Sul acaba de ampliar a frota com dez novos Volkbus 17.230 OD. Os modelos circulam em Itanha\u00e9m, litoral paulista, e chegaram para refor\u00e7ar e garantir o transporte de qualidade aos moradores e turistas da regi\u00e3o.<\/p>&nbsp;&nbsp;\n<p>&#8220;Nosso transporte di\u00e1rio recebe um aumento significativo de passageiros na alta temporada. E o tempo bom tem atra\u00eddo mais turistas para a cidade, por isso nossos \u00f4nibus n\u00e3o podem parar&#8221;, afirma Marlon Queiroz, respons\u00e1vel pela manuten\u00e7\u00e3o da empresa.<\/p>&nbsp;&nbsp;\n<p>Cada ve\u00edculo percorre, em m\u00e9dia, 6 a 10 mil quil\u00f4metros por m\u00eas, atestando a confian\u00e7a da empresa nos Volksbus h\u00e1 mais de vinte anos. &#8220;S\u00e3o ve\u00edculos robustos, com mec\u00e2nica f\u00e1cil, pe\u00e7as com excelente custo de aquisi\u00e7\u00e3o e alta disponibilidade&#8221;, enumera Andr\u00e9 Joaquim, respons\u00e1vel pela \u00e1rea de Tr\u00e1feco da Litoral Sul, que tem na concession\u00e1ria Apta outra forte aliada. &#8220;Temos uma boa parceria, a Apta Litoral historicamente preza pelo relacionamento pr\u00f3ximo, sob medida para a opera\u00e7\u00e3o&#8221;, conclui.<\/p>&nbsp;&nbsp;\n<p>Jorge Carrer, gerente executivo de Vendas de \u00d4nibus da MAN Latin America, refor\u00e7a a versatilidade dos Volksbus. &#8220;No ano em que completa 25 anos, a fam\u00edlia Volksbus est\u00e1 em todas as partes do Brasil, marcando presen\u00e7a na vida dos passageiros tanto nos estudos e trabalho quanto no lazer. \u00c9 uma grata miss\u00e3o evoluir junto com o sistema de transporte, oferecendo robustez, conforto e tecnologia sob medida.&#8221;<\/p>\n<p>A linha Volksbus foi desenvolvida sob medida para atender \u00e0s mais variadas demandas de transporte de passageiros. Com chassis vers\u00e1teis e robustos, o portf\u00f3lio atende a operadores que precisam desde os modelos mini e micro que trafegam mais facilmente nos bairros at\u00e9 os chassis com motores dianteiros e traseiros, para linhas distribuidoras e alimentadoras.<\/p>&nbsp;&nbsp;\n<p>O Volksbus 17.230 OD \u00e9 indicado para opera\u00e7\u00f5es de transporte urbano e fretamento, adapta-se a carrocerias de at\u00e9 13,2 metros, unindo robustez e versatilidade. Com polia adicional de s\u00e9rie, facilita a instala\u00e7\u00e3o do ar-condicionado. O 17.230 OD ainda traz embreagem de 395 mm de di\u00e2metro e caixa de transmiss\u00e3o ZF 6S 1010 BO de seis velocidades com servo-assist\u00eancia e troca de marchas acionada por cabos, o que garante maior conforto e durabilidade de todo o conjunto.<\/p>&nbsp;&nbsp;\n<p><a href=\"https:\/\/www.vwco.com.br\/uploads\/ckeditor\/5a744fd447333.jpeg\"><img decoding=\"async\" src=\"data:image\/gif;base64,R0lGODlhAQABAIAAAAAAAP\/\/\/ywAAAAAAQABAAACAUwAOw==\" fifu-lazy=\"1\" fifu-data-sizes=\"auto\" fifu-data-srcset=\"https:\/\/i2.wp.com\/www.vwco.com.br\/uploads\/ckeditor\/5a744fd447333.jpeg?ssl=1&w=75&resize=75&ssl=1 75w, https:\/\/i2.wp.com\/www.vwco.com.br\/uploads\/ckeditor\/5a744fd447333.jpeg?ssl=1&w=100&resize=100&ssl=1 100w, https:\/\/i2.wp.com\/www.vwco.com.br\/uploads\/ckeditor\/5a744fd447333.jpeg?ssl=1&w=150&resize=150&ssl=1 150w, https:\/\/i2.wp.com\/www.vwco.com.br\/uploads\/ckeditor\/5a744fd447333.jpeg?ssl=1&w=240&resize=240&ssl=1 240w, https:\/\/i2.wp.com\/www.vwco.com.br\/uploads\/ckeditor\/5a744fd447333.jpeg?ssl=1&w=320&resize=320&ssl=1 320w, https:\/\/i2.wp.com\/www.vwco.com.br\/uploads\/ckeditor\/5a744fd447333.jpeg?ssl=1&w=500&resize=500&ssl=1 500w, https:\/\/i2.wp.com\/www.vwco.com.br\/uploads\/ckeditor\/5a744fd447333.jpeg?ssl=1&w=640&resize=640&ssl=1 640w, https:\/\/i2.wp.com\/www.vwco.com.br\/uploads\/ckeditor\/5a744fd447333.jpeg?ssl=1&w=800&resize=800&ssl=1 800w, https:\/\/i2.wp.com\/www.vwco.com.br\/uploads\/ckeditor\/5a744fd447333.jpeg?ssl=1&w=1024&resize=1024&ssl=1 1024w, https:\/\/i2.wp.com\/www.vwco.com.br\/uploads\/ckeditor\/5a744fd447333.jpeg?ssl=1&w=1280&resize=1280&ssl=1 1280w, https:\/\/i2.wp.com\/www.vwco.com.br\/uploads\/ckeditor\/5a744fd447333.jpeg?ssl=1&w=1600&resize=1600&ssl=1 1600w\" alt fifu-data-src=\"https:\/\/i2.wp.com\/www.vwco.com.br\/uploads\/ckeditor\/5a744fd447333.jpeg?ssl=1\"><\/a>&nbsp;<a href=\"https:\/\/www.vwco.com.br\/uploads\/ckeditor\/5a74500714e87.jpeg\"><img decoding=\"async\" src=\"data:image\/gif;base64,R0lGODlhAQABAIAAAAAAAP\/\/\/ywAAAAAAQABAAACAUwAOw==\" fifu-lazy=\"1\" fifu-data-sizes=\"auto\" fifu-data-srcset=\"https:\/\/i2.wp.com\/www.vwco.com.br\/uploads\/ckeditor\/5a74500714e87.jpeg?ssl=1&w=75&resize=75&ssl=1 75w, https:\/\/i2.wp.com\/www.vwco.com.br\/uploads\/ckeditor\/5a74500714e87.jpeg?ssl=1&w=100&resize=100&ssl=1 100w, https:\/\/i2.wp.com\/www.vwco.com.br\/uploads\/ckeditor\/5a74500714e87.jpeg?ssl=1&w=150&resize=150&ssl=1 150w, https:\/\/i2.wp.com\/www.vwco.com.br\/uploads\/ckeditor\/5a74500714e87.jpeg?ssl=1&w=240&resize=240&ssl=1 240w, https:\/\/i2.wp.com\/www.vwco.com.br\/uploads\/ckeditor\/5a74500714e87.jpeg?ssl=1&w=320&resize=320&ssl=1 320w, https:\/\/i2.wp.com\/www.vwco.com.br\/uploads\/ckeditor\/5a74500714e87.jpeg?ssl=1&w=500&resize=500&ssl=1 500w, https:\/\/i2.wp.com\/www.vwco.com.br\/uploads\/ckeditor\/5a74500714e87.jpeg?ssl=1&w=640&resize=640&ssl=1 640w, https:\/\/i2.wp.com\/www.vwco.com.br\/uploads\/ckeditor\/5a74500714e87.jpeg?ssl=1&w=800&resize=800&ssl=1 800w, https:\/\/i2.wp.com\/www.vwco.com.br\/uploads\/ckeditor\/5a74500714e87.jpeg?ssl=1&w=1024&resize=1024&ssl=1 1024w, https:\/\/i2.wp.com\/www.vwco.com.br\/uploads\/ckeditor\/5a74500714e87.jpeg?ssl=1&w=1280&resize=1280&ssl=1 1280w, https:\/\/i2.wp.com\/www.vwco.com.br\/uploads\/ckeditor\/5a74500714e87.jpeg?ssl=1&w=1600&resize=1600&ssl=1 1600w\" alt fifu-data-src=\"https:\/\/i2.wp.com\/www.vwco.com.br\/uploads\/ckeditor\/5a74500714e87.jpeg?ssl=1\"><\/a><\/p>\n","protected":false},"excerpt":{"rendered":"<p>A Litoral Sul acaba de ampliar a frota com dez novos Volkbus 17.230 OD. Os&#8230;<\/p>\n","protected":false},"author":1,"featured_media":0,"comment_status":"open","ping_status":"open","sticky":false,"template":"","format":"standard","meta":{"fifu_image_url":"","fifu_image_alt":"","footnotes":""},"categories":[727],"tags":[],"class_list":["post-76216","post","type-post","status-publish","format-standard","hentry","category-noticias","wpcat-727-id"],"_links":{"self":[{"href":"https:\/\/verde-amarelo.net\/verdeamarelo\/wp-json\/wp\/v2\/posts\/76216","targetHints":{"allow":["GET"]}}],"collection":[{"href":"https:\/\/verde-amarelo.net\/verdeamarelo\/wp-json\/wp\/v2\/posts"}],"about":[{"href":"https:\/\/verde-amarelo.net\/verdeamarelo\/wp-json\/wp\/v2\/types\/post"}],"author":[{"embeddable":true,"href":"https:\/\/verde-amarelo.net\/verdeamarelo\/wp-json\/wp\/v2\/users\/1"}],"replies":[{"embeddable":true,"href":"https:\/\/verde-amarelo.net\/verdeamarelo\/wp-json\/wp\/v2\/comments?post=76216"}],"version-history":[{"count":0,"href":"https:\/\/verde-amarelo.net\/verdeamarelo\/wp-json\/wp\/v2\/posts\/76216\/revisions"}],"wp:attachment":[{"href":"https:\/\/verde-amarelo.net\/verdeamarelo\/wp-json\/wp\/v2\/media?parent=76216"}],"wp:term":[{"taxonomy":"category","embeddable":true,"href":"https:\/\/verde-amarelo.net\/verdeamarelo\/wp-json\/wp\/v2\/categories?post=76216"},{"taxonomy":"post_tag","embeddable":true,"href":"https:\/\/verde-amarelo.net\/verdeamarelo\/wp-json\/wp\/v2\/tags?post=76216"}],"curies":[{"name":"wp","href":"https:\/\/api.w.org\/{rel}","templated":true}]}}