{"id":76288,"date":"2019-06-04T13:17:00","date_gmt":"2019-06-04T16:17:00","guid":{"rendered":"https:\/\/verde-amarelo.net\/verdeamarelo\/2019\/06\/portal-embarque-na-viagem-mergulha-na-historia-do-vinho-do-porto\/"},"modified":"2019-06-04T13:17:00","modified_gmt":"2019-06-04T16:17:00","slug":"portal-embarque-na-viagem-mergulha-na-historia-do-vinho-do-porto","status":"publish","type":"post","link":"https:\/\/verde-amarelo.net\/verdeamarelo\/2019\/06\/portal-embarque-na-viagem-mergulha-na-historia-do-vinho-do-porto\/","title":{"rendered":"Portal Embarque na Viagem mergulha na hist\u00f3ria do vinho do Porto"},"content":{"rendered":"<p><span class=\"xn-location\">RIO DE JANEIRO<\/span>, 4 de junho de 2019  &#8212; Naira Amorelli, editora do Portal <a href=\"http:\/\/www.embarquenaviagem.com\/\" rel=\"nofollow noopener noreferrer\" target=\"_blank\">Embarque na Viagem<\/a> viajou para <span class=\"xn-location\">Portugal<\/span> no final do ano passado em press trip organizada pelo <strong><a href=\"https:\/\/portaldeportugal.com\/\" rel=\"nofollow noopener noreferrer\" target=\"_blank\">Portal de <span class=\"xn-location\">Portugal<\/span><\/a><\/strong> e a convite da Real Companhia Velha \u2013 a mais antiga empresa portuguesa &#8211; e da&nbsp;<strong><a href=\"http:\/\/barrinhas.com.br\/site\/\" rel=\"nofollow noopener noreferrer\" target=\"_blank\">Importadora Barrinhas<\/a><\/strong>, conheceu o Museu da 1\u00aa Demarca\u00e7\u00e3o do Douro, um espa\u00e7o dedicado \u00e0 mais antiga regi\u00e3o vin\u00edcola demarcada e regulamentada do Mundo.<\/p>&nbsp;&nbsp;\n<p>Inaugurado no dia 30 de agosto de 2018, o 17\u202256 Museu &amp; Enoteca, est\u00e1 localizado \u00e0 beira do rio Douro, no Cais de Gaia e possui dois pisos, onde vinho, gastronomia e hist\u00f3ria se complementam. O&nbsp;<strong>Museu&nbsp;da&nbsp;1.\u00aa&nbsp;Demarca\u00e7\u00e3o<\/strong>&nbsp;fica no piso 0 e conta tamb\u00e9m com uma sala de provas e loja de vinhos. No museu, a hist\u00f3ria do Douro \u00e9 contada em sete cap\u00edtulos e claro, come\u00e7a nas origens da Companhia Geral da Agricultura das Vinhas do Alto Douro. A segunda parte \u00e9 dedicada \u00e0s personalidades que fazem parte da hist\u00f3ria da companhia, dos primeiros presidentes aos mais recentes, sem esquecer o rei D. Jos\u00e9 I e o marqu\u00eas de Pombal.<\/p>&nbsp;&nbsp;\n<p>Depois \u00e9 hora de a Real Companhia Velha ser apresentada, e surge o Alvar\u00e1 R\u00e9gio, assinado pelo rei no dia 10 de setembro de 1756. \u00c9 o documento original, e os visitantes podem ler e folhear em um formato digital. O museu disponibiliza duas vers\u00f5es, uma para crian\u00e7as e outra para adultos.<\/p>&nbsp;&nbsp;\n<p>A exposi\u00e7\u00e3o segue pela transforma\u00e7\u00e3o do territ\u00f3rio e pelo impacto que a Real Companhia Velha teve no ensino da cidade do <span class=\"xn-location\">Porto<\/span>, passando pela presen\u00e7a comercial da companhia no mundo e pela evolu\u00e7\u00e3o da identidade da marca.<\/p>&nbsp;&nbsp;\n<p>O Museu da 1\u00aa Demarca\u00e7\u00e3o \u00e9 um regresso \u00e0s origens da Real Companhia Velha e do Douro. Localizado \u00e0 beira do ic\u00f4nico rio, no Cais de Gaia e aberto de ter\u00e7a a domingo, das 12h \u00e0s 18 horas, o museu possui algumas op\u00e7\u00f5es de ingressos, que v\u00e3o de 5 a <span class=\"xn-money\">15 euros<\/span> por pessoa, e alguns ingressos oferecem prova de vinhos do <span class=\"xn-location\">Porto<\/span>.<\/p>&nbsp;&nbsp;\n<p>Na categoria &#8220;Simples&#8221;, o ingresso custa 5,00\u20ac e contempla apenas a visita\u00e7\u00e3o ao museu, o mesmo vale para o ingresso Infantil (crian\u00e7as entre os 6 e os 12 anos de idade) que custa 2,50\u20ac. J\u00e1 a categoria &#8220;<span class=\"xn-location\">Porto<\/span>&#8221; oferece o ingresso ao Museu e duas provas de vinho do <span class=\"xn-location\">Porto<\/span> por 15,00\u20ac. Tamb\u00e9m h\u00e1 a op\u00e7\u00e3o de &#8220;Prova infantil&#8221;, que por 7,50\u20ac inclui ingresso ao museu e prova de suco de uva. Para os experts a &#8220;Enoteca Experience&#8221; inclui quatro provas de vinho do <span class=\"xn-location\">Porto<\/span> e ingresso ao museu, e custa 25,00\u20ac por pessoa. Todo o 2\u00ba s\u00e1bado de cada m\u00eas o ingresso \u00e9 gratuito, mas apenas para cidad\u00e3os portugueses \u2013 mediante identifica\u00e7\u00e3o.<\/p>&nbsp;&nbsp;\n<p>&#8220;No mesmo pr\u00e9dio, a hist\u00f3ria da 1\u00aa Demarca\u00e7\u00e3o do Douro \u00e9 contada e tamb\u00e9m podemos provar os melhores vinhos nacionais e internacionais. Ent\u00e3o posso afirmar que onde o vinho \u00e9 rei, a comida \u00e9 a companhia perfeita&#8221; Diz Naira Amorelli.<\/p>&nbsp;&nbsp;\n<p>O espa\u00e7o \u00e9 amplo, moderno e muito elegante, ocupa cerca de tr\u00eas mil metros quadrados e est\u00e1 dividido em dois pisos. O Museu da 1\u00aa Demarca\u00e7\u00e3o fica no primeiro, lado a lado com uma enorme e charmosa loja de vinhos e uma sala de provas e a Enoteca 17\u202256 fica no segundo piso.<\/p>&nbsp;&nbsp;\n<p><strong>O Museu da 1\u00aa Demarca\u00e7\u00e3o do Douro fica na<\/strong>&nbsp;Alameda da <span class=\"xn-person\">Rua de Serpa Pinto<\/span>, <span class=\"xn-money\">44B<\/span> \u2013 Vila Nova de Gaia \u2013 <span class=\"xn-location\">Portugal<\/span>. O telefone de contato \u00e9 o (+351) 222 448 501 e o endere\u00e7o do site \u00e9&nbsp;<a href=\"https:\/\/museurealcompanhiavelha.pt\/\" rel=\"nofollow noopener noreferrer\" target=\"_blank\">museurealcompanhiavelha.pt<\/a>.<\/p>&nbsp;&nbsp;\n<p>Para saber mais sobre a Enoteca 17\u202256 \u2013 a converg\u00eancia entre vinho, gastronomia e hist\u00f3ria, basta acessar<a href=\"http:\/\/www.embarquenaviagem.com\/2019\/01\/24\/enoteca-17%E2%80%A256-portugal-porto\/\" rel=\"nofollow noopener noreferrer\" target=\"_blank\">&nbsp;embarquenaviagem.com\/2019\/01\/24\/enoteca-17\u202256-portugal-porto<\/a> e conferir a mat\u00e9ria.<\/p>&nbsp;&nbsp;\n<p>Contato:<\/p>\n<p><span class=\"xn-person\">Eduardo Madeira<\/span>: <a href=\"mailto:madeira@embarquenaviagem.com\" rel=\"nofollow noopener noreferrer\" target=\"_blank\">madeira@embarquenaviagem.com<\/a><\/p>\n<p>Celular\/Whatsapp: +55.21.96746-9983<\/p>\n<p><a href=\"http:\/\/www.portaldeportugal.com\/\" rel=\"nofollow noopener noreferrer\" target=\"_blank\">www.portaldeportugal.com<\/a><\/p>\n<p>FONTE Embarque na Viagem<\/p>\n","protected":false},"excerpt":{"rendered":"<p>RIO DE JANEIRO, 4 de junho de 2019 &#8212; Naira Amorelli, editora do Portal Embarque&#8230;<\/p>\n","protected":false},"author":1,"featured_media":0,"comment_status":"open","ping_status":"open","sticky":false,"template":"","format":"standard","meta":{"fifu_image_url":"","fifu_image_alt":"","footnotes":""},"categories":[727],"tags":[10260],"class_list":["post-76288","post","type-post","status-publish","format-standard","hentry","category-noticias","tag-bebidasgastronomiaturismovinhos","wpcat-727-id"],"_links":{"self":[{"href":"https:\/\/verde-amarelo.net\/verdeamarelo\/wp-json\/wp\/v2\/posts\/76288","targetHints":{"allow":["GET"]}}],"collection":[{"href":"https:\/\/verde-amarelo.net\/verdeamarelo\/wp-json\/wp\/v2\/posts"}],"about":[{"href":"https:\/\/verde-amarelo.net\/verdeamarelo\/wp-json\/wp\/v2\/types\/post"}],"author":[{"embeddable":true,"href":"https:\/\/verde-amarelo.net\/verdeamarelo\/wp-json\/wp\/v2\/users\/1"}],"replies":[{"embeddable":true,"href":"https:\/\/verde-amarelo.net\/verdeamarelo\/wp-json\/wp\/v2\/comments?post=76288"}],"version-history":[{"count":0,"href":"https:\/\/verde-amarelo.net\/verdeamarelo\/wp-json\/wp\/v2\/posts\/76288\/revisions"}],"wp:attachment":[{"href":"https:\/\/verde-amarelo.net\/verdeamarelo\/wp-json\/wp\/v2\/media?parent=76288"}],"wp:term":[{"taxonomy":"category","embeddable":true,"href":"https:\/\/verde-amarelo.net\/verdeamarelo\/wp-json\/wp\/v2\/categories?post=76288"},{"taxonomy":"post_tag","embeddable":true,"href":"https:\/\/verde-amarelo.net\/verdeamarelo\/wp-json\/wp\/v2\/tags?post=76288"}],"curies":[{"name":"wp","href":"https:\/\/api.w.org\/{rel}","templated":true}]}}