{"id":76294,"date":"2018-08-31T13:18:00","date_gmt":"2018-08-31T16:18:00","guid":{"rendered":"https:\/\/verde-amarelo.net\/verdeamarelo\/2018\/08\/primeira-edicao-do-robb-report-day-no-brasil-lancara-robb-report-best-of-the-best\/"},"modified":"2018-08-31T13:18:00","modified_gmt":"2018-08-31T16:18:00","slug":"primeira-edicao-do-robb-report-day-no-brasil-lancara-robb-report-best-of-the-best","status":"publish","type":"post","link":"https:\/\/verde-amarelo.net\/verdeamarelo\/2018\/08\/primeira-edicao-do-robb-report-day-no-brasil-lancara-robb-report-best-of-the-best\/","title":{"rendered":"Primeira edi\u00e7\u00e3o do Robb Report Day no Brasil lan\u00e7ar\u00e1 Robb Report Best Of The Best"},"content":{"rendered":"<p><em><strong>Realizado pelo Grupo Doria, evento reunir\u00e1 personalidades na Fazenda Boa Vista para uma tarde de experi\u00eancias exclusivas<\/strong><\/em><\/p>\n<div readability=\"110.76829730755\">\n<p>S\u00c3O PAULO, 31 de agosto de 2018  &#8212; O <strong>Robb Report Day<\/strong>, que acontece na Fazenda Boa Vista, em Porto Feliz (SP), neste s\u00e1bado, 1\u00ba de setembro, desembarca no Brasil para sua primeira edi\u00e7\u00e3o. Com cenografia assinada pela conceituada <span class=\"xn-person\">Chris Ayrosa<\/span>, os convidados \u2013 celebridades e empres\u00e1rios \u2013 contar\u00e3o com uma gama de atividades gastron\u00f4micas, art\u00edsticas, automobil\u00edsticas, entre outras.<\/p>&nbsp;&nbsp;\n<p>O evento marca o lan\u00e7amento do terceiro n\u00famero da revista <strong>Robb Report Brasil<\/strong>, publica\u00e7\u00e3o da Doria Editora, que traz o especial <strong>Best of the Best<\/strong>, seu tradicional ranking internacional com o que h\u00e1 de melhor no mundo, desde carros e viagens at\u00e9 gastronomia e vinhos.<\/p>&nbsp;&nbsp;\n<p>Uma dos pontos altos das experi\u00eancias ficar\u00e1 por conta da gastronomia. O <strong>Robb Report Day<\/strong> receber\u00e1 o renomado chef <span class=\"xn-person\">Vinicius Rojo<\/span>, convidado especial de <span class=\"xn-person\">Daniel Mendez<\/span>, da Sapore. Para acompanhar os pratos do chef, a Black Princess, marca fluminense de cerveja pertencente ao Grupo Petr\u00f3polis, ter\u00e1 um bar especial.<\/p>&nbsp;&nbsp;\n<p>A tarde de s\u00e1bado tamb\u00e9m contar\u00e1 com degusta\u00e7\u00e3o de chocolates 100% brasileiros da Dengo e sorvetes especiais da <span class=\"xn-person\">Fazenda Floresta<\/span>. J\u00e1 a JHSF, al\u00e9m das maquetes do Sports House e Sports Club House, levar\u00e1 sua tradicional &#8216;bike Fazenda Boa Vista&#8217;, com &#8220;nuts fitness&#8221; da Best Berry.<\/p>&nbsp;&nbsp;\n<p>A m\u00fasica estar\u00e1 a cargo do badalado e exclusivo jazz club <em>Blue Note<\/em>, franquia da centen\u00e1ria casa nova-iorquina que, ap\u00f3s um ano de sucesso no <span class=\"xn-location\">Rio de Janeiro<\/span>, desembarca em S\u00e3o Paulo direto no Robb Report Day.<\/p>&nbsp;&nbsp;\n<p>A Audi levar\u00e1 modelos de luxo para uma grande exposi\u00e7\u00e3o na Fazenda Boa Vista. Os modelos que poder\u00e3o ser apreciados pelo p\u00fablico s\u00e3o o novo A4, que teve seu visual renovado para 2019; o blindado de f\u00e1brica Q5; o luxuoso RS6 Performance; e a edi\u00e7\u00e3o limitada do Q3 Black Edition. A marca tamb\u00e9m promover\u00e1 um <em>test drive<\/em> nos arredores com os modelos RS6 Performance e o Q5, que podem chegar a 100km\/h em pouco mais de 6 segundos.<\/p>&nbsp;&nbsp;\n<p>O <strong>Robb Report Day<\/strong> contar\u00e1 com diversos espa\u00e7os tem\u00e1ticos, entre eles o lounge da Caruso, especializada em charutos premium; e outro da Estrela, para divertir as crian\u00e7as.<\/p>&nbsp;&nbsp;\n<p>BLACK PRINCESS, BRADESCO PRIME e SAPORE s\u00e3o os patrocinadores master do evento. AUDI e JHSF s\u00e3o os patrocinadores. ATHIE WOHNRATH patrocina o Jazz Sunset. Participa\u00e7\u00e3o: 4 BUDDIES, CARUSO LOUNGE, <span class=\"xn-person\">CHRIS AYROSA<\/span>, DENGO, <span class=\"xn-person\">FAZENDA FLORESTA<\/span> e <span class=\"xn-person\">LE LIS BLANC<\/span>. Os fornecedores oficiais s\u00e3o ALPHA FM, ARTEFACTO, BLUE NOTE, BY KAMY, ESTRELA, <span class=\"xn-person\">FLORES PENNO<\/span>, INFORMAR SAUDE, MONKEY 47, PORTUS, STUDIO CLARI\u00c7A <span class=\"xn-location\">LIMA<\/span>, TRUCKVAN e XIMENES LEITE ARQUITETURA.<\/p>&nbsp;&nbsp;\n<p><span class=\"xn-person\">Isabel Lopes<\/span> &#8211; Tel: 11 3039-6068 &#8211; <a href=\"mailto:isabellopes@grupodoria.com.br\" rel=\"nofollow noopener noreferrer\" target=\"_blank\">isabellopes@grupodoria.com.br<\/a><\/p>\n<p>FONTE Doria Editora<\/p>\n<\/div>\n","protected":false},"excerpt":{"rendered":"<p>Realizado pelo Grupo Doria, evento reunir\u00e1 personalidades na Fazenda Boa Vista para uma tarde de&#8230;<\/p>\n","protected":false},"author":1,"featured_media":0,"comment_status":"open","ping_status":"open","sticky":false,"template":"","format":"standard","meta":{"fifu_image_url":"","fifu_image_alt":"","footnotes":""},"categories":[727],"tags":[10260],"class_list":["post-76294","post","type-post","status-publish","format-standard","hentry","category-noticias","tag-bebidasgastronomiaturismovinhos","wpcat-727-id"],"_links":{"self":[{"href":"https:\/\/verde-amarelo.net\/verdeamarelo\/wp-json\/wp\/v2\/posts\/76294","targetHints":{"allow":["GET"]}}],"collection":[{"href":"https:\/\/verde-amarelo.net\/verdeamarelo\/wp-json\/wp\/v2\/posts"}],"about":[{"href":"https:\/\/verde-amarelo.net\/verdeamarelo\/wp-json\/wp\/v2\/types\/post"}],"author":[{"embeddable":true,"href":"https:\/\/verde-amarelo.net\/verdeamarelo\/wp-json\/wp\/v2\/users\/1"}],"replies":[{"embeddable":true,"href":"https:\/\/verde-amarelo.net\/verdeamarelo\/wp-json\/wp\/v2\/comments?post=76294"}],"version-history":[{"count":0,"href":"https:\/\/verde-amarelo.net\/verdeamarelo\/wp-json\/wp\/v2\/posts\/76294\/revisions"}],"wp:attachment":[{"href":"https:\/\/verde-amarelo.net\/verdeamarelo\/wp-json\/wp\/v2\/media?parent=76294"}],"wp:term":[{"taxonomy":"category","embeddable":true,"href":"https:\/\/verde-amarelo.net\/verdeamarelo\/wp-json\/wp\/v2\/categories?post=76294"},{"taxonomy":"post_tag","embeddable":true,"href":"https:\/\/verde-amarelo.net\/verdeamarelo\/wp-json\/wp\/v2\/tags?post=76294"}],"curies":[{"name":"wp","href":"https:\/\/api.w.org\/{rel}","templated":true}]}}