{"id":76307,"date":"2019-06-05T17:00:00","date_gmt":"2019-06-05T20:00:00","guid":{"rendered":"https:\/\/verde-amarelo.net\/verdeamarelo\/2019\/06\/radar-television-traz-entrevista-exclusiva-com-antonio-claret-de-oliveira\/"},"modified":"2019-06-05T17:00:00","modified_gmt":"2019-06-05T20:00:00","slug":"radar-television-traz-entrevista-exclusiva-com-antonio-claret-de-oliveira","status":"publish","type":"post","link":"https:\/\/verde-amarelo.net\/verdeamarelo\/2019\/06\/radar-television-traz-entrevista-exclusiva-com-antonio-claret-de-oliveira\/","title":{"rendered":"Radar Television traz entrevista exclusiva com Ant\u00f4nio Claret de Oliveira"},"content":{"rendered":"<p><em><strong>Desestatiza\u00e7\u00e3o dos aeroportos \u00e9 o grande desafio do Departamento Aerovi\u00e1rio do Estado de S\u00e3o Paulo (Daesp)<\/strong><\/em><\/p>\n<div readability=\"74.128389596015\">\n<p>S\u00c3O PAULO, 5 de junho de 2019  &#8212; O <strong>Radar Television<\/strong> desta segunda-feira (<strong>10\/06<\/strong>), apresentado por <span class=\"xn-person\">Otavio Neto<\/span>, traz uma entrevista com <strong>Ant\u00f4nio Claret de Oliveira<\/strong>, Diretor-superintendente do Departamento&nbsp;Aerovi\u00e1rio do Estado de S\u00e3o Paulo (Daesp).<\/p>&nbsp;&nbsp;\n<p>De 2016 a at\u00e9 o final de 2018, Claret foi presidente da Infraero e promoveu uma revolu\u00e7\u00e3o a frente da estatal. Depois de ter tirado a Infraero de um preju\u00edzo de <span class=\"xn-money\">R$ 221<\/span> milh\u00f5es e levar a empresa a um lucro operacional de <span class=\"xn-money\">R$ 505<\/span> milh\u00f5es em dois anos, o executivo optou por um novo desafio. Agora, o engenheiro de forma\u00e7\u00e3o, \u00e9 o respons\u00e1vel por construir um novo cen\u00e1rio na avia\u00e7\u00e3o do Estado de S\u00e3o Paulo, tendo como foco a desestatiza\u00e7\u00e3o dos aeroportos da regi\u00e3o.<\/p>&nbsp;&nbsp;\n<p>Vinculado \u00e0 Secretaria de Log\u00edstica e Transportes, o Daesp \u00e9 respons\u00e1vel pela administra\u00e7\u00e3o de 20 aeroportos estaduais paulistas. Entre suas atribui\u00e7\u00f5es, est\u00e3o planejamento da rede aeroportu\u00e1ria do Estado; proje\u00e7\u00e3o, constru\u00e7\u00e3o e administra\u00e7\u00e3o dos aeroportos; arrecada\u00e7\u00e3o de tarifas aeroportu\u00e1rias e aplica\u00e7\u00e3o das normas baixadas pelas autoridades federais.<\/p>&nbsp;&nbsp;\n<p>Confira esta entrevista exclusiva no Radar Television e saiba todos os detalhes desta movimenta\u00e7\u00e3o promovida por Claret em S\u00e3o Paulo.<\/p>&nbsp;&nbsp;\n<p>Essas e outras novidades voc\u00ea assiste no <strong>Radar Television<\/strong> do dia <strong><span class=\"xn-chron\">10\/06\/2019<\/span><\/strong>, a partir das 22:50 horas, na <strong>Rede CNT<\/strong>.<\/p>&nbsp;&nbsp;\n<p><em>REDE CNT \u2013 S\u00e3o Paulo \u2013 UHF 27.1 \/ <span class=\"xn-location\">Rio de Janeiro<\/span> \u2013 Canal 9, Net Digital 22 \/Curitiba \u2013 Canal 6, Net Digital 6 \/Londrina \u2013 Canal 7, Net Digital 6 \/ Bras\u00edlia \u2013 Canal 19, Net Digital 24 \/<span class=\"xn-location\">Salvador<\/span> \u2013 Canal 18 \/ SKY 14 \/ SKY HD 327-1 \/ Vivo Sat\u00e9lite 236 \/ Claro TV canal 15 e mais 70 emissoras em todo o Brasil.<\/em>&nbsp;&nbsp;<\/p>\n<p><strong>Contato de imprensa:<\/strong><\/p>\n<p><span class=\"xn-person\">Aline Marinho<\/span> \u2013 <a href=\"mailto:aline@radarpr1.com.br\" rel=\"nofollow\">aline@radarpr1.com.br<\/a> | Tel: (11) 4617-5216<\/p>\n<p>FONTE Radar Television<\/p>\n<\/div>\n","protected":false},"excerpt":{"rendered":"<p>Desestatiza\u00e7\u00e3o dos aeroportos \u00e9 o grande desafio do Departamento Aerovi\u00e1rio do Estado de S\u00e3o Paulo&#8230;<\/p>\n","protected":false},"author":1,"featured_media":0,"comment_status":"open","ping_status":"open","sticky":false,"template":"","format":"standard","meta":{"fifu_image_url":"","fifu_image_alt":"","footnotes":""},"categories":[8427],"tags":[],"class_list":["post-76307","post","type-post","status-publish","format-standard","hentry","category-geral","wpcat-8427-id"],"_links":{"self":[{"href":"https:\/\/verde-amarelo.net\/verdeamarelo\/wp-json\/wp\/v2\/posts\/76307","targetHints":{"allow":["GET"]}}],"collection":[{"href":"https:\/\/verde-amarelo.net\/verdeamarelo\/wp-json\/wp\/v2\/posts"}],"about":[{"href":"https:\/\/verde-amarelo.net\/verdeamarelo\/wp-json\/wp\/v2\/types\/post"}],"author":[{"embeddable":true,"href":"https:\/\/verde-amarelo.net\/verdeamarelo\/wp-json\/wp\/v2\/users\/1"}],"replies":[{"embeddable":true,"href":"https:\/\/verde-amarelo.net\/verdeamarelo\/wp-json\/wp\/v2\/comments?post=76307"}],"version-history":[{"count":0,"href":"https:\/\/verde-amarelo.net\/verdeamarelo\/wp-json\/wp\/v2\/posts\/76307\/revisions"}],"wp:attachment":[{"href":"https:\/\/verde-amarelo.net\/verdeamarelo\/wp-json\/wp\/v2\/media?parent=76307"}],"wp:term":[{"taxonomy":"category","embeddable":true,"href":"https:\/\/verde-amarelo.net\/verdeamarelo\/wp-json\/wp\/v2\/categories?post=76307"},{"taxonomy":"post_tag","embeddable":true,"href":"https:\/\/verde-amarelo.net\/verdeamarelo\/wp-json\/wp\/v2\/tags?post=76307"}],"curies":[{"name":"wp","href":"https:\/\/api.w.org\/{rel}","templated":true}]}}