{"id":76315,"date":"2018-04-12T18:17:00","date_gmt":"2018-04-12T21:17:00","guid":{"rendered":"https:\/\/verde-amarelo.net\/verdeamarelo\/2018\/04\/bolsa-garage-bmw-art-tech-grant-bmw-group-russia-e-garage-museum-of-contemporary-art-anunciam-o-primeiro-ganhador\/"},"modified":"2018-04-12T18:17:00","modified_gmt":"2018-04-12T21:17:00","slug":"bolsa-garage-bmw-art-tech-grant-bmw-group-russia-e-garage-museum-of-contemporary-art-anunciam-o-primeiro-ganhador","status":"publish","type":"post","link":"https:\/\/verde-amarelo.net\/verdeamarelo\/2018\/04\/bolsa-garage-bmw-art-tech-grant-bmw-group-russia-e-garage-museum-of-contemporary-art-anunciam-o-primeiro-ganhador\/","title":{"rendered":"Bolsa &#8220;Garage\/BMW: Art\/Tech Grant&#8221;: BMW Group R\u00fassia e Garage Museum of Contemporary Art anunciam o primeiro ganhador"},"content":{"rendered":"<div><img decoding=\"async\" src=\"data:image\/gif;base64,R0lGODlhAQABAIAAAAAAAP\/\/\/ywAAAAAAQABAAACAUwAOw==\" fifu-lazy=\"1\" fifu-data-sizes=\"auto\" fifu-data-srcset=\"https:\/\/i0.wp.com\/prnewswire.com.br\/wp-content\/uploads\/2018\/04\/BMW_Group_Art_Grant.jpg?ssl=1&w=75&resize=75&ssl=1 75w, https:\/\/i0.wp.com\/prnewswire.com.br\/wp-content\/uploads\/2018\/04\/BMW_Group_Art_Grant.jpg?ssl=1&w=100&resize=100&ssl=1 100w, https:\/\/i0.wp.com\/prnewswire.com.br\/wp-content\/uploads\/2018\/04\/BMW_Group_Art_Grant.jpg?ssl=1&w=150&resize=150&ssl=1 150w, https:\/\/i0.wp.com\/prnewswire.com.br\/wp-content\/uploads\/2018\/04\/BMW_Group_Art_Grant.jpg?ssl=1&w=240&resize=240&ssl=1 240w, https:\/\/i0.wp.com\/prnewswire.com.br\/wp-content\/uploads\/2018\/04\/BMW_Group_Art_Grant.jpg?ssl=1&w=320&resize=320&ssl=1 320w, https:\/\/i0.wp.com\/prnewswire.com.br\/wp-content\/uploads\/2018\/04\/BMW_Group_Art_Grant.jpg?ssl=1&w=500&resize=500&ssl=1 500w, https:\/\/i0.wp.com\/prnewswire.com.br\/wp-content\/uploads\/2018\/04\/BMW_Group_Art_Grant.jpg?ssl=1&w=640&resize=640&ssl=1 640w, https:\/\/i0.wp.com\/prnewswire.com.br\/wp-content\/uploads\/2018\/04\/BMW_Group_Art_Grant.jpg?ssl=1&w=800&resize=800&ssl=1 800w, https:\/\/i0.wp.com\/prnewswire.com.br\/wp-content\/uploads\/2018\/04\/BMW_Group_Art_Grant.jpg?ssl=1&w=1024&resize=1024&ssl=1 1024w, https:\/\/i0.wp.com\/prnewswire.com.br\/wp-content\/uploads\/2018\/04\/BMW_Group_Art_Grant.jpg?ssl=1&w=1280&resize=1280&ssl=1 1280w, https:\/\/i0.wp.com\/prnewswire.com.br\/wp-content\/uploads\/2018\/04\/BMW_Group_Art_Grant.jpg?ssl=1&w=1600&resize=1600&ssl=1 1600w\" fifu-data-src=\"https:\/\/i0.wp.com\/prnewswire.com.br\/wp-content\/uploads\/2018\/04\/BMW_Group_Art_Grant.jpg?ssl=1\" class=\"ff-og-image-inserted\"><\/div>\n<p>MOSCOU, 12 de abril de 2018  &#8212; <span class=\"xn-person\">Sergey Kasich<\/span> \u00e9 o primeiro ganhador do programa conjunto &#8220;Garage\/BMW: Art\/Tech Grant&#8221; do BMW Group R\u00fassia e Garage Museum of Contemporary Art, que foi anunciado nesta ter\u00e7a-feira. O programa de bolsas destina-se a apoiar projetos de arte individuais e coletivos no campo de TI, engenharia e arte cient\u00edfica. Durante o per\u00edodo de um ano, Kasich receber\u00e1 uma bolsa de estudos mensal e poder\u00e1 implementar seu projeto de arte &#8220;Spaces of Silence&#8221;. O artista tamb\u00e9m poder\u00e1 consultar os designers e engenheiros da BMW e visitar o Museu da BMW e outros locais relevantes.<\/p>&nbsp;&nbsp;\n<p><strong>Projeto de Sergey Kasich &#8220;Spaces of Silence&#8221;<\/strong>&nbsp;<\/p>\n<p>A cada ano, o ambiente ac\u00fastico das cidades modernas est\u00e1 se tornando mais ruidoso. Est\u00e1 provado que a superabund\u00e2ncia de est\u00edmulos auditivos pode afetar adversamente o bem-estar dos seres vivos. Kasich prop\u00f5e preservar o sil\u00eancio com a ajuda de um projeto h\u00edbrido de arte p\u00fablica.<\/p>&nbsp;&nbsp;\n<p>O projeto envolve a medi\u00e7\u00e3o do n\u00edvel de ru\u00eddo em uma cidade, a detec\u00e7\u00e3o de \u00e1reas barulhentas e silenciosas, e a cria\u00e7\u00e3o de estruturas especiais em locais selecionados feitos de telas de absor\u00e7\u00e3o de ru\u00eddo com superf\u00edcies de eco no interior. Os espa\u00e7os s\u00e3o protegidos contra o ru\u00eddo, deixando-os o mais abertos poss\u00edvel, criando ambientes \u00fanicos para experimentar o som de maneiras inesperadas. &nbsp; &nbsp;<\/p>\n<p><strong>Parceria com o Garage Museum<\/strong> &nbsp;<\/p>\n<p>Com essa parceria, o BMW Group pretende tornar a arte e a cultura mais acess\u00edveis e apoiar a arte contempor\u00e2nea na R\u00fassia.<\/p>&nbsp;&nbsp;\n<p>O BMW Group R\u00fassia concentra seus esfor\u00e7os principalmente na se\u00e7\u00e3o Arte e Tecnologia recentemente inclu\u00edda &#8211; a Art\/Tech Grant oferece aos novos artistas independ\u00eancia financeira e permite que se dediquem a atividades criativas, cres\u00e7am profissionalmente e realizem pesquisas.<\/p>&nbsp;&nbsp;\n<p><strong>Para mais informa\u00e7\u00f5es, por favor entre em contato:<\/strong>&nbsp;<br \/>Dr. <span class=\"xn-person\">Thomas Girst<\/span><br \/>Quest\u00f5es Corporativas e Intergovernamentais do BMW Group<br \/>Chefe de Relacionamento Cultural<br \/>Telefone: +49-89-382-24753<\/p>\n<p>BMW AG<br \/>80788 Munique<br \/>Telefone: +49-89-382-20067<br \/>Internet: <a href=\"http:\/\/www.bmwgroup.com\/\" rel=\"nofollow noopener noreferrer\" target=\"_blank\">http:\/\/www.bmwgroup.com<\/a><\/p>\n<p><span>Photo &#8211; <a href=\"https:\/\/mma.prnewswire.com\/media\/675828\/BMW_Group_Art_Grant.jpg\" rel=\"nofollow noopener noreferrer\" target=\"_blank\">https:\/\/mma.prnewswire.com\/media\/675828\/BMW_Group_Art_Grant.jpg<\/a><\/span><\/p>\n<p><span>Photo &#8211; <a href=\"https:\/\/mma.prnewswire.com\/media\/676279\/BMW_Garage_Grant.jpg\" rel=\"nofollow noopener noreferrer\" target=\"_blank\">https:\/\/mma.prnewswire.com\/media\/676279\/BMW_Garage_Grant.jpg<\/a><\/span><\/p>\n<p>FONTE BMW Group<\/p>\n","protected":false},"excerpt":{"rendered":"<p>MOSCOU, 12 de abril de 2018 &#8212; Sergey Kasich \u00e9 o primeiro ganhador do programa&#8230;<\/p>\n","protected":false},"author":1,"featured_media":0,"comment_status":"open","ping_status":"open","sticky":false,"template":"","format":"standard","meta":{"fifu_image_url":"","fifu_image_alt":"","footnotes":""},"categories":[8725],"tags":[],"class_list":["post-76315","post","type-post","status-publish","format-standard","hentry","category-geralmercado","wpcat-8725-id"],"_links":{"self":[{"href":"https:\/\/verde-amarelo.net\/verdeamarelo\/wp-json\/wp\/v2\/posts\/76315","targetHints":{"allow":["GET"]}}],"collection":[{"href":"https:\/\/verde-amarelo.net\/verdeamarelo\/wp-json\/wp\/v2\/posts"}],"about":[{"href":"https:\/\/verde-amarelo.net\/verdeamarelo\/wp-json\/wp\/v2\/types\/post"}],"author":[{"embeddable":true,"href":"https:\/\/verde-amarelo.net\/verdeamarelo\/wp-json\/wp\/v2\/users\/1"}],"replies":[{"embeddable":true,"href":"https:\/\/verde-amarelo.net\/verdeamarelo\/wp-json\/wp\/v2\/comments?post=76315"}],"version-history":[{"count":0,"href":"https:\/\/verde-amarelo.net\/verdeamarelo\/wp-json\/wp\/v2\/posts\/76315\/revisions"}],"wp:attachment":[{"href":"https:\/\/verde-amarelo.net\/verdeamarelo\/wp-json\/wp\/v2\/media?parent=76315"}],"wp:term":[{"taxonomy":"category","embeddable":true,"href":"https:\/\/verde-amarelo.net\/verdeamarelo\/wp-json\/wp\/v2\/categories?post=76315"},{"taxonomy":"post_tag","embeddable":true,"href":"https:\/\/verde-amarelo.net\/verdeamarelo\/wp-json\/wp\/v2\/tags?post=76315"}],"curies":[{"name":"wp","href":"https:\/\/api.w.org\/{rel}","templated":true}]}}