{"id":76316,"date":"2018-04-10T19:15:00","date_gmt":"2018-04-10T22:15:00","guid":{"rendered":"https:\/\/verde-amarelo.net\/verdeamarelo\/2018\/04\/semana-do-brasil-em-porto-seguro-ba-celebra-historia-e-cultura-brasileira\/"},"modified":"2018-04-10T19:15:00","modified_gmt":"2018-04-10T22:15:00","slug":"semana-do-brasil-em-porto-seguro-ba-celebra-historia-e-cultura-brasileira","status":"publish","type":"post","link":"https:\/\/verde-amarelo.net\/verdeamarelo\/2018\/04\/semana-do-brasil-em-porto-seguro-ba-celebra-historia-e-cultura-brasileira\/","title":{"rendered":"Semana do Brasil em Porto Seguro (BA) celebra hist\u00f3ria e cultura brasileira"},"content":{"rendered":"<p>S\u00c3O PAULO, 10 de abril de 2018  &#8212;&nbsp;Durante os dias 18 a 22 de abril, a Cidade Hist\u00f3rica, em Porto Seguro, ser\u00e1 palco do <strong><em>Festival do Descobrimento &#8211; Semana do Brasil<\/em><\/strong>. Em uma grande celebra\u00e7\u00e3o da hist\u00f3ria e da cultura brasileira, o Festival comemorar\u00e1 os 518 anos do pa\u00eds com uma rica programa\u00e7\u00e3o, proporcionando uma experi\u00eancia \u00fanica e enriquecedora aos visitantes.<\/p>&nbsp;&nbsp;\n<p>Como Terra M\u00e3e do Brasil, Porto Seguro referencia a data que representa historicamente o in\u00edcio da na\u00e7\u00e3o brasileira, 22 de abril, e convida a comunidade local e turistas para vivenciarem de perto esse momento. O Superintendente de Cultura, Er\u00e1clito Santana, acredita que o Festival \u00e9 uma importante manifesta\u00e7\u00e3o da grandeza cultural que Porto Seguro carrega. &#8220;<em>N\u00e3o podemos esquecer de valorizar a nossa hist\u00f3ria, que \u00e9 t\u00e3o abundante e significativa para n\u00f3s. Vamos mostrar com o Festival, um pouco da riqueza cultural e hist\u00f3rica do Destino&#8221;<\/em>, explica.<\/p>&nbsp;&nbsp;\n<p>O Festival do Descobrimento &#8211; Semana do Brasil contemplar\u00e1 exposi\u00e7\u00f5es fotogr\u00e1ficas, espet\u00e1culo de som e luz (proje\u00e7\u00e3o mapeada), oficinas de pipa e circo, comemora\u00e7\u00e3o do Dia do \u00cdndio, festival de aves, apresenta\u00e7\u00f5es e oficinas de pintura ind\u00edgena, eventos esportivos, atra\u00e7\u00f5es musicais e a tradicional Missa do Descobrimento.<\/p>&nbsp;&nbsp;\n<p>O evento \u00e9 uma realiza\u00e7\u00e3o da Prefeitura Municipal de Porto Seguro, por meio da Secretaria Municipal de Cultura e Turismo, com apoio do SEBRAE, ABIH \u2013 Regional Extremo Sul da Bahia, UNEB \u2013 Universidade do Estado da Bahia, SENAC, IPHAN \u2013 Instituto do Patrim\u00f4nio Hist\u00f3rico e Art\u00edstico Nacional, Ondas Praia Resort, Secretaria de Turismo da Bahia, Bahiatursa e SINDHESUL \u2013 Sindicato de Hot\u00e9is, Restaurantes, Bares e Similares do Extremo Sul da Bahia.<\/p>&nbsp;&nbsp;\n<p><strong><!-- Este texto tem o apoio do Sistema ECOMPARE de lojas virtuais:<br \/><\/strong>Press \u00e0 Porter Gest\u00e3o de Imagem<br \/>(11) 3813-1344 \u2013 ramal 45<br \/>F\u00e1bio Borges \u2013 <a href=\"mailto:Fabio@pressaporter.com.br\" rel=\"nofollow noopener noreferrer\" target=\"_blank\">Fabio@pressaporter.com.br<\/a><\/p>\n<p>FONTE Grupo Ondas Praia Resort<\/p>\n","protected":false},"excerpt":{"rendered":"<p>S\u00c3O PAULO, 10 de abril de 2018 &#8212;&nbsp;Durante os dias 18 a 22 de abril,&#8230;<\/p>\n","protected":false},"author":1,"featured_media":0,"comment_status":"open","ping_status":"open","sticky":false,"template":"","format":"standard","meta":{"fifu_image_url":"","fifu_image_alt":"","footnotes":""},"categories":[8725],"tags":[],"class_list":["post-76316","post","type-post","status-publish","format-standard","hentry","category-geralmercado","wpcat-8725-id"],"_links":{"self":[{"href":"https:\/\/verde-amarelo.net\/verdeamarelo\/wp-json\/wp\/v2\/posts\/76316","targetHints":{"allow":["GET"]}}],"collection":[{"href":"https:\/\/verde-amarelo.net\/verdeamarelo\/wp-json\/wp\/v2\/posts"}],"about":[{"href":"https:\/\/verde-amarelo.net\/verdeamarelo\/wp-json\/wp\/v2\/types\/post"}],"author":[{"embeddable":true,"href":"https:\/\/verde-amarelo.net\/verdeamarelo\/wp-json\/wp\/v2\/users\/1"}],"replies":[{"embeddable":true,"href":"https:\/\/verde-amarelo.net\/verdeamarelo\/wp-json\/wp\/v2\/comments?post=76316"}],"version-history":[{"count":0,"href":"https:\/\/verde-amarelo.net\/verdeamarelo\/wp-json\/wp\/v2\/posts\/76316\/revisions"}],"wp:attachment":[{"href":"https:\/\/verde-amarelo.net\/verdeamarelo\/wp-json\/wp\/v2\/media?parent=76316"}],"wp:term":[{"taxonomy":"category","embeddable":true,"href":"https:\/\/verde-amarelo.net\/verdeamarelo\/wp-json\/wp\/v2\/categories?post=76316"},{"taxonomy":"post_tag","embeddable":true,"href":"https:\/\/verde-amarelo.net\/verdeamarelo\/wp-json\/wp\/v2\/tags?post=76316"}],"curies":[{"name":"wp","href":"https:\/\/api.w.org\/{rel}","templated":true}]}}