{"id":76318,"date":"2018-03-31T10:00:00","date_gmt":"2018-03-31T13:00:00","guid":{"rendered":"https:\/\/verde-amarelo.net\/verdeamarelo\/2018\/03\/flyview-o-leva-para-voar-sobre-paris-em-uma-atracao-exclusiva-de-realidade-virtual\/"},"modified":"2018-03-31T10:00:00","modified_gmt":"2018-03-31T13:00:00","slug":"flyview-o-leva-para-voar-sobre-paris-em-uma-atracao-exclusiva-de-realidade-virtual","status":"publish","type":"post","link":"https:\/\/verde-amarelo.net\/verdeamarelo\/2018\/03\/flyview-o-leva-para-voar-sobre-paris-em-uma-atracao-exclusiva-de-realidade-virtual\/","title":{"rendered":"FlyView o leva para voar sobre Paris em uma atra\u00e7\u00e3o exclusiva de realidade virtual"},"content":{"rendered":"<div><img decoding=\"async\" src=\"data:image\/gif;base64,R0lGODlhAQABAIAAAAAAAP\/\/\/ywAAAAAAQABAAACAUwAOw==\" fifu-lazy=\"1\" fifu-data-sizes=\"auto\" fifu-data-srcset=\"https:\/\/i2.wp.com\/prnewswire.com.br\/wp-content\/uploads\/2018\/03\/FlyView_Paris.jpg?ssl=1&w=75&resize=75&ssl=1 75w, https:\/\/i2.wp.com\/prnewswire.com.br\/wp-content\/uploads\/2018\/03\/FlyView_Paris.jpg?ssl=1&w=100&resize=100&ssl=1 100w, https:\/\/i2.wp.com\/prnewswire.com.br\/wp-content\/uploads\/2018\/03\/FlyView_Paris.jpg?ssl=1&w=150&resize=150&ssl=1 150w, https:\/\/i2.wp.com\/prnewswire.com.br\/wp-content\/uploads\/2018\/03\/FlyView_Paris.jpg?ssl=1&w=240&resize=240&ssl=1 240w, https:\/\/i2.wp.com\/prnewswire.com.br\/wp-content\/uploads\/2018\/03\/FlyView_Paris.jpg?ssl=1&w=320&resize=320&ssl=1 320w, https:\/\/i2.wp.com\/prnewswire.com.br\/wp-content\/uploads\/2018\/03\/FlyView_Paris.jpg?ssl=1&w=500&resize=500&ssl=1 500w, https:\/\/i2.wp.com\/prnewswire.com.br\/wp-content\/uploads\/2018\/03\/FlyView_Paris.jpg?ssl=1&w=640&resize=640&ssl=1 640w, https:\/\/i2.wp.com\/prnewswire.com.br\/wp-content\/uploads\/2018\/03\/FlyView_Paris.jpg?ssl=1&w=800&resize=800&ssl=1 800w, https:\/\/i2.wp.com\/prnewswire.com.br\/wp-content\/uploads\/2018\/03\/FlyView_Paris.jpg?ssl=1&w=1024&resize=1024&ssl=1 1024w, https:\/\/i2.wp.com\/prnewswire.com.br\/wp-content\/uploads\/2018\/03\/FlyView_Paris.jpg?ssl=1&w=1280&resize=1280&ssl=1 1280w, https:\/\/i2.wp.com\/prnewswire.com.br\/wp-content\/uploads\/2018\/03\/FlyView_Paris.jpg?ssl=1&w=1600&resize=1600&ssl=1 1600w\" fifu-data-src=\"https:\/\/i2.wp.com\/prnewswire.com.br\/wp-content\/uploads\/2018\/03\/FlyView_Paris.jpg?ssl=1\" class=\"ff-og-image-inserted\"><\/div>\n<p>Grande inaugura\u00e7\u00e3o em 31 de mar\u00e7o de 2018 em Paris30 Rue du 4 Septembre, Place de l&#8217;Op\u00e9ra &#8211; 75002 Paris &#8211; Esta\u00e7\u00e3o Op\u00e9ra do metr\u00f4\n<\/p>\n<div readability=\"94.65206185567\">\n<p><span class=\"right\" id=\"playercontainer\"><\/span>PARIS, 29 de mar\u00e7o de 2018  &#8212;&nbsp;A FlyView ir\u00e1 inaugurar uma atra\u00e7\u00e3o exclusiva de realidade virtual, onde os visitantes podem visitar Paris do c\u00e9u com um propulsor a jato (jetpack), com vistas em 360\u00b0 de monumentos e cen\u00e1rios na vida real \u2013 sem nenhuma computa\u00e7\u00e3o gr\u00e1fica!<\/p>\n<p>Para visualizar o comunicado para a imprensa em multim\u00eddia, clique aqui:<br \/><a href=\"https:\/\/www.multivu.com\/players\/uk\/8299251-flyview-paris-virtual-reality-attraction\/\" rel=\"nofollow noopener noreferrer\" target=\"_blank\">https:\/\/www.multivu.com\/players\/uk\/8299251-flyview-paris-virtual-reality-attraction\/<\/a><\/p>\n<p>Esta atra\u00e7\u00e3o permanente torna poss\u00edvel voar sobre a mais linda cidade do mundo, a realiza\u00e7\u00e3o de um sonho para milh\u00f5es de pessoas.<\/p>&nbsp;&nbsp;\n<p><strong><span class=\"xn-person\">Partida de<\/span> uma \u00e1rea de lan\u00e7amento de 1.000 metros quadrados (mais de 11.000 p\u00e9s quadrados) na Place de l&#8217;Op\u00e9ra no centro de Paris<\/strong><\/p>\n<p>Os visitantes entram na FlyView a partir da Place de l&#8217;Op\u00e9ra e encontram um lobby que faz lembrar um terminal de aeroporto com balc\u00f5es de check-in, comiss\u00e1rios de bordo e telas anunciando os pr\u00f3ximos voos.<\/p>&nbsp;&nbsp;\n<p>A \u00e1rea de lan\u00e7amento tem 50 jetpacks, fazendo dela uma das maiores instala\u00e7\u00f5es de realidade virtual de todo o mundo.<\/p>&nbsp;&nbsp;\n<p>Depois de colocar seu jetpack (montado em atuadores) e equipado com um capacete de realidade virtual (HTC Vive), o visitante se v\u00ea levantando voo e se elevando acima dos telhados de Paris. As sensa\u00e7\u00f5es de voo s\u00e3o mais reais do que a pr\u00f3pria vida. Uma proeza tecnol\u00f3gica sem precedentes!<\/p>\n<p><strong><span class=\"xn-person\">Veja Paris<\/span> como nunca foi vista antes com esta experi\u00eancia<\/strong> <strong>emocionante e inesquec\u00edvel<\/strong><\/p>\n<p>O itiner\u00e1rio explora os principais monumentos de <span class=\"xn-person\">Paris de<\/span> uma forma totalmente exclusiva. Ser\u00e3o 13 minutos muito emocionantes! Enquanto todos fazem o mesmo itiner\u00e1rio, cada pessoa ver\u00e1 coisas diferentes por causa da vista imersiva de 360\u00b0.<\/p>&nbsp;&nbsp;\n<p>O aparelho sofisticado sincroniza a plataforma com os movimentos do jetpack \u2013 de levantar voo, voar para frente, parar para vistas panor\u00e2micas, voar para os lados e abaixar perto de um monumento \u2013 para criar uma experi\u00eancia imersiva sobre Paris com sensa\u00e7\u00f5es de voo ultra-real\u00edsticas, que tanto as crian\u00e7as quanto os adultos ir\u00e3o adorar.<\/p>&nbsp;&nbsp;\n<p>A experi\u00eancia \u00e9 de tirar o f\u00f4lego. As vistas de Paris s\u00e3o magn\u00edficas. A experi\u00eancia de voo \u00e9 espetacular.<\/p>&nbsp;&nbsp;\n<p>&#8220;<em>A FlyView \u00e9 meu sonho de inf\u00e2ncia de voar e ver o mundo de cima que se torna realidade. Espero compartilhar esta experi\u00eancia incr\u00edvel com tantas pessoas quanto for poss\u00edvel. Esta experi\u00eancia re\u00fane poesia e inova\u00e7\u00e3o para criar mais uma atividade cultural de alta qualidade em Paris. Quero oferecer aos parisienses e aos visitantes de Paris uma aventura emocionante que \u00e9 tanto acess\u00edvel quanto inesquec\u00edvel<\/em>&#8220;, disse Arnaud Houette, fundador da FlyView.<\/p>&nbsp;&nbsp;\n<p><strong>Detalhes pr\u00e1ticos&nbsp;<\/strong>&nbsp;<\/p>\n<p>A inaugura\u00e7\u00e3o est\u00e1 programada para 31 de mar\u00e7o de 2018<\/p>\n<p>Aberto todos os dias da semana \u2013 hor\u00e1rios e reservas no endere\u00e7o <a href=\"http:\/\/www.flyview360.com\/\" rel=\"nofollow noopener noreferrer\" target=\"_blank\">http:\/\/www.flyview360.com<\/a><\/p>\n<p>Ingresso \u00fanico: \u20ac 15<\/p>\n<p>Para visitantes com no m\u00ednimo <span class=\"xn-money\">1.22 m<\/span> de altura (cerca de 8 anos de idade)<\/p>\n<p>Acess\u00edvel para visitantes com mobilidade reduzida<\/p>\n<p>30 Rue du 4 Septembre &#8211; Place de l&#8217;Op\u00e9ra &#8211; 75002 Paris \u2013 Esta\u00e7\u00e3o Op\u00e9ra do metr\u00f4<\/p>\n<p>Foto &#8211;&nbsp; <a href=\"https:\/\/mma.prnewswire.com\/media\/660784\/FlyView_Paris.jpg\" rel=\"nofollow noopener noreferrer\" target=\"_blank\">https:\/\/mma.prnewswire.com\/media\/660784\/FlyView_Paris.jpg<\/a><\/p>\n<p>FONTE FlyView<\/p>\n<\/div>\n","protected":false},"excerpt":{"rendered":"<p>Grande inaugura\u00e7\u00e3o em 31 de mar\u00e7o de 2018 em Paris30 Rue du 4 Septembre, Place&#8230;<\/p>\n","protected":false},"author":1,"featured_media":0,"comment_status":"open","ping_status":"open","sticky":false,"template":"","format":"standard","meta":{"fifu_image_url":"","fifu_image_alt":"","footnotes":""},"categories":[8725],"tags":[],"class_list":["post-76318","post","type-post","status-publish","format-standard","hentry","category-geralmercado","wpcat-8725-id"],"_links":{"self":[{"href":"https:\/\/verde-amarelo.net\/verdeamarelo\/wp-json\/wp\/v2\/posts\/76318","targetHints":{"allow":["GET"]}}],"collection":[{"href":"https:\/\/verde-amarelo.net\/verdeamarelo\/wp-json\/wp\/v2\/posts"}],"about":[{"href":"https:\/\/verde-amarelo.net\/verdeamarelo\/wp-json\/wp\/v2\/types\/post"}],"author":[{"embeddable":true,"href":"https:\/\/verde-amarelo.net\/verdeamarelo\/wp-json\/wp\/v2\/users\/1"}],"replies":[{"embeddable":true,"href":"https:\/\/verde-amarelo.net\/verdeamarelo\/wp-json\/wp\/v2\/comments?post=76318"}],"version-history":[{"count":0,"href":"https:\/\/verde-amarelo.net\/verdeamarelo\/wp-json\/wp\/v2\/posts\/76318\/revisions"}],"wp:attachment":[{"href":"https:\/\/verde-amarelo.net\/verdeamarelo\/wp-json\/wp\/v2\/media?parent=76318"}],"wp:term":[{"taxonomy":"category","embeddable":true,"href":"https:\/\/verde-amarelo.net\/verdeamarelo\/wp-json\/wp\/v2\/categories?post=76318"},{"taxonomy":"post_tag","embeddable":true,"href":"https:\/\/verde-amarelo.net\/verdeamarelo\/wp-json\/wp\/v2\/tags?post=76318"}],"curies":[{"name":"wp","href":"https:\/\/api.w.org\/{rel}","templated":true}]}}