{"id":76322,"date":"2018-03-29T16:25:00","date_gmt":"2018-03-29T19:25:00","guid":{"rendered":"https:\/\/verde-amarelo.net\/verdeamarelo\/2018\/03\/com-novo-posicionamento-comercial-redetv-cria-value-creation-unit\/"},"modified":"2018-03-29T16:25:00","modified_gmt":"2018-03-29T19:25:00","slug":"com-novo-posicionamento-comercial-redetv-cria-value-creation-unit","status":"publish","type":"post","link":"https:\/\/verde-amarelo.net\/verdeamarelo\/2018\/03\/com-novo-posicionamento-comercial-redetv-cria-value-creation-unit\/","title":{"rendered":"Com novo posicionamento comercial, RedeTV! cria \u2018Value Creation Unit\u2019"},"content":{"rendered":"<p>S\u00c3O PAULO, 29 de mar\u00e7o de&nbsp;2018  &#8212; Dando sequ\u00eancia ao projeto de fortalecimento de identidade e amplia\u00e7\u00e3o da conex\u00e3o com os clientes e parceiros, a RedeTV! anuncia uma importante mudan\u00e7a em sua \u00e1rea comercial. Nesta semana o departamento passou a se chamar &#8216;Value Creation Unit&#8217;, em uma a\u00e7\u00e3o de alinhamento com o novo posicionamento da emissora no mercado, como fornecedora de solu\u00e7\u00f5es em conte\u00fado e tecnologia.<\/p>&nbsp;&nbsp;\n<p>&#8220;<em>Hoje a negocia\u00e7\u00e3o est\u00e1 muito mais pautada em como criar valor. As companhias modernas buscam uma rela\u00e7\u00e3o cada vez mais participativa com o cliente, estar dentro do foco de seu neg\u00f3cio, entendendo e suprindo suas reais necessidades. Isso \u00e9 o que a RedeTV! tem feito em suas multiplataformas, posicionando-se como parceira estrat\u00e9gica de seus clientes&#8221;<\/em>, explica Amilcare Dallevo Neto, head of Value Creation da RedeTV!.<\/p>&nbsp;&nbsp;\n<p>A altera\u00e7\u00e3o integra uma s\u00e9rie de novidades implementadas na \u00e1rea comercial do canal ao longo do \u00faltimo ano. Al\u00e9m da cria\u00e7\u00e3o de uma estrutura de &#8216;Planejamento e Marketing&#8217; e do &#8216;Branded Studio&#8217; \u2013 que visam deixar as marcas e o cliente no centro do neg\u00f3cio, garantindo agilidade e assertividade nas entregas \u2013, o canal foi protagonista no lan\u00e7amento da m\u00eddia program\u00e1tica na TV brasileira e tem apostado cada vez mais no modelo inovador de comercializa\u00e7\u00e3o.<\/p>&nbsp;&nbsp;\n<p>Para ampliar o trabalho j\u00e1 em desenvolvimento, a emissora anuncia ainda a contrata\u00e7\u00e3o do executivo Juca Campos, que atuar\u00e1 diretamente no mercado de grandes ag\u00eancias, atendendo aos maiores anunciantes do pa\u00eds ao lado de <span class=\"xn-person\">Henrique Collor<\/span>, integrando a equipe de Value Creation Directors da RedeTV! &#8211; que reporta ao Neto e \u00e9 composta ainda por Nicole Rojais de Carvalho e Duilio Montanarini.<\/p>&nbsp;&nbsp;\n<p>&#8220;<em>Estou com muito orgulho, muita determina\u00e7\u00e3o e muita garra. Vejo esse desafio como algo verdadeiramente novo, uma oportunidade de crescimento em minha carreira. Quero contribuir ao m\u00e1ximo com essa trajet\u00f3ria de sucesso e aprender muito&#8221;,<\/em> destaca Juca Campos, que possui ampla experi\u00eancia no meio televisivo, registrando passagens pelo SBT e pela Band.<\/p>&nbsp;&nbsp;\n<p>Jornalista respons\u00e1vel; <span class=\"xn-person\">Beatrice Vergili da Costa<\/span> 11 <a href=\"tel:+55%2011%203306-1119\" rel=\"nofollow noopener noreferrer\" target=\"_blank\">+55 11 3306.1119<\/a><\/p>\n<p>(Foto: <a href=\"http:\/\/www2.prnewswire.com.br\/imgs\/pub\/2018-03-29\/original\/4130.jpg\" rel=\"nofollow noopener noreferrer\" target=\"_blank\">http:\/\/www2.prnewswire.com.br\/imgs\/pub\/2018-03-29\/original\/4130.jpg<\/a>)<br \/>Legenda da foto:&nbsp;&nbsp;Amilcare Dallevo Neto e equipe<\/p>\n<p>FONTE Rede TV!<\/p>\n","protected":false},"excerpt":{"rendered":"<p>S\u00c3O PAULO, 29 de mar\u00e7o de&nbsp;2018 &#8212; Dando sequ\u00eancia ao projeto de fortalecimento de identidade&#8230;<\/p>\n","protected":false},"author":1,"featured_media":0,"comment_status":"open","ping_status":"open","sticky":false,"template":"","format":"standard","meta":{"fifu_image_url":"","fifu_image_alt":"","footnotes":""},"categories":[8725],"tags":[],"class_list":["post-76322","post","type-post","status-publish","format-standard","hentry","category-geralmercado","wpcat-8725-id"],"_links":{"self":[{"href":"https:\/\/verde-amarelo.net\/verdeamarelo\/wp-json\/wp\/v2\/posts\/76322","targetHints":{"allow":["GET"]}}],"collection":[{"href":"https:\/\/verde-amarelo.net\/verdeamarelo\/wp-json\/wp\/v2\/posts"}],"about":[{"href":"https:\/\/verde-amarelo.net\/verdeamarelo\/wp-json\/wp\/v2\/types\/post"}],"author":[{"embeddable":true,"href":"https:\/\/verde-amarelo.net\/verdeamarelo\/wp-json\/wp\/v2\/users\/1"}],"replies":[{"embeddable":true,"href":"https:\/\/verde-amarelo.net\/verdeamarelo\/wp-json\/wp\/v2\/comments?post=76322"}],"version-history":[{"count":0,"href":"https:\/\/verde-amarelo.net\/verdeamarelo\/wp-json\/wp\/v2\/posts\/76322\/revisions"}],"wp:attachment":[{"href":"https:\/\/verde-amarelo.net\/verdeamarelo\/wp-json\/wp\/v2\/media?parent=76322"}],"wp:term":[{"taxonomy":"category","embeddable":true,"href":"https:\/\/verde-amarelo.net\/verdeamarelo\/wp-json\/wp\/v2\/categories?post=76322"},{"taxonomy":"post_tag","embeddable":true,"href":"https:\/\/verde-amarelo.net\/verdeamarelo\/wp-json\/wp\/v2\/tags?post=76322"}],"curies":[{"name":"wp","href":"https:\/\/api.w.org\/{rel}","templated":true}]}}